{"id":46976,"date":"2023-12-06T22:01:02","date_gmt":"2023-12-07T04:01:02","guid":{"rendered":"https:\/\/radiozapatista.org\/?p=46976"},"modified":"2023-12-16T07:33:58","modified_gmt":"2023-12-16T13:33:58","slug":"ezln-diecisieteava-parte-nunca-mas","status":"publish","type":"post","link":"https:\/\/radiozapatista.org\/?p=46976","title":{"rendered":"EZLN | Diecisieteava parte: Nunca M\u00e1s\u2026"},"content":{"rendered":"<p>&nbsp;<\/p>\n<p><iframe loading=\"lazy\" title=\"Diecisieteava parte: Nunca M\u00e1s\u2026\" src=\"https:\/\/player.vimeo.com\/video\/892075615?dnt=1&amp;app_id=122963\" width=\"500\" height=\"280\" frameborder=\"0\" allow=\"autoplay; fullscreen; picture-in-picture; clipboard-write\"><\/iframe><\/p>\n<p style=\"text-align: center;\"><strong>Diecisieteava parte: Nunca M\u00e1s\u2026<br \/>\n<\/strong>Tercios Compas y El Capit\u00e1n.<\/p>\n<p>La memoria no es s\u00f3lo el alimento de la digna rabia, es tambi\u00e9n ra\u00edz del \u00e1rbol de la dignidad y la rebeld\u00eda.\u00a0 En el caso de los pueblos originarios, es una ra\u00edz que se hunde en siglos de oscuridad, y que, con los pueblos del mundo, dice y se dice: \u201c<strong><em>nunca m\u00e1s<\/em><\/strong>\u201d.<\/p>\n<p>Los de arriba miran el pasado con la misma nostalgia con la que el humano maduro ve las fotos de su nacimiento e infancia.<\/p>\n<p>Los de abajo se asoman al pasado con rabia.\u00a0 Como si cada humillaci\u00f3n, cada herida, cada afrenta, cada burla, cada muerte fueran parte de una llaga presente que hay que sanar.<\/p>\n<p>Los de arriba as\u00ed eligen a sus h\u00e9roes, y parten y reparten la historia donde ellos son la culminaci\u00f3n del todo.\u00a0 Disfrazan como \u201cjusticia\u201d lo que no son m\u00e1s que limosnas.<\/p>\n<p>Los de abajo ven la historia como una sola p\u00e1gina que no se termina de escribir a\u00fan, y no hay h\u00e9roes, s\u00f3lo una constante reescritura donde cambia la mano que traza garabatos, pero no el coraz\u00f3n colectivo que dicta horrores y errores, y, claro, cuentas por cobrar.<\/p>\n<p>Los pueblos zapatistas, cuando miran al pasado, miran y hablan a sus muertos.\u00a0 Les piden que cuestionen el presente -con ellos incluidos-.\u00a0 Y as\u00ed es como se asoman al futuro.<\/p>\n<p>As\u00ed luchan y viven las comunidades zapatistas, que no han le\u00eddo a Walter Benjamin.\u00a0 Y creo no lo necesitan\u2026<\/p>\n<p style=\"text-align: center;\"><strong>-*-<\/strong><\/p>\n<p>J\u00f3venas y j\u00f3venes zapatistas practicando una obra de teatro que describe, no un pasado lejano, sino algo que era cotidiano apenas hace unos 40 a\u00f1os en Chiapas.\u00a0 En otras partes de M\u00e9xico y el Mundo, es el presente\u2026 y tal vez el futuro.\u00a0 Cuando el zapatismo dice que est\u00e1 contra el sistema patriarcal, no lo hace por moda, novedad o asunto de correcci\u00f3n pol\u00edtica.\u00a0 Lo hace por memoria.\u00a0 Y, queridos amigos y enemigos, pocas cosas son tan subversivas como la memoria\u2026 y la dignidad.<\/p>\n<p>Ensayo preparatorio para la celebraci\u00f3n de los 30 a\u00f1os del inicio de la guerra contra el olvido.\u00a0 Im\u00e1genes cortes\u00eda de los Tercios Compas, copyleft diciembre del 2023.\u00a0 M\u00fasica de Le\u00f3n Gieco \u201cLa Memoria\u201d, voces de Le\u00f3n Gieco y V\u00edctor Heredia.\u00a0 Abrazando a toda latinoam\u00e9rica, la que se escribe y se vive con min\u00fasculas, la de abajo pues, la hermana a pesar de fronteras y gobiernos neoliberales y progresistas.<\/p>\n<p><img loading=\"lazy\" decoding=\"async\" class=\"alignnone wp-image-24439\" src=\"https:\/\/i0.wp.com\/enlacezapatista.ezln.org.mx\/wp-content\/uploads\/2023\/11\/firma.png?resize=306%2C248&amp;ssl=1\" sizes=\"auto, (max-width: 306px) 100vw, 306px\" srcset=\"https:\/\/i0.wp.com\/enlacezapatista.ezln.org.mx\/wp-content\/uploads\/2023\/11\/firma.png?resize=640%2C518&amp;ssl=1 640w, https:\/\/i0.wp.com\/enlacezapatista.ezln.org.mx\/wp-content\/uploads\/2023\/11\/firma.png?resize=1024%2C828&amp;ssl=1 1024w, https:\/\/i0.wp.com\/enlacezapatista.ezln.org.mx\/wp-content\/uploads\/2023\/11\/firma.png?resize=768%2C621&amp;ssl=1 768w, https:\/\/i0.wp.com\/enlacezapatista.ezln.org.mx\/wp-content\/uploads\/2023\/11\/firma.png?w=1136&amp;ssl=1 1136w\" alt=\"\" width=\"306\" height=\"248\" data-attachment-id=\"24439\" data-permalink=\"https:\/\/enlacezapatista.ezln.org.mx\/2023\/10\/29\/segunda-parte-los-muertos-estornudan\/firma-2\/\" data-orig-file=\"https:\/\/i0.wp.com\/enlacezapatista.ezln.org.mx\/wp-content\/uploads\/2023\/11\/firma.png?fit=1136%2C919&amp;ssl=1\" data-orig-size=\"1136,919\" data-comments-opened=\"1\" data-image-meta=\"{&quot;aperture&quot;:&quot;0&quot;,&quot;credit&quot;:&quot;&quot;,&quot;camera&quot;:&quot;&quot;,&quot;caption&quot;:&quot;&quot;,&quot;created_timestamp&quot;:&quot;0&quot;,&quot;copyright&quot;:&quot;&quot;,&quot;focal_length&quot;:&quot;0&quot;,&quot;iso&quot;:&quot;0&quot;,&quot;shutter_speed&quot;:&quot;0&quot;,&quot;title&quot;:&quot;&quot;,&quot;orientation&quot;:&quot;0&quot;}\" data-image-title=\"firma\" data-image-description=\"\" data-image-caption=\"\" data-medium-file=\"https:\/\/i0.wp.com\/enlacezapatista.ezln.org.mx\/wp-content\/uploads\/2023\/11\/firma.png?fit=640%2C518&amp;ssl=1\" data-large-file=\"https:\/\/i0.wp.com\/enlacezapatista.ezln.org.mx\/wp-content\/uploads\/2023\/11\/firma.png?fit=1024%2C828&amp;ssl=1\" data-recalc-dims=\"1\" \/><\/p>\n<p>El Capit\u00e1n.<br \/>\nM\u00e9xico, diciembre del 2023.\u00a0 40, 30, 20, 10, 2, 1 a\u00f1o, un mes despu\u00e9s.<\/p>","protected":false},"excerpt":{"rendered":"<p>&nbsp; Diecisieteava parte: Nunca M\u00e1s\u2026 Tercios Compas y El Capit\u00e1n. La memoria no es s\u00f3lo el alimento de la digna rabia, es tambi\u00e9n ra\u00edz del \u00e1rbol de la dignidad y la rebeld\u00eda.\u00a0 En el caso de los pueblos originarios, es una ra\u00edz que se hunde en siglos de oscuridad, y que, con los pueblos del [&hellip;]<\/p>\n","protected":false},"author":21,"featured_media":46977,"comment_status":"open","ping_status":"closed","sticky":false,"template":"","format":"standard","meta":{"footnotes":""},"categories":[957,51,6,955,118,958,954,962,935],"tags":[79,917,644,36,58,926,53,567,147,23,37,545,87,148,27,483],"class_list":["post-46976","post","type-post","status-publish","format-standard","has-post-thumbnail","hentry","category-autonomia","category-autor","category-chiapas","category-ezln-temas","category-ezln","category-megaproyectos","category-mexico","category-presos","category-temas","tag-autonomia","tag-chiapas","tag-comunicados-ezln","tag-comunidades-zapatistas","tag-derechos-humanos","tag-ezln","tag-justicia","tag-megaproyectos","tag-militarizacion","tag-paramilitares","tag-presos-politicos","tag-pueblos-indigenas","tag-represion","tag-resistencia","tag-solidaridad","tag-tierra-y-territorio"],"_links":{"self":[{"href":"https:\/\/radiozapatista.org\/index.php?rest_route=\/wp\/v2\/posts\/46976","targetHints":{"allow":["GET"]}}],"collection":[{"href":"https:\/\/radiozapatista.org\/index.php?rest_route=\/wp\/v2\/posts"}],"about":[{"href":"https:\/\/radiozapatista.org\/index.php?rest_route=\/wp\/v2\/types\/post"}],"author":[{"embeddable":true,"href":"https:\/\/radiozapatista.org\/index.php?rest_route=\/wp\/v2\/users\/21"}],"replies":[{"embeddable":true,"href":"https:\/\/radiozapatista.org\/index.php?rest_route=%2Fwp%2Fv2%2Fcomments&post=46976"}],"version-history":[{"count":4,"href":"https:\/\/radiozapatista.org\/index.php?rest_route=\/wp\/v2\/posts\/46976\/revisions"}],"predecessor-version":[{"id":47034,"href":"https:\/\/radiozapatista.org\/index.php?rest_route=\/wp\/v2\/posts\/46976\/revisions\/47034"}],"wp:featuredmedia":[{"embeddable":true,"href":"https:\/\/radiozapatista.org\/index.php?rest_route=\/wp\/v2\/media\/46977"}],"wp:attachment":[{"href":"https:\/\/radiozapatista.org\/index.php?rest_route=%2Fwp%2Fv2%2Fmedia&parent=46976"}],"wp:term":[{"taxonomy":"category","embeddable":true,"href":"https:\/\/radiozapatista.org\/index.php?rest_route=%2Fwp%2Fv2%2Fcategories&post=46976"},{"taxonomy":"post_tag","embeddable":true,"href":"https:\/\/radiozapatista.org\/index.php?rest_route=%2Fwp%2Fv2%2Ftags&post=46976"}],"curies":[{"name":"wp","href":"https:\/\/api.w.org\/{rel}","templated":true}]}}