{"id":46913,"date":"2023-11-27T13:04:45","date_gmt":"2023-11-27T19:04:45","guid":{"rendered":"https:\/\/radiozapatista.org\/?p=46913"},"modified":"2023-11-27T13:04:45","modified_gmt":"2023-11-27T19:04:45","slug":"bloqueo-de-la-comunidad-de-buena-vista-en-exigencia-de-justicia-alto-a-los-crimenes-cometidos-en-las-comunidades-indigenas-y-en-todo-el-pueblo-de-guerrero","status":"publish","type":"post","link":"https:\/\/radiozapatista.org\/?p=46913","title":{"rendered":"Bloqueo de la comunidad de Buena Vista en exigencia de Justicia, Alto a los cr\u00edmenes cometidos en las comunidades ind\u00edgenas y en todo el pueblo de Guerrero"},"content":{"rendered":"<p><\/p>\n<div class=\"post-content-container\">\n<div class=\"post-content entry-content cf\">\n<p>AL PUEBLO DE M\u00c9XICO<br \/>\nAL PUEBLO DE GUERRERO<br \/>\nAL CONGRESO NACIONAL E IND\u00cdGENA.<br \/>\nAL EJERCITO ZAPATISTA DE LIBERACION NACIONAL<br \/>\nA LAS ORGANIZACIONES SOCIALES<br \/>\nA LAS ORGANIZACIONES DEFENSORAS DE DERECHOS HUMANOS.<br \/>\nA LA RED DE RESISTENCIAS DE LOS PUEBLOS<br \/>\nA ORGANISMO INTERNACIONAL DEFENSORES DE DERECHOS HUMANOS<br \/>\nA LOS MEDIOS DE COMUNICACI\u00d3N LIBRES E INDEPENDIENTES.<\/p>\n<p>La lucha de los pueblos ind\u00edgenas de Guerrero se remonta a 533 a\u00f1os de resistencias, nosotros como pueblos originarios hist\u00f3ricamente hemos sido explotados, olvidados, marginados, discriminados, es de recordar la Guerra Sucia que libro el Gobierno Federal en contra de los movimientos sociales y lideres campesinos los maestros Genaro V\u00e1zquez Rojas y Lucio Caba\u00f1a Barrientos, los cuales visibilizaron las condiciones en que siempre estado sometidos, lucharon por la justicia social y los derechos humanos, motivo por el cual los asesinaron.<\/p>\n<p>Las condiciones en las que vivimos actualmente no han cambiado, por el contrario, ahora somos asediados no solo por el gobierno, sino tambi\u00e9n por los grupos Narco paramilitares como los Ardillos, los cuales asesinan, desaparecen periodistas maestros, comerciantes, doctores, j\u00f3venes, estudiantes campesinos, todo con complicidad del Estado, trabajan en las regiones de la monta\u00f1a alta, monta\u00f1a baja, costa chica, costa grande.<\/p>\n<p>A falta de la seguridad que deber\u00eda garantizar el estado, en 1995 se crearon las polic\u00edas comunitarias encargadas de brindar la seguridad interna dentro de nuestros territorios y comunidades, somos producto de la resistencia ante los malos gobiernos.<\/p>\n<p>Es as\u00ed como nos encontramos en resistencia y defensa de nuestro territorio, agua y de la vida, esta lucha es por todas las carencias que tenemos, falta m\u00e9dicos, maestros, centros de salud, alimentaci\u00f3n, educaci\u00f3n, seguridad, justicia, democracia y libertad. Como pueblos originarios construimos nuestra autonom\u00eda, realizando denuncias de las violaciones de derechos humanos as\u00ed como los cr\u00edmenes que se comenten en nuestras comunidades, esto no ha llevado a perder la vida, nos asesinan, nos desaparecen, estamos en un estado de ingobernabilidad, el cuales muy visible para el mal gobierno autodenominado 4T, ya que ellos est\u00e1n coludidos con la delincuencia organizada, permitiendo todas las violaciones de derechos humanos y de Derechos de los pueblos ind\u00edgenas. No respetan nuestra constituci\u00f3n el articulo 2 y 39, su obligaci\u00f3n a la que se comprometieron al firmar y ratificar Tratados Internacionales, como ejemplo el Convenio 169 Organizaci\u00f3n Internacional del Trabajo (OIT), en el cual se establece que los \u201c\u2026pueblos ind\u00edgenas y deber\u00e1n gozar plenamente de los derechos humanos y libertades fundamentales, sin obst\u00e1culos ni discriminaci\u00f3n\u2026\u201d<\/p>\n<p>Al presidente de la rep\u00fablica Andr\u00e9s Manuel L\u00f3pez Obrador solo le interesa no perder su popularidad en las aproximas elecciones presidenciales, prestando o\u00eddos sordos a nuestras exigencias de justician y alto a los cr\u00edmenes cometidos en nuestra contra.<\/p>\n<p>Queremos hacer especial \u00e9nfasis en la Polic\u00edas Municipal, Polic\u00eda Estatal, Guardia Nacional y Ejercito, aqu\u00ed en Guerrero, los cuales no sirven de nada para brindarnos seguridad, solo sirven de operadores de los grupos del narcotr\u00e1fico, filtrando informaci\u00f3n para ser blanco f\u00e1cil de estos grupos delincuenciales.<\/p>\n<p>Tal es el caso del dirigente ind\u00edgena y luchador social BRUNO PLACIDO VALERIO y su acompa\u00f1ante ABAD RUIZ GARCIA, quienes fueron asesinados en la secretaria de Salud en Chilpancingo, siendo esta una instituci\u00f3n de gobierno que deb\u00eda estar vigilada y casualmente no se encontraba ning\u00fan elemento, la fiscal\u00eda a sido omisa en dar seguimiento a la carpeta de investigaci\u00f3n, dejando en claro que no le interesa el esclarecimiento de los asesinatos, ni dar con los autores intelectuales.<\/p>\n<p>Exigimos justicia ante estos asesinatos, quien fuera un luchador social, fundador del sistema comunitario de la costa chica, fundador de la polic\u00eda comunitaria, conjuntamente con CIRINO PL\u00c1CIDO VALERIO, PADRE MARIO CAMPO, fundadores de la CRAC-PC en la costa chica monta\u00f1a y otro compa\u00f1eros; durante su activismo gestion\u00f3 obra para las comunidades, luchado por falta de maestro, de hospitales, de m\u00e9dico, y de la necesidades en que viv\u00eda el pueblo y todo eso lo cost\u00f3 la vida, por parte del crimen organizado y el estado.<\/p>\n<p>El presidente de la rep\u00fablica se presenta, entregando obras de iniciativa privada, evadiendo las principales problem\u00e1ticas que sufre Guerrero, es por eso por lo que le decimos se\u00f1or presidente, que no nos vamos a callar, no permitiremos mas desapariciones, asesinatos, desplazamientos forzados, inseguridad y complicidad de las autoridades.<\/p>\n<p>Llamamos a todos los pueblos originarios organizarse, nosotros como pueblos, amuzgo, \u00d1u savii, Me\u00b4phaa, Nahua, \u00d1omda\u00e1 Afromexicano y Mestizo, este lunes 27 de noviembre vamos alzar la voz, exigir justicia, alto a los cr\u00edmenes cometidos en las comunidades ind\u00edgenas y en todo el pueblo de Guerrero, alto a los asesinatos de periodistas, defensores de derechos humanos, alto al cobro de cuotas, basta de asesinatos a lideres campesinos, que alzan la voz para defender los derechos arrebatados.<\/p>\n<p>As\u00ed tambi\u00e9n exigimos un alto a la inseguridad y violencia que se vive en todas las regiones de Guerrero, hacemos un llamado a las comunidades aleda\u00f1as, costa chica, costa monta\u00f1a, monta\u00f1a alta, monta\u00f1a baja, a las organizaciones sociales y defensoras de derechos humanos, as\u00ed como aquellas personas que sientan la necesidad de parar este estado de guerra en el que actualmente vivimos, se sumen al movimiento, que se organicen, dejemos en claro a todas las autoridades que ya estamos hartos de sus mentiras, de sus burlas, de su falta de inter\u00e9s para las comunidades ind\u00edgenas y la poblaci\u00f3n en general. Ya que son muchos los asesinados por el crimen organizado en Guerrero sin tener respuesta alguna por parte de la fiscal\u00eda y su ineficiencia.<\/p>\n<p>Por lo tanto, les informamos que iniciamos un bloqueo desde hoy, 27 de noviembre y cerraremos las carreteras de puente de Marquelia Pinotepa y Acapulco indefinidamente hasta que se presenten las autoridades competentes.<\/p>\n<p>ATENTAMENTE<br \/>\nComunidad de Buena vista, municipio San Luis Acatl\u00e1n, Guerrero,<br \/>\nM\u00e9xico y pueblos originarios de Guerrero.<\/p>\n<p>\u00a1VIVA LUCIO CABA\u00d1AS!<br \/>\n\u00a1VIVA GENARO VAZQUEZ!<br \/>\n\u00a1VIVA EL CONGRESO NACIONAL INDIGENA!<br \/>\n\u00a1VIVA EL EJERCITO ZAPATISTA DE LIBERACION NACIONAL!<\/p>\n<p>EXIGIMOS JUSTICIA PARA BRUNO PLACIDO VALERIO Y<br \/>\nABAD RUIZ GARCIA!<br \/>\n\u00a1JUSTICIA!<br \/>\n\u00a1JUSTICIA!<br \/>\n\u00a1JUSTICIA!<\/p>\n<\/div>\n\n\t\t<style type=\"text\/css\">\n\t\t\t#gallery-1 {\n\t\t\t\tmargin: auto;\n\t\t\t}\n\t\t\t#gallery-1 .gallery-item {\n\t\t\t\tfloat: left;\n\t\t\t\tmargin-top: 10px;\n\t\t\t\ttext-align: center;\n\t\t\t\twidth: 33%;\n\t\t\t}\n\t\t\t#gallery-1 img {\n\t\t\t\tborder: 2px solid #cfcfcf;\n\t\t\t}\n\t\t\t#gallery-1 .gallery-caption {\n\t\t\t\tmargin-left: 0;\n\t\t\t}\n\t\t\t\/* see gallery_shortcode() in wp-includes\/media.php *\/\n\t\t<\/style>\n\t\t<div id='gallery-1' class='gallery galleryid-46913 gallery-columns-3 gallery-size-thumbnail'><dl class='gallery-item'>\n\t\t\t<dt class='gallery-icon landscape'>\n\t\t\t\t<a href='https:\/\/radiozapatista.org\/?attachment_id=46915'><img loading=\"lazy\" decoding=\"async\" width=\"150\" height=\"150\" src=\"https:\/\/radiozapatista.org\/wp-content\/uploads\/2023\/11\/buenavista4-150x150.jpeg\" class=\"attachment-thumbnail size-thumbnail\" alt=\"\" \/><\/a>\n\t\t\t<\/dt><\/dl><dl class='gallery-item'>\n\t\t\t<dt class='gallery-icon landscape'>\n\t\t\t\t<a href='https:\/\/radiozapatista.org\/?attachment_id=46916'><img loading=\"lazy\" decoding=\"async\" width=\"150\" height=\"150\" src=\"https:\/\/radiozapatista.org\/wp-content\/uploads\/2023\/11\/buenavista3-150x150.jpeg\" class=\"attachment-thumbnail size-thumbnail\" alt=\"\" \/><\/a>\n\t\t\t<\/dt><\/dl><dl class='gallery-item'>\n\t\t\t<dt class='gallery-icon landscape'>\n\t\t\t\t<a href='https:\/\/radiozapatista.org\/?attachment_id=46917'><img loading=\"lazy\" decoding=\"async\" width=\"150\" height=\"150\" src=\"https:\/\/radiozapatista.org\/wp-content\/uploads\/2023\/11\/buenavista2-150x150.jpeg\" class=\"attachment-thumbnail size-thumbnail\" alt=\"\" \/><\/a>\n\t\t\t<\/dt><\/dl><br style=\"clear: both\" \/><dl class='gallery-item'>\n\t\t\t<dt class='gallery-icon landscape'>\n\t\t\t\t<a href='https:\/\/radiozapatista.org\/?attachment_id=46918'><img loading=\"lazy\" decoding=\"async\" width=\"150\" height=\"150\" src=\"https:\/\/radiozapatista.org\/wp-content\/uploads\/2023\/11\/buenavista1-150x150.jpeg\" class=\"attachment-thumbnail size-thumbnail\" alt=\"\" \/><\/a>\n\t\t\t<\/dt><\/dl>\n\t\t\t<br style='clear: both' \/>\n\t\t<\/div>\n\n<\/div>\n<p><\/p>","protected":false},"excerpt":{"rendered":"<p>AL PUEBLO DE M\u00c9XICO AL PUEBLO DE GUERRERO AL CONGRESO NACIONAL E IND\u00cdGENA. AL EJERCITO ZAPATISTA DE LIBERACION NACIONAL A LAS ORGANIZACIONES SOCIALES A LAS ORGANIZACIONES DEFENSORAS DE DERECHOS HUMANOS. A LA RED DE RESISTENCIAS DE LOS PUEBLOS A ORGANISMO INTERNACIONAL DEFENSORES DE DERECHOS HUMANOS A LOS MEDIOS DE COMUNICACI\u00d3N LIBRES E INDEPENDIENTES. La lucha [&hellip;]<\/p>\n","protected":false},"author":21,"featured_media":46914,"comment_status":"open","ping_status":"closed","sticky":false,"template":"","format":"standard","meta":{"footnotes":""},"categories":[957,51,826,958,954,962,935],"tags":[79,58,53,567,147,23,37,545,87,148,27,483],"class_list":["post-46913","post","type-post","status-publish","format-standard","has-post-thumbnail","hentry","category-autonomia","category-autor","category-medios-libres-2","category-megaproyectos","category-mexico","category-presos","category-temas","tag-autonomia","tag-derechos-humanos","tag-justicia","tag-megaproyectos","tag-militarizacion","tag-paramilitares","tag-presos-politicos","tag-pueblos-indigenas","tag-represion","tag-resistencia","tag-solidaridad","tag-tierra-y-territorio"],"_links":{"self":[{"href":"https:\/\/radiozapatista.org\/index.php?rest_route=\/wp\/v2\/posts\/46913","targetHints":{"allow":["GET"]}}],"collection":[{"href":"https:\/\/radiozapatista.org\/index.php?rest_route=\/wp\/v2\/posts"}],"about":[{"href":"https:\/\/radiozapatista.org\/index.php?rest_route=\/wp\/v2\/types\/post"}],"author":[{"embeddable":true,"href":"https:\/\/radiozapatista.org\/index.php?rest_route=\/wp\/v2\/users\/21"}],"replies":[{"embeddable":true,"href":"https:\/\/radiozapatista.org\/index.php?rest_route=%2Fwp%2Fv2%2Fcomments&post=46913"}],"version-history":[{"count":1,"href":"https:\/\/radiozapatista.org\/index.php?rest_route=\/wp\/v2\/posts\/46913\/revisions"}],"predecessor-version":[{"id":46919,"href":"https:\/\/radiozapatista.org\/index.php?rest_route=\/wp\/v2\/posts\/46913\/revisions\/46919"}],"wp:featuredmedia":[{"embeddable":true,"href":"https:\/\/radiozapatista.org\/index.php?rest_route=\/wp\/v2\/media\/46914"}],"wp:attachment":[{"href":"https:\/\/radiozapatista.org\/index.php?rest_route=%2Fwp%2Fv2%2Fmedia&parent=46913"}],"wp:term":[{"taxonomy":"category","embeddable":true,"href":"https:\/\/radiozapatista.org\/index.php?rest_route=%2Fwp%2Fv2%2Fcategories&post=46913"},{"taxonomy":"post_tag","embeddable":true,"href":"https:\/\/radiozapatista.org\/index.php?rest_route=%2Fwp%2Fv2%2Ftags&post=46913"}],"curies":[{"name":"wp","href":"https:\/\/api.w.org\/{rel}","templated":true}]}}