{"id":46874,"date":"2023-11-17T15:11:19","date_gmt":"2023-11-17T21:11:19","guid":{"rendered":"https:\/\/radiozapatista.org\/?p=46874"},"modified":"2023-11-17T15:11:19","modified_gmt":"2023-11-17T21:11:19","slug":"comunicado-de-la-comunidad-otomi-residente-en-cdmx-a-40-anos-de-la-fundacion-del-ejercito-zapatista-de-liberacion-nacional-ezln","status":"publish","type":"post","link":"https:\/\/radiozapatista.org\/?p=46874","title":{"rendered":"Comunicado de la Comunidad Otom\u00ed residente en CDMX a 40 a\u00f1os de la fundaci\u00f3n del Ej\u00e9rcito Zapatista de Liberaci\u00f3n Nacional (EZLN)"},"content":{"rendered":"<p>Al CCRI-CG-EZLN<\/p>\n<p>Al Ej\u00e9rcito Zapatista de Liberaci\u00f3n Nacional<\/p>\n<p>A la Comisi\u00f3n Sexta del EZLN<\/p>\n<p>Al SubComandante Insurgente Mois\u00e9s<\/p>\n<p>Al Capit\u00e1n Insurgente Marcos<\/p>\n<p>A los Gobiernos Aut\u00f3nomos Locales, GAL<\/p>\n<p>A los Colectivos de Gobiernos Aut\u00f3nomos Zapatistas, CGAZ<\/p>\n<p>A las Asambleas de Colectivos de Gobiernos Aut\u00f3nomos ZAPATISTAS, ACGAZ<\/p>\n<p>Al Congreso Nacional Ind\u00edgena-Concejo Ind\u00edgena de Gobierno<\/p>\n<p>A Ma. de Jes\u00fas Patricio Mart\u00ednez, Vocera del CNI-CIG<\/p>\n<p>A los Pueblos del Mundo que resisten contra el sistema Capitalista y Patriarcal<\/p>\n<p>A los Pueblos, Tribus, Naciones, Comunidades y Barrios Originarios<\/p>\n<p>que nunca fueron conquistados<\/p>\n<p>A la Sexta Nacional e Internacional<\/p>\n<p>A las Redes de Resistencia y Rebeld\u00eda<\/p>\n<p>A la Europa Insumisa, Digna y Rebelde<\/p>\n<p>A quienes suscribieron la Declaraci\u00f3n por la Vida<\/p>\n<p>A las Madres y Padres de nuestros 43 Normalistas de Ayotzinapa<\/p>\n<p>A los medios libres, independientes, alternativos o como se llamen\u2026<\/p>\n<p>Hermanas y hermanos, tod@s<\/p>\n<p>A 40 a\u00f1os de la fundaci\u00f3n del Ej\u00e9rcito Zapatista de Liberaci\u00f3n Nacional, EZLN y<\/p>\n<p>en la v\u00edspera de cumplir 30 a\u00f1os del Levantamiento Zapatista\u2026,<\/p>\n<p>NOSOSTR@S DECIMOS, NO EST\u00c1N SOL@S<\/p>\n<p>Seguiremos caminando con Resistencia y Rebeld\u00eda, seguiremos construyendo un mundo donde quepan muchos mundos, seguiremos luchando contra este sistema capitalista y patriarcal que impone militarizaci\u00f3n, para salvaguardar sus megaproyectos de muerte y destrucci\u00f3n, seguiremos resistiendo, porque nuestra lucha es contra el despojo del territorio, la madres tierra y la vida.<\/p>\n<p>Hoy, en el marco de sus cumplea\u00f1os n\u00famero 40, y asumiendo que Den\u00ed somos tod@s, ustedes nos han dichos de manera muy puntual\u2026 \u201cYa podemos sobrevivir a la tormenta como comunidades zapatistas que somos. Pero ahora se trata no s\u00f3lo de eso, sino de atravesar \u00e9sta y otras tormentas que vienen, atravesar la noche, y llegar a esa ma\u00f1ana, dentro de 120 a\u00f1os, donde una ni\u00f1a empieza a aprender que ser libre es tambi\u00e9n ser responsable de esa libertad\u201d<\/p>\n<p>Nostr@s, desde la Casa de los Pueblos y Comunidades Ind\u00edgenas \u201cSamir Flores Soberanes\u201d, despu\u00e9s de 531 a\u00f1os de resistencia y rebeld\u00eda, hace tres a\u00f1os decidimos tomar las oficinas del \u201cindigenismos oficial, lugar donde despachaba el traidor de los pueblos, Adelfo Regino Montes, quien simulaba, representar a los pueblos y no los representa; nunca dise\u00f1\u00f3 ni promovi\u00f3 pol\u00edticas, programas, y acciones p\u00fablicas que garantizaran los derechos de los pueblos originarios y las comunidades indigenas, al contrario oficializ\u00f3 e institucionaliz\u00f3 el despojo de la Madres Tierra.<\/p>\n<p>Herman@s del Ej\u00e9rcito Zapatista de Liberaci\u00f3n Nacional, les decimos y reiteramos, que tomamos el INPI, tambi\u00e9n como un acto de repudio a los ataques paramilitares y a la guerra contrainsurgente en contra del EZLN y las Comunidades Zapatistas; as\u00ed mismo, en contra de la guerra y asesinato que se cometen contra los pueblos originarios y comunidades ind\u00edgenas pertenecientes al CNI-CIG<\/p>\n<p>Por todo ello, en este su cumplea\u00f1os, ratificamos nuestra vocaci\u00f3n de lucha, resistencia y nuestro paso firme a lado de ustedes. Sabremos sortear la tormenta que vivimos en esta urbe donde solo cuentan las cifras y el Folklore como ganancia pol\u00edtico-electoral, vivimos en una \u201cCiudad Innovadora y de Derechos\u201d que solo justifica el despojo y la gentrificaci\u00f3n; es decir, los pueblos originarios y comunidades ind\u00edgenas no contamos, no nos cent no nos escuchan. Es por ello que, recordando lo que el SubComandante Insurgente Mois\u00e9s, dijera en 2020\u2026, \u00bfA qui\u00e9n le importa que un peque\u00f1o, peque\u00f1\u00edsimo, grupo de originarios, de ind\u00edgenas, viva, es decir, luche?<\/p>\n<p>Sin embargo, muy a pesar de ello, de su indiferencia gubernamental, aqu\u00ed estamos y resistimos.<\/p>\n<p>Por tanto reiteramos que No nos Vendemos, No Claudicamos y No Traicionamos<\/p>\n<p>ATENTAMENTE<\/p>\n<p>Zapata Vive, la Lucha Sigue<\/p>\n<p>Por la reconstituci\u00f3n integral de nuestros Pueblos<\/p>\n<p>Viva el Ej\u00e9rcito Zapatista de Liberaci\u00f3n Nacional<\/p>\n<p>Vivan los Gobiernos Aut\u00f3nomos Locales, GAL<\/p>\n<p>Vivan los Colectivos de Gobiernos Aut\u00f3nomos Zapatistas, CGAZ<\/p>\n<p>Vivan las Asambleas de Colectivos de Gobiernos Aut\u00f3nomos ZAPATISTAS, ACGAZ<\/p>\n<p>Nunca m\u00e1s una Ciudad sin sus pueblos y comunidades ind\u00edgenas<\/p>\n<p>Desde la Casa de los Pueblos y Comunidades Ind\u00edgenas \u201cSamir Flores Soberanes\u201d<\/p>\n<p>COMUNIDAD IND\u00cdGENA OTOM\u00cd RESIDENTE EN LA CDMX<\/p>\n<p>Ciudad de M\u00e9xico a 17 de noviembre de 2023<\/p>","protected":false},"excerpt":{"rendered":"<p>Al CCRI-CG-EZLN Al Ej\u00e9rcito Zapatista de Liberaci\u00f3n Nacional A la Comisi\u00f3n Sexta del EZLN Al SubComandante Insurgente Mois\u00e9s Al Capit\u00e1n Insurgente Marcos A los Gobiernos Aut\u00f3nomos Locales, GAL A los Colectivos de Gobiernos Aut\u00f3nomos Zapatistas, CGAZ A las Asambleas de Colectivos de Gobiernos Aut\u00f3nomos ZAPATISTAS, ACGAZ Al Congreso Nacional Ind\u00edgena-Concejo Ind\u00edgena de Gobierno A Ma. [&hellip;]<\/p>\n","protected":false},"author":21,"featured_media":46875,"comment_status":"open","ping_status":"closed","sticky":false,"template":"","format":"standard","meta":{"footnotes":""},"categories":[957,51,6,955,826,954,935],"tags":[79,917,36,58,926,53,567,147,23,37,545,87,148,27,483],"class_list":["post-46874","post","type-post","status-publish","format-standard","has-post-thumbnail","hentry","category-autonomia","category-autor","category-chiapas","category-ezln-temas","category-medios-libres-2","category-mexico","category-temas","tag-autonomia","tag-chiapas","tag-comunidades-zapatistas","tag-derechos-humanos","tag-ezln","tag-justicia","tag-megaproyectos","tag-militarizacion","tag-paramilitares","tag-presos-politicos","tag-pueblos-indigenas","tag-represion","tag-resistencia","tag-solidaridad","tag-tierra-y-territorio"],"_links":{"self":[{"href":"https:\/\/radiozapatista.org\/index.php?rest_route=\/wp\/v2\/posts\/46874","targetHints":{"allow":["GET"]}}],"collection":[{"href":"https:\/\/radiozapatista.org\/index.php?rest_route=\/wp\/v2\/posts"}],"about":[{"href":"https:\/\/radiozapatista.org\/index.php?rest_route=\/wp\/v2\/types\/post"}],"author":[{"embeddable":true,"href":"https:\/\/radiozapatista.org\/index.php?rest_route=\/wp\/v2\/users\/21"}],"replies":[{"embeddable":true,"href":"https:\/\/radiozapatista.org\/index.php?rest_route=%2Fwp%2Fv2%2Fcomments&post=46874"}],"version-history":[{"count":1,"href":"https:\/\/radiozapatista.org\/index.php?rest_route=\/wp\/v2\/posts\/46874\/revisions"}],"predecessor-version":[{"id":46876,"href":"https:\/\/radiozapatista.org\/index.php?rest_route=\/wp\/v2\/posts\/46874\/revisions\/46876"}],"wp:featuredmedia":[{"embeddable":true,"href":"https:\/\/radiozapatista.org\/index.php?rest_route=\/wp\/v2\/media\/46875"}],"wp:attachment":[{"href":"https:\/\/radiozapatista.org\/index.php?rest_route=%2Fwp%2Fv2%2Fmedia&parent=46874"}],"wp:term":[{"taxonomy":"category","embeddable":true,"href":"https:\/\/radiozapatista.org\/index.php?rest_route=%2Fwp%2Fv2%2Fcategories&post=46874"},{"taxonomy":"post_tag","embeddable":true,"href":"https:\/\/radiozapatista.org\/index.php?rest_route=%2Fwp%2Fv2%2Ftags&post=46874"}],"curies":[{"name":"wp","href":"https:\/\/api.w.org\/{rel}","templated":true}]}}