{"id":46868,"date":"2023-11-17T11:45:22","date_gmt":"2023-11-17T17:45:22","guid":{"rendered":"https:\/\/radiozapatista.org\/?p=46868"},"modified":"2023-11-17T11:47:27","modified_gmt":"2023-11-17T17:47:27","slug":"manuel-gomez-vazquez-libre","status":"publish","type":"post","link":"https:\/\/radiozapatista.org\/?p=46868","title":{"rendered":"\u00a1Manuel G\u00f3mez V\u00e1zquez Libre!"},"content":{"rendered":"<p><\/p>\n<table class=\"yiv6839747211main-content\" role=\"presentation\" border=\"0\" cellspacing=\"0\" cellpadding=\"0\">\n<tbody>\n<tr>\n<td>\n<div class=\"yiv6839747211post-body\">\n<div>\n<p>16 de noviembre del 2023<\/p>\n<p>Al Congreso Nacional Ind\u00edgena<\/p>\n<p>A la Sexta nacional e internacional<\/p>\n<p>A las Redes de Resistencias y Rebeld\u00edas<\/p>\n<p>A las personas que siembran Dignidad y Organizaci\u00f3n<\/p>\n<p>Compa\u00f1er@s, estamos felices de compartirles que nuestro compa\u00f1ero Manuel G\u00f3mez V\u00e1zquez, Base de Apoyo del EZLN, el d\u00eda de hoy 16 de noviembre del 2023, qued\u00f3 en libertad al demostrarse rotundamente la falsificaci\u00f3n de un delito que nunca cometi\u00f3.<\/p>\n<p>Su familia, digna e incansable, han estado junto a \u00e9l, d\u00e1ndole todo el apoyo para resistir d\u00eda a d\u00eda la tortura de estar injustamente privado de la libertad.<\/p>\n<p>Debemos aclarar que la libertad de Manuel no es una concesi\u00f3n del Estado mexicano, ni es prueba que el sistema de impartici\u00f3n de justicia funcione, muy al contrario, demuestra un Estado criminal con estructuras para reprimir, capaz de fabricar delitos. El proceso de la audiencia continu\u00f3 demostrando la maquinaria de tortura que es el sistema penal. Desde la acusaci\u00f3n por parte de un fiscal sin pruebas que s\u00f3lo por retrasar el proceso contin\u00faa pidiendo pr\u00f3rrogas para que sus testigos, que nunca llegaron, se aparezcan; hasta limitar el n\u00famero de observadores para entrar a la audiencia p\u00fablica, sin ninguna raz\u00f3n. Frente a todo su rid\u00edculo despliegue de poder la dignidad se hizo resonar y se col\u00f3 dentro de un tribunal corrupto para ganar una batalla y plantar un poco de vida entre tanta muerte.<\/p>\n<p>El tiempo robado a Manuel por parte del Estado mexicano y el gobierno en turno no lo podr\u00e1 recuperar nunca, pero la dignidad y su caminar en la resistencia jam\u00e1s se lo pudieron arrebatar. A pesar de tener a Manuel como reh\u00e9n por 2 a\u00f1os y 11 meses, por ser zapatista, resistir, organizarse y rebelarse a este sistema de muerte para luchar por la vida y construir autonom\u00eda.<\/p>\n<p>Ha sido la digna lucha de Manuel, su familia, y de todxs quienes se han sumado a ella lo que ha hecho posible esta victoria. Conocimos a Manuel en uno de los rincones m\u00e1s obscuros de este sistema de muerte, sin embargo nos ense\u00f1\u00f3 en cada visita su fortaleza, su dignidad, su caminar firme y una sonrisa que nos abrazaba de esperanza. Ha sido, es y ser\u00e1 un gran ejemplo para todxs nosotrxs.<\/p>\n<p>Queremos agradecerles a todxs quienes estuvieron al pendiente y se han sumado a esta lucha. Cada acto, cada v\u00eddeo, cada palabra,cada dibujo y cada gesto le hizo saber a Manuel y a su familia que no estaban solxs. De todo coraz\u00f3n, mil gracias compas.<\/p>\n<p>Sin embargo esto a\u00fan no ha acabado, son miles y miles lxs compas presxs pol\u00edticos que se encuentran en todo el mundo rehenes de los diferentes Estados, privadxs de su libertad por el grave delito de luchar por un mundo mejor.<\/p>\n<p>No olvidamos que nuestro compa\u00f1ero Manuel, sufri\u00f3 tortura f\u00edsica y psicol\u00f3gica, y estuvo secuestrado en prisi\u00f3n por el mal gobierno y sus estructuras burocr\u00e1ticas que funcionan para s\u00ed mismos. \u00c9stas mismas estructuras criminales tambi\u00e9n han mantenido secuestrado en prisi\u00f3n desde noviembre del a\u00f1o pasado, a nuestro compa\u00f1ero Jos\u00e9 D\u00edaz, maya Cho&#8217;l, Base de Apoyo del EZLN, acusado de un delito que no cometi\u00f3. Por lo que seguimos exigiendo su libertad inmediata e incondicional.<\/p>\n<p>&nbsp;<\/p>\n<p>\u00a1\u00a1No descansaremos hasta verlo en libertad!!<\/p>\n<p>Libertad a todxs lxs presxs pol\u00edticos<\/p>\n<p>\u00a1\u00a1La lucha sigue!<\/p>\n<p>Red de Resistencia y Rebeld\u00eda Ajmaq<\/p>\n<p>&nbsp;<\/p>\n<p><img loading=\"lazy\" decoding=\"async\" class=\"yiv6839747211alignnone yiv6839747211size-medium yiv6839747211wp-image-9989\" src=\"https:\/\/ecp.yusercontent.com\/mail?url=http%3A%2F%2Fwww.congresonacionalindigena.org%2Fwp-content%2Fuploads%2F2023%2F11%2F33_manuel01-206x300.png&amp;t=1700242451&amp;ymreqid=d41d8cd9-8f00-b204-1c20-5500a0011c00&amp;sig=5iqP1OzJOXfpiz90sUEZtw--~D\" alt=\"\" width=\"206\" height=\"300\" \/><img loading=\"lazy\" decoding=\"async\" class=\"yiv6839747211alignnone yiv6839747211size-medium yiv6839747211wp-image-9990\" src=\"https:\/\/ecp.yusercontent.com\/mail?url=http%3A%2F%2Fwww.congresonacionalindigena.org%2Fwp-content%2Fuploads%2F2023%2F11%2F33_manuel02-186x300.png&amp;t=1700242451&amp;ymreqid=d41d8cd9-8f00-b204-1c20-5500a0011c00&amp;sig=W5v9keKWUECQo8dWiQwH4g--~D\" alt=\"\" width=\"186\" height=\"300\" \/><img loading=\"lazy\" decoding=\"async\" class=\"yiv6839747211alignnone yiv6839747211size-medium yiv6839747211wp-image-9991\" src=\"https:\/\/ecp.yusercontent.com\/mail?url=http%3A%2F%2Fwww.congresonacionalindigena.org%2Fwp-content%2Fuploads%2F2023%2F11%2F33_manuel03-171x300.png&amp;t=1700242451&amp;ymreqid=d41d8cd9-8f00-b204-1c20-5500a0011c00&amp;sig=lobSGHDcsi_ZUmVUokuQfw--~D\" alt=\"\" width=\"171\" height=\"300\" \/><\/p>\n<div><\/div>\n<\/div>\n<\/div>\n<\/td>\n<\/tr>\n<\/tbody>\n<\/table>\n<table class=\"yiv6839747211footer-content\" role=\"presentation\" border=\"0\" cellspacing=\"0\" cellpadding=\"0\">\n<tbody>\n<tr>\n<td colspan=\"2\">\n<hr \/>\n<\/td>\n<\/tr>\n<\/tbody>\n<\/table>\n<p><\/p>","protected":false},"excerpt":{"rendered":"<p>16 de noviembre del 2023 Al Congreso Nacional Ind\u00edgena A la Sexta nacional e internacional A las Redes de Resistencias y Rebeld\u00edas A las personas que siembran Dignidad y Organizaci\u00f3n Compa\u00f1er@s, estamos felices de compartirles que nuestro compa\u00f1ero Manuel G\u00f3mez V\u00e1zquez, Base de Apoyo del EZLN, el d\u00eda de hoy 16 de noviembre del 2023, [&hellip;]<\/p>\n","protected":false},"author":21,"featured_media":46869,"comment_status":"open","ping_status":"closed","sticky":false,"template":"","format":"standard","meta":{"footnotes":""},"categories":[957,51,6,955,826,954,962,935],"tags":[79,917,36,58,926,53,147,23,37,545,87,148,27,483],"class_list":["post-46868","post","type-post","status-publish","format-standard","has-post-thumbnail","hentry","category-autonomia","category-autor","category-chiapas","category-ezln-temas","category-medios-libres-2","category-mexico","category-presos","category-temas","tag-autonomia","tag-chiapas","tag-comunidades-zapatistas","tag-derechos-humanos","tag-ezln","tag-justicia","tag-militarizacion","tag-paramilitares","tag-presos-politicos","tag-pueblos-indigenas","tag-represion","tag-resistencia","tag-solidaridad","tag-tierra-y-territorio"],"_links":{"self":[{"href":"https:\/\/radiozapatista.org\/index.php?rest_route=\/wp\/v2\/posts\/46868","targetHints":{"allow":["GET"]}}],"collection":[{"href":"https:\/\/radiozapatista.org\/index.php?rest_route=\/wp\/v2\/posts"}],"about":[{"href":"https:\/\/radiozapatista.org\/index.php?rest_route=\/wp\/v2\/types\/post"}],"author":[{"embeddable":true,"href":"https:\/\/radiozapatista.org\/index.php?rest_route=\/wp\/v2\/users\/21"}],"replies":[{"embeddable":true,"href":"https:\/\/radiozapatista.org\/index.php?rest_route=%2Fwp%2Fv2%2Fcomments&post=46868"}],"version-history":[{"count":2,"href":"https:\/\/radiozapatista.org\/index.php?rest_route=\/wp\/v2\/posts\/46868\/revisions"}],"predecessor-version":[{"id":46871,"href":"https:\/\/radiozapatista.org\/index.php?rest_route=\/wp\/v2\/posts\/46868\/revisions\/46871"}],"wp:featuredmedia":[{"embeddable":true,"href":"https:\/\/radiozapatista.org\/index.php?rest_route=\/wp\/v2\/media\/46869"}],"wp:attachment":[{"href":"https:\/\/radiozapatista.org\/index.php?rest_route=%2Fwp%2Fv2%2Fmedia&parent=46868"}],"wp:term":[{"taxonomy":"category","embeddable":true,"href":"https:\/\/radiozapatista.org\/index.php?rest_route=%2Fwp%2Fv2%2Fcategories&post=46868"},{"taxonomy":"post_tag","embeddable":true,"href":"https:\/\/radiozapatista.org\/index.php?rest_route=%2Fwp%2Fv2%2Ftags&post=46868"}],"curies":[{"name":"wp","href":"https:\/\/api.w.org\/{rel}","templated":true}]}}