{"id":46851,"date":"2023-11-16T16:07:29","date_gmt":"2023-11-16T22:07:29","guid":{"rendered":"https:\/\/radiozapatista.org\/?p=46851"},"modified":"2023-11-16T16:24:45","modified_gmt":"2023-11-16T22:24:45","slug":"celebramos-la-libertad-del-companero-manuel-gomez-vazquez-base-de-apoyo-del-ezln","status":"publish","type":"post","link":"https:\/\/radiozapatista.org\/?p=46851","title":{"rendered":"Celebramos la libertad del compa\u00f1ero Manuel G\u00f3mez V\u00e1zquez, Base de Apoyo del EZLN"},"content":{"rendered":"<p>&nbsp;<\/p>\n<p><a href=\"https:\/\/radiozapatista.org\/?attachment_id=46852\" rel=\"attachment wp-att-46852\"><img loading=\"lazy\" decoding=\"async\" class=\"alignnone size-medium wp-image-46852\" src=\"https:\/\/radiozapatista.org\/wp-content\/uploads\/2023\/11\/manuel-gomez-300x300.jpeg\" alt=\"\" width=\"300\" height=\"300\" srcset=\"https:\/\/radiozapatista.org\/wp-content\/uploads\/2023\/11\/manuel-gomez-300x300.jpeg 300w, https:\/\/radiozapatista.org\/wp-content\/uploads\/2023\/11\/manuel-gomez-150x150.jpeg 150w, https:\/\/radiozapatista.org\/wp-content\/uploads\/2023\/11\/manuel-gomez.jpeg 680w\" sizes=\"auto, (max-width: 300px) 100vw, 300px\" \/><\/a><\/p>\n<p>&nbsp;<\/p>\n<p>Manuel G\u00f3mez V\u00e1zquez es liberado despu\u00e9s de 2 a\u00f1os, 11 meses y 7 d\u00edas injustamente privado de su libertad.<\/p>\n<p>El d\u00eda de hoy se emiti\u00f3 sentencia absolutoria que orden\u00f3 la inmediata libertad para Manuel G\u00f3mez V\u00e1zquez, Base de Apoyo del #EZLN, al no comprobarse ninguna responsabilidad en la comisi\u00f3n del delito.<\/p>\n<p>Agradecemos infinitamente la solidaridad de todas las personas, colectivos, organizaciones de derechos humanos que hicieron posible la libertad del compa\u00f1ero.<\/p>","protected":false},"excerpt":{"rendered":"<p>&nbsp; &nbsp; Manuel G\u00f3mez V\u00e1zquez es liberado despu\u00e9s de 2 a\u00f1os, 11 meses y 7 d\u00edas injustamente privado de su libertad. El d\u00eda de hoy se emiti\u00f3 sentencia absolutoria que orden\u00f3 la inmediata libertad para Manuel G\u00f3mez V\u00e1zquez, Base de Apoyo del #EZLN, al no comprobarse ninguna responsabilidad en la comisi\u00f3n del delito. Agradecemos infinitamente [&hellip;]<\/p>\n","protected":false},"author":21,"featured_media":46853,"comment_status":"open","ping_status":"closed","sticky":false,"template":"","format":"standard","meta":{"footnotes":""},"categories":[957,51,6,955,55,954,962,935],"tags":[79,36,58,926,53,147,23,37,545,87,148,27,483],"class_list":["post-46851","post","type-post","status-publish","format-standard","has-post-thumbnail","hentry","category-autonomia","category-autor","category-chiapas","category-ezln-temas","category-frayba","category-mexico","category-presos","category-temas","tag-autonomia","tag-comunidades-zapatistas","tag-derechos-humanos","tag-ezln","tag-justicia","tag-militarizacion","tag-paramilitares","tag-presos-politicos","tag-pueblos-indigenas","tag-represion","tag-resistencia","tag-solidaridad","tag-tierra-y-territorio"],"_links":{"self":[{"href":"https:\/\/radiozapatista.org\/index.php?rest_route=\/wp\/v2\/posts\/46851","targetHints":{"allow":["GET"]}}],"collection":[{"href":"https:\/\/radiozapatista.org\/index.php?rest_route=\/wp\/v2\/posts"}],"about":[{"href":"https:\/\/radiozapatista.org\/index.php?rest_route=\/wp\/v2\/types\/post"}],"author":[{"embeddable":true,"href":"https:\/\/radiozapatista.org\/index.php?rest_route=\/wp\/v2\/users\/21"}],"replies":[{"embeddable":true,"href":"https:\/\/radiozapatista.org\/index.php?rest_route=%2Fwp%2Fv2%2Fcomments&post=46851"}],"version-history":[{"count":2,"href":"https:\/\/radiozapatista.org\/index.php?rest_route=\/wp\/v2\/posts\/46851\/revisions"}],"predecessor-version":[{"id":46855,"href":"https:\/\/radiozapatista.org\/index.php?rest_route=\/wp\/v2\/posts\/46851\/revisions\/46855"}],"wp:featuredmedia":[{"embeddable":true,"href":"https:\/\/radiozapatista.org\/index.php?rest_route=\/wp\/v2\/media\/46853"}],"wp:attachment":[{"href":"https:\/\/radiozapatista.org\/index.php?rest_route=%2Fwp%2Fv2%2Fmedia&parent=46851"}],"wp:term":[{"taxonomy":"category","embeddable":true,"href":"https:\/\/radiozapatista.org\/index.php?rest_route=%2Fwp%2Fv2%2Fcategories&post=46851"},{"taxonomy":"post_tag","embeddable":true,"href":"https:\/\/radiozapatista.org\/index.php?rest_route=%2Fwp%2Fv2%2Ftags&post=46851"}],"curies":[{"name":"wp","href":"https:\/\/api.w.org\/{rel}","templated":true}]}}