{"id":46844,"date":"2023-11-16T07:05:08","date_gmt":"2023-11-16T13:05:08","guid":{"rendered":"https:\/\/radiozapatista.org\/?p=46844"},"modified":"2023-11-16T07:05:08","modified_gmt":"2023-11-16T13:05:08","slug":"hoy-se-dicta-sentencia-contra-manuel-gomez-vazquez-preso-politico-zapatista","status":"publish","type":"post","link":"https:\/\/radiozapatista.org\/?p=46844","title":{"rendered":"[:es]Hoy se dicta sentencia contra Manuel G\u00f3mez V\u00e1zquez, preso pol\u00edtico zapatista[:]"},"content":{"rendered":"<p>[:es]Hoy, 16 de noviembre de 2023, a las 12:00 horas, el Juzgado de Control y Tribunal de Enjuiciamiento Regi\u00f3n III del Distrito Judicial de Ocosingo y Yajal\u00f3n emitir\u00e1 sentencia de Manuel G\u00f3mez V\u00e1zquez, base de apoyo zapatista, que desde hace dos a\u00f1os y 11 meses se encuentra detenido, acusado falsamente de homicidio. <\/p>\n<p>El pasado martes, 14 de noviembre, inici\u00f3 la audiencia de juicio oral, que ya hab\u00eda sido diferida en tres ocasiones anteriores. Sobre la audiencia, dice la Red Ajmaq:<\/p>\n<blockquote><p>En medio de este teatro de injusticia nos quedamos con la imagen y sensaci\u00f3n de que el compa\u00f1ero Manuel se mostr\u00f3 tal cual es: zapatista, digno, fuerte y rebelde, con la mirada al frente, los pies firmes y la sangre sabia. Su pap\u00e1 y mam\u00e1 respaldando con amor y firmeza la vida. Estos tres compas eran una luz dentro de tanta obscuridad, falsedad, deshonestidad y mentira. Ell@s son un ejemplo de esperanza y dignidad de lo que afuera representa la organizaci\u00f3n del EZLN. Nos hubiera gustado mucho tomar una foto, para que tod@s ustedes fueran testig@s de todo lo que hemos presenciado, pero no permiten entrar con celular.<\/p><\/blockquote>\n<p>Durante el juicio, la Fiscal\u00eda Ind\u00edgena s\u00f3lo desahog\u00f3 tres pruebas, ninguna de las cuales acredita la participaci\u00f3n de Manuel en el delito del que se le acusa, y no present\u00f3 ning\u00fan testigo. <\/p>\n<p>Junto con muchas otras organizaciones e individuos en M\u00e9xico y el mundo, exigimos al Poder Judicial del estado de Chiapas la liberaci\u00f3n inmediata y sin condiciones de Manuel.<\/p>\n<p>[:]<\/p>\n","protected":false},"excerpt":{"rendered":"<p>[:es]Hoy, 16 de noviembre de 2023, a las 12:00 horas, el Juzgado de Control y Tribunal de Enjuiciamiento Regi\u00f3n III del Distrito Judicial de Ocosingo y Yajal\u00f3n emitir\u00e1 sentencia de Manuel G\u00f3mez V\u00e1zquez, base de apoyo zapatista, que desde hace dos a\u00f1os y 11 meses se encuentra detenido, acusado falsamente de homicidio. El pasado martes, [&hellip;]<\/p>\n","protected":false},"author":1,"featured_media":44561,"comment_status":"open","ping_status":"closed","sticky":false,"template":"","format":"standard","meta":{"footnotes":""},"categories":[6,955,962,190],"tags":[667,1419,948,37],"class_list":["post-46844","post","type-post","status-publish","format-standard","has-post-thumbnail","hentry","category-chiapas","category-ezln-temas","category-presos","category-radiozapatista","tag-baezln","tag-manuel-gomez","tag-presos","tag-presos-politicos"],"_links":{"self":[{"href":"https:\/\/radiozapatista.org\/index.php?rest_route=\/wp\/v2\/posts\/46844","targetHints":{"allow":["GET"]}}],"collection":[{"href":"https:\/\/radiozapatista.org\/index.php?rest_route=\/wp\/v2\/posts"}],"about":[{"href":"https:\/\/radiozapatista.org\/index.php?rest_route=\/wp\/v2\/types\/post"}],"author":[{"embeddable":true,"href":"https:\/\/radiozapatista.org\/index.php?rest_route=\/wp\/v2\/users\/1"}],"replies":[{"embeddable":true,"href":"https:\/\/radiozapatista.org\/index.php?rest_route=%2Fwp%2Fv2%2Fcomments&post=46844"}],"version-history":[{"count":1,"href":"https:\/\/radiozapatista.org\/index.php?rest_route=\/wp\/v2\/posts\/46844\/revisions"}],"predecessor-version":[{"id":46845,"href":"https:\/\/radiozapatista.org\/index.php?rest_route=\/wp\/v2\/posts\/46844\/revisions\/46845"}],"wp:featuredmedia":[{"embeddable":true,"href":"https:\/\/radiozapatista.org\/index.php?rest_route=\/wp\/v2\/media\/44561"}],"wp:attachment":[{"href":"https:\/\/radiozapatista.org\/index.php?rest_route=%2Fwp%2Fv2%2Fmedia&parent=46844"}],"wp:term":[{"taxonomy":"category","embeddable":true,"href":"https:\/\/radiozapatista.org\/index.php?rest_route=%2Fwp%2Fv2%2Fcategories&post=46844"},{"taxonomy":"post_tag","embeddable":true,"href":"https:\/\/radiozapatista.org\/index.php?rest_route=%2Fwp%2Fv2%2Ftags&post=46844"}],"curies":[{"name":"wp","href":"https:\/\/api.w.org\/{rel}","templated":true}]}}