{"id":46832,"date":"2023-11-15T11:47:39","date_gmt":"2023-11-15T17:47:39","guid":{"rendered":"https:\/\/radiozapatista.org\/?p=46832"},"modified":"2023-11-15T11:47:39","modified_gmt":"2023-11-15T17:47:39","slug":"jornada-de-accion-agujas-e-hilos-por-la-libertad","status":"publish","type":"post","link":"https:\/\/radiozapatista.org\/?p=46832","title":{"rendered":"Jornada de Acci\u00f3n. Agujas e hilos por la libertad"},"content":{"rendered":"<p><\/p>\n<h1 class=\"post-title\"><\/h1>\n<div class=\"node__content clearfix\">\n<div class=\"field field--name-body field--type-text-with-summary field--label-hidden field__item\">\n<p>Agujas e hilos por la libertad<\/p>\n<p class=\"text-align-justify\">Jornada de bordado en solidaridad con los presos pol\u00edticos de Chiapas, v\u00edctimas de la fabricaci\u00f3n de culpables y rehenes del Estado mexicano.<\/p>\n<p class=\"text-align-justify\">Convocamos a bordadorxs solidarios para exigir la libertad inmediata y sin condiciones de nuestros compa\u00f1eros presos pol\u00edticos.<\/p>\n<p class=\"text-align-justify\">Est\u00e1 actividad se realizar\u00e1 el domingo 19 de noviembre en la Plaza de la Resistencia, tambi\u00e9n conocida como la Plaza de la Cruz, de 12 pm a 3 pm. Les invitamos asistir para mandar mensajes de solidaridad y de exigencia con los presos por luchar. Es una actividad para todas las edades,\u00a0 trae agujas e hilos para bordar, si no tienes aqu\u00ed tendremos material.<\/p>\n<p class=\"text-align-justify\">Les recordamos que tambi\u00e9n ese d\u00eda estaremos recaudando ropa de abrigo para nuestros compa\u00f1eros presos pol\u00edticos y sus hijxs. Ropa de abrigo de colores claros (no negro, ni azul marino, ni verde militar, pues son colores prohibidos en la c\u00e1rcel), cobijas, adem\u00e1s de cobijas; y ropa para infancias y adolescencias, de 3 a 15 a\u00f1os. Todo en buen estado y limpio.<\/p>\n<p class=\"text-align-justify\">\u00a1Libertad inmediata para los 5 de San Juan Cancuc, Manuel Santiz Cruz, Agust\u00edn P\u00e9rez Dom\u00ednguez, Juan Velasco Aguilar, Mart\u00edn P\u00e9rez Dom\u00ednguez y Agust\u00edn P\u00e9rez Velasco!<\/p>\n<p class=\"text-align-justify\">\u00a1Libertad inmediata para Manuel G\u00f3mez V\u00e1zquez y Jos\u00e9 D\u00edaz compa\u00f1eros base de apoyo zapatista rehenes del Estado mexicano!<\/p>\n<\/div>\n<\/div>\n<p><\/p>","protected":false},"excerpt":{"rendered":"<p>Agujas e hilos por la libertad Jornada de bordado en solidaridad con los presos pol\u00edticos de Chiapas, v\u00edctimas de la fabricaci\u00f3n de culpables y rehenes del Estado mexicano. Convocamos a bordadorxs solidarios para exigir la libertad inmediata y sin condiciones de nuestros compa\u00f1eros presos pol\u00edticos. Est\u00e1 actividad se realizar\u00e1 el domingo 19 de noviembre en [&hellip;]<\/p>\n","protected":false},"author":21,"featured_media":46833,"comment_status":"open","ping_status":"closed","sticky":false,"template":"","format":"standard","meta":{"footnotes":""},"categories":[957,51,6,55,954,962,935],"tags":[79,917,36,58,53,147,37,545,87,148,27,483],"class_list":["post-46832","post","type-post","status-publish","format-standard","has-post-thumbnail","hentry","category-autonomia","category-autor","category-chiapas","category-frayba","category-mexico","category-presos","category-temas","tag-autonomia","tag-chiapas","tag-comunidades-zapatistas","tag-derechos-humanos","tag-justicia","tag-militarizacion","tag-presos-politicos","tag-pueblos-indigenas","tag-represion","tag-resistencia","tag-solidaridad","tag-tierra-y-territorio"],"_links":{"self":[{"href":"https:\/\/radiozapatista.org\/index.php?rest_route=\/wp\/v2\/posts\/46832","targetHints":{"allow":["GET"]}}],"collection":[{"href":"https:\/\/radiozapatista.org\/index.php?rest_route=\/wp\/v2\/posts"}],"about":[{"href":"https:\/\/radiozapatista.org\/index.php?rest_route=\/wp\/v2\/types\/post"}],"author":[{"embeddable":true,"href":"https:\/\/radiozapatista.org\/index.php?rest_route=\/wp\/v2\/users\/21"}],"replies":[{"embeddable":true,"href":"https:\/\/radiozapatista.org\/index.php?rest_route=%2Fwp%2Fv2%2Fcomments&post=46832"}],"version-history":[{"count":1,"href":"https:\/\/radiozapatista.org\/index.php?rest_route=\/wp\/v2\/posts\/46832\/revisions"}],"predecessor-version":[{"id":46834,"href":"https:\/\/radiozapatista.org\/index.php?rest_route=\/wp\/v2\/posts\/46832\/revisions\/46834"}],"wp:featuredmedia":[{"embeddable":true,"href":"https:\/\/radiozapatista.org\/index.php?rest_route=\/wp\/v2\/media\/46833"}],"wp:attachment":[{"href":"https:\/\/radiozapatista.org\/index.php?rest_route=%2Fwp%2Fv2%2Fmedia&parent=46832"}],"wp:term":[{"taxonomy":"category","embeddable":true,"href":"https:\/\/radiozapatista.org\/index.php?rest_route=%2Fwp%2Fv2%2Fcategories&post=46832"},{"taxonomy":"post_tag","embeddable":true,"href":"https:\/\/radiozapatista.org\/index.php?rest_route=%2Fwp%2Fv2%2Ftags&post=46832"}],"curies":[{"name":"wp","href":"https:\/\/api.w.org\/{rel}","templated":true}]}}