{"id":46751,"date":"2023-11-10T14:20:08","date_gmt":"2023-11-10T20:20:08","guid":{"rendered":"https:\/\/radiozapatista.org\/?p=46751"},"modified":"2023-11-10T14:24:38","modified_gmt":"2023-11-10T20:24:38","slug":"sin-presencia-de-principales-responsables-del-caso-padres-y-madres-de-ayotzinapa-denuncian-ante-la-cidh-obstaculizacion-de-la-justicia","status":"publish","type":"post","link":"https:\/\/radiozapatista.org\/?p=46751","title":{"rendered":"Sin presencia de principales responsables del caso, padres y madres de Ayotzinapa denuncian ante la CIDH obstaculizaci\u00f3n de la justicia"},"content":{"rendered":"<p><a href=\"https:\/\/radiozapatista.org\/?attachment_id=46753\" rel=\"attachment wp-att-46753\"><img loading=\"lazy\" decoding=\"async\" class=\"alignnone size-medium wp-image-46753\" src=\"https:\/\/radiozapatista.org\/wp-content\/uploads\/2023\/11\/Ayotzi1banner-350x88.png\" alt=\"\" width=\"350\" height=\"88\" srcset=\"https:\/\/radiozapatista.org\/wp-content\/uploads\/2023\/11\/Ayotzi1banner-350x88.png 350w, https:\/\/radiozapatista.org\/wp-content\/uploads\/2023\/11\/Ayotzi1banner.png 640w\" sizes=\"auto, (max-width: 350px) 100vw, 350px\" \/><\/a><\/p>\n<p>Washington DC, 9 de noviembre de 2023.- Frente a la ausencia de autoridades de alto nivel responsables en el esclarecimiento de los hechos del caso de desaparici\u00f3n de estudiantes normalistas de Ayotzinapa, padres y madres de las y los estudiantes presentaron ante la Comisi\u00f3n Interamericana de Derechos Humanos (CIDH) la actualizaci\u00f3n de los \u00faltimos eventos del caso y presentaron solicitudes puntuales, esto durante la audiencia convocada por la CIDH como parte del seguimiento de la medida cautelar 409-14.<\/p>\n<p>Cristina Bautista, madre de Benjam\u00edn Ascensio Bautista, y Mario Gonz\u00e1lez padre de C\u00e9sar Manuel Gonz\u00e1lez Hern\u00e1ndez, acompa\u00f1ados por representantes de Fundar, Centro de An\u00e1lisis e Investigaci\u00f3n A.C., el Centro de Derechos Humanos de la Monta\u00f1a \u201cTlachinollan\u201d y el Centro de Derechos Humanos Miguel Agust\u00edn Pro Ju\u00e1rez (Centro Prodh), enfatizaron que a m\u00e1s de 9 a\u00f1os de los hechos a\u00fan no han alcanzado verdad ni justicia, ni se conoce el paradero de los estudiantes; por el contrario, se mantiene la obstaculizaci\u00f3n por parte del Ej\u00e9rcito para entregar informaci\u00f3n relevante para el esclarecimiento de lo ocurrido, no hay claridad en las l\u00edneas de investigaci\u00f3n y han recibido evasivas de las autoridades. Lo anterior se vio reflejado en la falta de comparecencia en la audiencia de autoridades relevantes en el asunto, como el actual Subsecretario de Derechos Humanos y Presidente de la COVAJ y el actual titular de la Fiscal\u00eda Especial para el caso.<\/p>\n<p>&#8220;Veo que el Estado no toma en serio el caso Ayotzinapa. El nuevo Fiscal, el nuevo Subsecretario no est\u00e1n presentes. Como padres y madres no nos rendiremos, por el amor de nuestros hijos nos mantenemos de pie&#8221;, expres\u00f3 Cristina Bautista.<\/p>\n<p>Mario Gonz\u00e1lez a\u00f1adi\u00f3: \u201cAhora vemos toda la descalificaci\u00f3n hacia nosotros, la falta de respeto de no venir los principales [autoridades] para poder hablar con ellos. Un ejemplo de ello es la salida del GIEI, que buscaron tener acceso a una serie de documentos de los Centros Regionales de Fusi\u00f3n de Inteligencia, que podr\u00edan contribuir a saber qu\u00e9 pas\u00f3 con nuestros hijos. Esos documentos tienen much\u00edsima informaci\u00f3n, son reportes militares, son transcripciones de llamadas entre perpetradores, son pistas. Y no entendemos por qu\u00e9 el Ej\u00e9rcito no quiere entregar esa informaci\u00f3n\u201d.<\/p>\n<p>Junto con sus representantes, los padres presentaron cuatro peticiones puntuales ante las y los comisionados de la CIDH:<\/p>\n<p>1. Dado que se ha informado que el Presidente de la Rep\u00fablica supervisar\u00e1 directamente las investigaciones, se solicit\u00f3 que contin\u00fae haciendo uso de todos los mecanismos extraordinarios de supervisi\u00f3n de la medida cautelar sobre el caso, incluyendo el acompa\u00f1amiento a las familias a cada una de las reuniones que se convoquen desde Presidencia.<\/p>\n<p>2. Se concrete un mecanismo t\u00e9cnico de revisi\u00f3n adicional de los archivos castrenses por parte de la CIDH, requiriendo al Estado que informe por escrito si acepta esta propuesta.<\/p>\n<p>3. Que en cuanto se elija a la pr\u00f3xima Comisionada o Comisionado Relator para M\u00e9xico se lleve a cabo una visita al pa\u00eds y en particular a la Normal Rural de Ayotzinapa, para que pueda conocer de primera mano el estatus del caso y encontrarse con las familias.<\/p>\n<p>4. Que la CIDH contin\u00fae la supervisi\u00f3n de las medidas cautelares en el caso, sin dejar de estar alerta de posibles acciones legales que se puedan iniciar en contra de las v\u00edctimas, representantes y funcionarios p\u00fablicos que han trabajado por esclarecer el caso en los \u00faltimos a\u00f1os.<\/p>\n<p>Frente a estas peticiones, la representaci\u00f3n del Estado mexicano se limit\u00f3 a leer una comunicaci\u00f3n enviada por el fiscal del caso, Rosendo G\u00f3mez Piedra, en donde se dedic\u00f3 a denostar el trabajo del anterior titular de la Unidad Especial de Investigaci\u00f3n y Litigaci\u00f3n para el caso Ayotzinapa (UEILCA), as\u00ed como de la propia CIDH, y no de presentar las l\u00edneas actuales de la investigaci\u00f3n. La comunicaci\u00f3n, adem\u00e1s, contuvo afirmaciones preocupantes como la minimizaci\u00f3n de los efectos perniciosos de la tortura frente a los procesos penales, que derivaron en la libertad de posibles responsables.<\/p>\n<p>Los padres y madres y organizaciones acompa\u00f1antes lamentaron esta respuesta ya que se da un mensaje de irrespeto a las familias y de una clara intenci\u00f3n de eludir la supervisi\u00f3n internacional sobre este caso, como en otros de desaparici\u00f3n en M\u00e9xico.<\/p>\n<p>Asimismo, sobre el desmantelamiento de varios mecanismos establecidos para esclarecer los hechos y responsables en el caso \u2014lo que incluye la salida de GIEI del pa\u00eds por falta de condiciones, la posible criminalizaci\u00f3n del ex fiscal especializado y la incertidumbre sobre el futuro de la COVAJ\u2014, se se\u00f1alaron dos razones por esos retrocesos institucionales que efectivamente han devuelto el caso al 2018: la politizaci\u00f3n de las investigaci\u00f3n y el empoderamiento del Ej\u00e9rcito.<\/p>\n<p>Las y los comisionados se\u00f1alaron la ausencia de autoridades claves, lo cual limit\u00f3 la posibilidad de hacer preguntas concretas sobre d\u00f3nde est\u00e1 hoy el caso Ayotzinapa, en las responsabilidad de preparaci\u00f3n, no s\u00f3lo de l\u00edneas de investigaci\u00f3n, sino de acciones dirigidas para completar esas l\u00edneas, c\u00f3mo se ha llevado a cabo las investigaciones de los altos mandos, el proceso de \u00f3rdenes de aprehensi\u00f3n, el otorgamiento de medidas sustitutivas a la prisi\u00f3n preventiva de figuras importantes, entre otros temas.<\/p>\n<p>&#8220;Los familiares de personas desaparecidas tambi\u00e9n son v\u00edctimas y llevan 9 a\u00f1os. Y 9 a\u00f1os de sufrimiento y de espera. Yo tengo que decir con mucha franqueza: una justicia que tarda no es justicia. Es una verdad que se demora, por m\u00e1s que hay explicaciones y valoro que den explicaciones, pero me atrevo a decir que si le preguntan a los solicitantes &#8216;\u00bfqu\u00e9 est\u00e1n esperando?&#8217;, es &#8216;d\u00f3nde est\u00e1n sus hijos'&#8221;, dijo la comisionada Julissa Mantilla. Al tiempo que la Comisionada Esmeralda Troiti\u00f1o lament\u00f3 estar por concluir su mandato sobre M\u00e9xico sin que el caso haya sido esclarecido.<\/p>\n<p>Ante los se\u00f1alamientos de los padres y madres, las organizaciones acompa\u00f1antes, y ante los cuestionamientos de la Comisi\u00f3n Interamericana, el Estado se comprometi\u00f3 a dar posteriormente respuestas puntuales; mientras que las y los comisionados se comprometieron a dar seguimiento, como lo han hecho durante estos 9 a\u00f1os, desde que sucedieron los hechos.<\/p>\n<p>Contacto:<\/p>\n<p><a href=\"https:\/\/radiozapatista.org\/?attachment_id=46755\" rel=\"attachment wp-att-46755\"><img loading=\"lazy\" decoding=\"async\" class=\"alignnone size-medium wp-image-46755\" src=\"https:\/\/radiozapatista.org\/wp-content\/uploads\/2023\/11\/comunicacioncentroprodhorgmx-1-350x116.png\" alt=\"\" width=\"350\" height=\"116\" srcset=\"https:\/\/radiozapatista.org\/wp-content\/uploads\/2023\/11\/comunicacioncentroprodhorgmx-1-350x116.png 350w, https:\/\/radiozapatista.org\/wp-content\/uploads\/2023\/11\/comunicacioncentroprodhorgmx-1.png 640w\" sizes=\"auto, (max-width: 350px) 100vw, 350px\" \/><\/a><\/p>","protected":false},"excerpt":{"rendered":"<p>Washington DC, 9 de noviembre de 2023.- Frente a la ausencia de autoridades de alto nivel responsables en el esclarecimiento de los hechos del caso de desaparici\u00f3n de estudiantes normalistas de Ayotzinapa, padres y madres de las y los estudiantes presentaron ante la Comisi\u00f3n Interamericana de Derechos Humanos (CIDH) la actualizaci\u00f3n de los \u00faltimos eventos [&hellip;]<\/p>\n","protected":false},"author":21,"featured_media":46192,"comment_status":"open","ping_status":"closed","sticky":false,"template":"","format":"standard","meta":{"footnotes":""},"categories":[957,51,826,954,935],"tags":[79,929,58,682,53,147,860,1432,23,545,87,148,27,483],"class_list":["post-46751","post","type-post","status-publish","format-standard","has-post-thumbnail","hentry","category-autonomia","category-autor","category-medios-libres-2","category-mexico","category-temas","tag-autonomia","tag-ayotzinapa","tag-derechos-humanos","tag-desaparicion-forzada","tag-justicia","tag-militarizacion","tag-normal-de-ayotzinapa","tag-padres-y-madres-de-los-43","tag-paramilitares","tag-pueblos-indigenas","tag-represion","tag-resistencia","tag-solidaridad","tag-tierra-y-territorio"],"_links":{"self":[{"href":"https:\/\/radiozapatista.org\/index.php?rest_route=\/wp\/v2\/posts\/46751","targetHints":{"allow":["GET"]}}],"collection":[{"href":"https:\/\/radiozapatista.org\/index.php?rest_route=\/wp\/v2\/posts"}],"about":[{"href":"https:\/\/radiozapatista.org\/index.php?rest_route=\/wp\/v2\/types\/post"}],"author":[{"embeddable":true,"href":"https:\/\/radiozapatista.org\/index.php?rest_route=\/wp\/v2\/users\/21"}],"replies":[{"embeddable":true,"href":"https:\/\/radiozapatista.org\/index.php?rest_route=%2Fwp%2Fv2%2Fcomments&post=46751"}],"version-history":[{"count":3,"href":"https:\/\/radiozapatista.org\/index.php?rest_route=\/wp\/v2\/posts\/46751\/revisions"}],"predecessor-version":[{"id":46756,"href":"https:\/\/radiozapatista.org\/index.php?rest_route=\/wp\/v2\/posts\/46751\/revisions\/46756"}],"wp:featuredmedia":[{"embeddable":true,"href":"https:\/\/radiozapatista.org\/index.php?rest_route=\/wp\/v2\/media\/46192"}],"wp:attachment":[{"href":"https:\/\/radiozapatista.org\/index.php?rest_route=%2Fwp%2Fv2%2Fmedia&parent=46751"}],"wp:term":[{"taxonomy":"category","embeddable":true,"href":"https:\/\/radiozapatista.org\/index.php?rest_route=%2Fwp%2Fv2%2Fcategories&post=46751"},{"taxonomy":"post_tag","embeddable":true,"href":"https:\/\/radiozapatista.org\/index.php?rest_route=%2Fwp%2Fv2%2Ftags&post=46751"}],"curies":[{"name":"wp","href":"https:\/\/api.w.org\/{rel}","templated":true}]}}