{"id":46730,"date":"2023-11-08T19:16:30","date_gmt":"2023-11-09T01:16:30","guid":{"rendered":"https:\/\/radiozapatista.org\/?p=46730"},"modified":"2023-11-09T18:11:16","modified_gmt":"2023-11-10T00:11:16","slug":"comunicado-del-ezln-quinta-parte-ahi-va-el-golpe-joven","status":"publish","type":"post","link":"https:\/\/radiozapatista.org\/?p=46730","title":{"rendered":"Comunicado del EZLN | QUINTA PARTE: \u201cAH\u00cd VA EL GOLPE, JOVEN\u201d"},"content":{"rendered":"<p><\/p>\n<p class=\"western\" align=\"center\"><strong>QUINTA PARTE:<\/strong> \u201c<b>AH\u00cd VA EL GOLPE, JOVEN\u201d<\/b><\/p>\n<p class=\"western\">Noviembre del 2023.<\/p>\n<p class=\"western\"><b>P.D. QUE AVISA. \u2013<\/b> Ya les \u00edbamos a contar de qu\u00e9 va todo este asunto, pero leyendo, viendo y escuchando la sarta de barbaridades que dicen y escriben los \u201cespecialistas\u201d en todo y conocedores de nada (sobre supuestos repliegues, desmantelamientos, avances del crimen organizado y \u201cvueltas al pasado\u201d -coletos ten\u00edan que ser la mayor\u00eda-), pues decidimos mejor dejarlos que sigan eructando.<\/p>\n<p class=\"western\">\u00a0 Con sus profundos an\u00e1lisis y bien fundamentadas investigaciones, los <i>zapat\u00f3logos<\/i> sentencian: \u201c<i>muestra de la derrota zapatista es la p\u00e9rdida de la identidad ind\u00edgena: los ind\u00edgenas j\u00f3venes ya usan botas vaqueras, en lugar de andar descalzos o en huaraches. Y se arreglan para ligar, pantal\u00f3n y camisa nuevos \u2013 \u00a1o planchados! -, en lugar de usar calz\u00f3n de manta y comprar su mujer seg\u00fan los usos y costumbres ind\u00edgenas. Y andan en motocicletas, en lugar de cargar sobre sus espaldas a sus patronas coletas. Ya nada m\u00e1s falta que las ind\u00edgenas j\u00f3venes usen pantalones o que, \u00a1horror!, jueguen f\u00fatbol y manejen veh\u00edculos, en lugar de servir a las se\u00f1oras coletas. Incluso que se atrevan a bailar cumbias y ska en lugar del Bolonchon, y a cantar rap y hiphop en lugar de salmos y odas a los finqueros. Y que, como otra se\u00f1al de la p\u00e9rdida de su identidad ind\u00edgena, se llegue al absurdo de que sean subcomandantes, comandantes \u00a1y comandantas! Y que se gobiernen a s\u00ed mismos. Y que no pidan permiso para ser como se les d\u00e9 la gana ser. Y que viajen y conozcan otras tierras. Y que trabajen y ganen su paga sin tienda de raya. Y que no los tengan en campos de concentraci\u00f3n, como en Gaza, para que no agarren ideas \u201csinaloenses\u201d o sea extranjeras -porque los mayo-yoreme en Sinaloa, puro narcocorridos, oiga-. Por culpa del zapatismo ya no tendremos trabajo los antrop\u00f3logos. Una pena. Y todo por no seguir a la vanguardia revolucionaria del proletariado o a MORENA, es lo mismo. Grave error del zapatismo el no obedecernos. Porque ahora los ind\u00edgenas ya no bajan la mirada cuando los topas. Te miran como con irreverencia, con desaf\u00edo, con rabia, como si nosotros fu\u00e9ramos los intrusos y no ellos, como si nosotros fu\u00e9ramos los criminales y no ellos. Antes eso s\u00f3lo lo hac\u00edan los zapatistas, ahora cu<\/i><i>alquier cham<\/i><i>ulita te planta cara. Y, como dice el marxismo-leninismo-estalinismo-maoismo-trotskismo-todos-los-ismos, cualquier ind\u00edgena que no sea como el manual de antropolog\u00eda, es narco<\/i>\u201d.<\/p>\n<p class=\"western\">\u00a0 Estamos seguros de que, despu\u00e9s, cuando ya se sepa todo el sentido de esta etapa, tendr\u00e1n el m\u00ednimo de honestidad para decir y publicar: \u201cNo tenemos la m\u00e1s remota idea de lo que hicieron, de lo que hacen ni de lo que har\u00e1n. Lo mejor hubiera sido preguntarles a los zapatistas y no a los antizapatistas\u201d. \u00bfO no son honestos?<\/p>\n<p class=\"western\">\u00a0 D\u00edganles a esos \u201cperiodistas\u201d que siempre es mejor, aunque m\u00e1s inc\u00f3modo y no deja paga, entrevistar a los actores, no a los espectadores, villa melones y paramilitares haraganes. El periodismo de investigaci\u00f3n es un trabajo profesional que requiere, muchas veces, riesgos e incomodidades. Pero, no preocupar, entendemos que cada quien se busca el sustento como puede.<\/p>\n<p class=\"western\">\u00a0 Entonces, como saludo para los \u201c<i>zapat\u00f3logos<\/i>\u201d, seguimos con estas P.D. hechas con mucho cari\u00f1o:<\/p>\n<p class=\"western\"><b>P.D. DE LA CAPITAN\u00cdA DE PUERTO DE MONTA\u00d1A. \u2013<\/b> Ten\u00edamos preparadas una serie de frases ingeniosas para burlarnos de la clase pol\u00edtica en su conjunto (oficialistas y oposici\u00f3n), pero ahora pensamos que no tiene caso, ya cada reba\u00f1o tiene su pastor o cada pastor su reba\u00f1o. \u00bfO alguien cree, ingenuo, que el asunto es entre dos pastoras?<\/p>\n<p class=\"western\">\u00a0 Nuestro silencio de estos a\u00f1os no fue, ni es, se\u00f1al de respeto ni aval de nada, sino de que nos esforzamos por ver m\u00e1s lejos y buscar lo que buscan todos, todas, <i>todoas<\/i>: una salida de la pesadilla. Conforme vayan conociendo, por los escritos subsiguientes, lo que hemos estado haciendo, tal vez entiendan que nuestra atenci\u00f3n ha estado en otro punto.<\/p>\n<p class=\"western\">\u00a0 Pero entendemos que m\u00e1s de uno padezca lo que los zapatistas llamamos \u201c<i>tort\u00edcolis te\u00f3rica<\/i>\u201d que se produce por tanto mirar hacia arriba y afecta el buen juicio, el sentido com\u00fan, la decencia y la honestidad \u2013 adem\u00e1s de que es adictiva y crea dependencia cr\u00f3nica -. Comprendemos las limitaciones en sus horizontes de an\u00e1lisis. Una cosa es el escritorio, la academia, la columna period\u00edstica, el reportaje a modo, el puesto gubernamental, el chisme de caf\u00e9 revolucionario o las redes sociales, y otra cosa es la realidad.<\/p>\n<p class=\"western\">\u00a0 Esta \u00faltima no s\u00f3lo no paga, sino que cobra y muy caro. Ya lo dijo Shakira: la realidad factura, y no incluye el IVA. Ni modos.<\/p>\n<p class=\"western\">\u00a0 No haremos le\u00f1a de los \u00e1rboles ca\u00eddos all\u00e1 arriba. La realidad, esa necia implacable, har\u00e1 lo suyo y las \u00faltimas astillas ser\u00e1n las que saque el crimen organizado del cobro de piso en las propuestas de unos y otros.<\/p>\n<p class=\"western\">\u00a0 Unos se masturban con la ma\u00f1anera. Otros con la destrucci\u00f3n, las muertes, los asesinatos, las violaciones, las desapariciones, el hambre, la guerra, las enfermedades, el dolor y la pena. Ninguno tiene una propuesta pol\u00edtica viable y seria, s\u00f3lo entretienen\u2026 hasta que ya no.<\/p>\n<p class=\"western\">\u00a0 Pero ya que estamos hablando del autoerotismo: puestos a escoger entre Bertha y Claudia, pues Wendy.<\/p>\n<p class=\"western\" align=\"center\"><b>-*-<\/b><\/p>\n<p class=\"western\">Vale, salud y \u00bfahora qu\u00e9 voy a hacer con mi traje para bailar corridos tumbados?. \u201c<i>Compa, \u00bfqu\u00e9 le parece esa gorra?<\/i>\u201d \u2026 \u00bfQu\u00e9? \u00bfNo va as\u00ed? \u00bfNo les digo? Es la p\u00e9rdida de la identidad ind\u00edgena. Ojal\u00e1 lleguen pronto los antrop\u00f3logos a salvarnos.<\/p>\n<p class=\"western\">Desde las monta\u00f1as del Sureste Mexicano.<\/p>\n<p><img loading=\"lazy\" decoding=\"async\" class=\"alignnone wp-image-24439 jetpack-lazy-image jetpack-lazy-image--handled\" src=\"https:\/\/i0.wp.com\/enlacezapatista.ezln.org.mx\/wp-content\/uploads\/2023\/11\/firma.png?resize=224%2C181&amp;ssl=1\" sizes=\"auto, (max-width: 224px) 100vw, 224px\" srcset=\"https:\/\/i0.wp.com\/enlacezapatista.ezln.org.mx\/wp-content\/uploads\/2023\/11\/firma.png?resize=640%2C518&amp;ssl=1 640w, https:\/\/i0.wp.com\/enlacezapatista.ezln.org.mx\/wp-content\/uploads\/2023\/11\/firma.png?resize=1024%2C828&amp;ssl=1 1024w, https:\/\/i0.wp.com\/enlacezapatista.ezln.org.mx\/wp-content\/uploads\/2023\/11\/firma.png?resize=768%2C621&amp;ssl=1 768w, https:\/\/i0.wp.com\/enlacezapatista.ezln.org.mx\/wp-content\/uploads\/2023\/11\/firma.png?w=1136&amp;ssl=1 1136w\" alt=\"\" width=\"224\" height=\"181\" data-attachment-id=\"24439\" data-permalink=\"https:\/\/enlacezapatista.ezln.org.mx\/2023\/10\/29\/segunda-parte-los-muertos-estornudan\/firma-2\/\" data-orig-file=\"https:\/\/i0.wp.com\/enlacezapatista.ezln.org.mx\/wp-content\/uploads\/2023\/11\/firma.png?fit=1136%2C919&amp;ssl=1\" data-orig-size=\"1136,919\" data-comments-opened=\"1\" data-image-meta=\"{&quot;aperture&quot;:&quot;0&quot;,&quot;credit&quot;:&quot;&quot;,&quot;camera&quot;:&quot;&quot;,&quot;caption&quot;:&quot;&quot;,&quot;created_timestamp&quot;:&quot;0&quot;,&quot;copyright&quot;:&quot;&quot;,&quot;focal_length&quot;:&quot;0&quot;,&quot;iso&quot;:&quot;0&quot;,&quot;shutter_speed&quot;:&quot;0&quot;,&quot;title&quot;:&quot;&quot;,&quot;orientation&quot;:&quot;0&quot;}\" data-image-title=\"firma\" data-image-description=\"\" data-image-caption=\"\" data-medium-file=\"https:\/\/i0.wp.com\/enlacezapatista.ezln.org.mx\/wp-content\/uploads\/2023\/11\/firma.png?fit=640%2C518&amp;ssl=1\" data-large-file=\"https:\/\/i0.wp.com\/enlacezapatista.ezln.org.mx\/wp-content\/uploads\/2023\/11\/firma.png?fit=1024%2C828&amp;ssl=1\" data-recalc-dims=\"1\" data-lazy-loaded=\"1\" \/><\/p>\n<p class=\"western\">El Capit\u00e1n.<br \/>\n(guap\u00edsimo con su sombrero vaquero. Lo que sea de cada quien con su cada cual \u00a1Aj\u00faa raza!)<\/p>\n<p>M\u00e9xico, 40, 30, 20, 10 a\u00f1os despu\u00e9s.<\/p>\n<p>P.D. \u201cCONTEXTUAL\u201d. \u2013 Televisa siendo Televisa y antrop\u00f3logos siendo antrop\u00f3logos: <a href=\"https:\/\/www.nmas.com.mx\/noticieros\/programas\/en-punto\/videos\/ezln-cierra-caracoles-avance-crimen-organizado\/\" target=\"_blank\" rel=\"noopener\">https:\/\/www.nmas.com.mx\/noticieros\/programas\/en-punto\/videos\/ezln-cierra-caracoles-avance-crimen-organizado\/<\/a><\/p>","protected":false},"excerpt":{"rendered":"<p>QUINTA PARTE: \u201cAH\u00cd VA EL GOLPE, JOVEN\u201d Noviembre del 2023. P.D. QUE AVISA. \u2013 Ya les \u00edbamos a contar de qu\u00e9 va todo este asunto, pero leyendo, viendo y escuchando la sarta de barbaridades que dicen y escriben los \u201cespecialistas\u201d en todo y conocedores de nada (sobre supuestos repliegues, desmantelamientos, avances del crimen organizado y [&hellip;]<\/p>\n","protected":false},"author":21,"featured_media":46731,"comment_status":"open","ping_status":"closed","sticky":false,"template":"","format":"standard","meta":{"footnotes":""},"categories":[957,51,6,955,118,958,954,935],"tags":[79,917,644,58,926,53,567,147,23,37,545,87,148,27,483],"class_list":["post-46730","post","type-post","status-publish","format-standard","has-post-thumbnail","hentry","category-autonomia","category-autor","category-chiapas","category-ezln-temas","category-ezln","category-megaproyectos","category-mexico","category-temas","tag-autonomia","tag-chiapas","tag-comunicados-ezln","tag-derechos-humanos","tag-ezln","tag-justicia","tag-megaproyectos","tag-militarizacion","tag-paramilitares","tag-presos-politicos","tag-pueblos-indigenas","tag-represion","tag-resistencia","tag-solidaridad","tag-tierra-y-territorio"],"_links":{"self":[{"href":"https:\/\/radiozapatista.org\/index.php?rest_route=\/wp\/v2\/posts\/46730","targetHints":{"allow":["GET"]}}],"collection":[{"href":"https:\/\/radiozapatista.org\/index.php?rest_route=\/wp\/v2\/posts"}],"about":[{"href":"https:\/\/radiozapatista.org\/index.php?rest_route=\/wp\/v2\/types\/post"}],"author":[{"embeddable":true,"href":"https:\/\/radiozapatista.org\/index.php?rest_route=\/wp\/v2\/users\/21"}],"replies":[{"embeddable":true,"href":"https:\/\/radiozapatista.org\/index.php?rest_route=%2Fwp%2Fv2%2Fcomments&post=46730"}],"version-history":[{"count":3,"href":"https:\/\/radiozapatista.org\/index.php?rest_route=\/wp\/v2\/posts\/46730\/revisions"}],"predecessor-version":[{"id":46738,"href":"https:\/\/radiozapatista.org\/index.php?rest_route=\/wp\/v2\/posts\/46730\/revisions\/46738"}],"wp:featuredmedia":[{"embeddable":true,"href":"https:\/\/radiozapatista.org\/index.php?rest_route=\/wp\/v2\/media\/46731"}],"wp:attachment":[{"href":"https:\/\/radiozapatista.org\/index.php?rest_route=%2Fwp%2Fv2%2Fmedia&parent=46730"}],"wp:term":[{"taxonomy":"category","embeddable":true,"href":"https:\/\/radiozapatista.org\/index.php?rest_route=%2Fwp%2Fv2%2Fcategories&post=46730"},{"taxonomy":"post_tag","embeddable":true,"href":"https:\/\/radiozapatista.org\/index.php?rest_route=%2Fwp%2Fv2%2Ftags&post=46730"}],"curies":[{"name":"wp","href":"https:\/\/api.w.org\/{rel}","templated":true}]}}