{"id":46696,"date":"2023-11-07T19:58:07","date_gmt":"2023-11-08T01:58:07","guid":{"rendered":"https:\/\/radiozapatista.org\/?p=46696"},"modified":"2023-11-08T08:21:05","modified_gmt":"2023-11-08T14:21:05","slug":"sectores-de-derecha-en-peru-quieren-desconocer-a-indigenas-que-viven-aislados-en-la-amazonia","status":"publish","type":"post","link":"https:\/\/radiozapatista.org\/?p=46696","title":{"rendered":"[:es]Sectores de derecha en Per\u00fa quieren desconocer a ind\u00edgenas que viven aislados en la Amazon\u00eda[:]"},"content":{"rendered":"<p>[:es]Fuente: <a href=\"https:\/\/avispa.org\/sectores-de-derecha-en-peru-quieren-desconocer-a-indigenas-que-viven-aislados-en-la-amazonia\/\">Avispa Midia<\/a><\/p>\n<p>Por Javier Bed\u00eda Prado<\/p>\n<p><em><sup>Fotos: Ind\u00edgenas que viven en aislamiento en Per\u00fa. Fuente: Ministerio de Cultura de Per\u00fa<\/sup><\/em><\/p>\n<p>Los pueblos ind\u00edgenas en situaci\u00f3n de aislamiento y contacto inicial (PIACI) que habitan en territorios del Per\u00fa son amenazados por la expansi\u00f3n de proyectos extractivistas. Desde el Estado y gremios empresariales, se intenta desconocer su existencia para sumar concesiones de infraestructura y explotaci\u00f3n de hidrocarburos, minerales y madera.<\/p>\n<p>Se estima que 7,500 ind\u00edgenas (5,200 sin contacto y 2,250 en contacto inicial), distribuidos en unos 20 pueblos originarios, viven aislados en \u00e1reas remotas de la Amazon\u00eda peruana.<br \/>\nPara su protecci\u00f3n, en 2006 se promulg\u00f3 la Ley 28736 (Ley PIACI), que dispone la creaci\u00f3n de reservas en zonas de asentamiento temporal y tr\u00e1nsito de las comunidades n\u00f3madas.<\/p>\n<p>Se trata de la \u00fanica norma que los resguarda en las ocho naciones suramericanas que comparten la selva amaz\u00f3nica, donde se tiene referencias de 114 pueblos aislados, de las cuales 60 han sido confirmadas, seg\u00fan el <a href=\"https:\/\/oraotca.org\/\">Observatorio Regional Amaz\u00f3nico<\/a>.<\/p>\n<p>Desde entonces se crearon dos reservas para pueblos en aislamiento. De otras cinco planificadas con este objetivo, solo dos son adecuadas para las comunidades ind\u00edgenas. Otras seis se encuentran en la etapa de solicitud.<\/p>\n<p>En comparaci\u00f3n con la experiencia reciente en Ecuador del \u201cS\u00ed\u201d al Parque Nacional Yasun\u00ed, una hist\u00f3rica consulta popular que rechaz\u00f3 la actividad petrolera que afecta a la reserva, habitada por pueblos transfronterizos, \u201cexiste una gran diferencia en cuanto a la bater\u00eda de acciones legales y campa\u00f1as pol\u00edticas activadas en el lado peruano\u201d, observan Guisela Loayza y Eduardo Pichilingue, de la alianza <a href=\"https:\/\/cuencasagradas.org\/\">Cuencas Sagradas<\/a>.<\/p>\n<p><!--more-->Un intento de modificar la Ley PIACI, anulando funciones y garant\u00edas correspondientes al Ministerio de Cultura, fue rechazado en junio de este a\u00f1o por la Comisi\u00f3n de Descentralizaci\u00f3n del Congreso. La propuesta, elaborada por un representante del partido fujimorista, consist\u00eda en trasladar facultades a los cinco gobiernos regionales bajo el alcance de la norma, para que estos decidan la categorizaci\u00f3n de \u00e1reas protegidas, responsabilidad que corresponde al Ministerio de Cultura.<\/p>\n<p>Para el gobernador regional de Loreto, Jorge Ch\u00e1vez, la ley \u201cimpide oportunidades de desarrollo\u201d y se debe de demostrar \u201ccon evidencias cient\u00edficas\u201d la existencia de estos pueblos.<\/p>\n<p>Hay un influyente sector antiderechos de las regiones donde se encuentran etnias no contactadas que niega su existencia -omitiendo las evidencias- o pretende someterla a una validaci\u00f3n desde perspectivas etnocentristas, lo que representa un peligro de exterminio.<\/p>\n<p>Luego de la derrota de la propuesta de modificaci\u00f3n de la Ley PIACI en el Parlamento, la alianza de empresas de monocultivos, petroleras y forestales, en conjunto con funcionarios p\u00fablicos, preparan una nueva propuesta legal en torno a la figura de la \u201cprueba material\u201d de la presencia de los PIACI en determinados territorios. As\u00ed lo anunciaron en un foro sobre reservas PIACI y \u201cderecho a la defensa del desarrollo de los pueblos originarios de Loreto\u201d.<\/p>\n<h3 id=\"h-obras-en-reservas\" class=\"wp-block-heading has-black-color has-text-color\"><strong>Obras en reservas<\/strong><\/h3>\n<p>El gobierno regional de Loreto y el Ministerio de Transportes iniciaron en 2021 la construcci\u00f3n de la carretera Jenaro Herrera-Colonia Angamos, a pesar de que la ruta trazada atraviesa zonas de amortiguamiento de tres \u00e1reas protegidas donde transitan pueblos en aislamiento. En agosto, el Poder Judicial orden\u00f3 la suspensi\u00f3n provisional de la obra, debido a que no cuenta con estudio de impacto ambiental. Dos a\u00f1os atr\u00e1s se demostr\u00f3 que para su ejecuci\u00f3n se deforestaron 40 kil\u00f3metros de bosques, el 80% de la ruta planificada.<\/p>\n<p>En la regi\u00f3n Madre de Dios, la empresa forestal Canales Tahuamanu, mediante un permiso del Estado, reanud\u00f3 sus operaciones durante la pandemia en \u00e1reas habitadas por la poblaci\u00f3n semin\u00f3mada Maschco Piro. En agosto de 2022, un trabajador maderero fue asesinado tras un encuentro con nativos de esta etnia. El incidente pudo evitarse si no realizaran operaciones en la zona de influencia. La compa\u00f1\u00eda, adem\u00e1s, denunci\u00f3 por difamaci\u00f3n a los dirigentes de la <a href=\"https:\/\/www.facebook.com\/FENAMAD\">Federaci\u00f3n Nativa del R\u00edo Madre de Dios y Afluentes<\/a> que defienden los territorios.<\/p>\n<p>En los \u00faltimos meses, relatores especiales de la Organizaci\u00f3n de las Naciones Unidas solicitaron al gobierno de Dina Boluarte informaci\u00f3n del proceso y advirtieron un intento de silenciar a los defensores.<\/p>\n<p>\u201cNos preocupa que el Poder Judicial est\u00e9 valorando m\u00e1s el inter\u00e9s econ\u00f3mico que la vida de los pueblos en aislamiento (\u2026.). Ellos son altamente vulnerables a cualquier contacto que podr\u00eda conllevar a la muerte o exterminio\u201d, declar\u00f3 al respecto el l\u00edder ind\u00edgena Julio Cusirichi. El dirigente de la <a href=\"https:\/\/www.facebook.com\/aidesep\/\">Asociaci\u00f3n Inter\u00e9tnica de Desarrollo de la Selva Peruana<\/a> se refiri\u00f3 al avance del juicio en contra de los guardianes de la naturaleza frente a la acci\u00f3n de amparo de la organizaci\u00f3n.<\/p>\n<figure class=\"wp-block-gallery has-nested-images columns-default is-cropped wp-block-gallery-1 is-layout-flex wp-block-gallery-is-layout-flex\">\n<figure class=\"wp-block-image size-large\"><a class=\"td-modal-image\" href=\"https:\/\/avispa.org\/wp-content\/uploads\/2023\/11\/piaci4.jpg\"><img loading=\"lazy\" decoding=\"async\" class=\"wp-image-105415 td-animation-stack-type0-2\" src=\"https:\/\/avispa.org\/wp-content\/uploads\/2023\/11\/piaci4.jpg\" sizes=\"auto, (max-width: 645px) 100vw, 645px\" srcset=\"https:\/\/avispa.org\/wp-content\/uploads\/2023\/11\/piaci4.jpg 645w, https:\/\/avispa.org\/wp-content\/uploads\/2023\/11\/piaci4-300x169.jpg 300w\" alt=\"\" width=\"645\" height=\"363\" data-id=\"105415\" \/><\/a><\/figure>\n<\/figure>\n<h3 id=\"h-consulta\" class=\"wp-block-heading has-black-color has-text-color\"><strong>\u00bfConsulta?<\/strong><\/h3>\n<p class=\"has-black-color has-text-color\">El marco de la Ley PIACI est\u00e1 regido por dos principios: la libre autodeterminaci\u00f3n y el no contacto. Por lo que la consulta previa sobre sus reservas es inviable. No obstante, en 2017 el Ministerio de Cultura incluy\u00f3 como medida administrativa que puede ser sometida a consulta previa los proyectos de decretos que asignen categor\u00eda de reserva ind\u00edgena para PIACI, disponiendo como titulares del proceso a las comunidades colindantes que \u201cpueden verse afectadas\u201d.<\/p>\n<p class=\"has-black-color has-text-color\">\u201cEso quiere decir que el Ministerio de Cultura asigna el derecho de consulta previa a pueblos vecinos a las \u00e1reas en proceso de categorizaci\u00f3n donde habitan o se desplazan PIACI, en detrimento de los PIACI que no pueden ser consultados por evidentes razones. Nos preguntamos si es pertinente que el Estado anteponga el derecho de una o varias comunidades ind\u00edgenas que pueden ser consultadas y que se les brinde la potestad de decidir si se debe categorizar o no una reserva ind\u00edgena donde habitan PIACI ya reconocidos\u201d, cuestiona H\u00e9ctor Rodr\u00edguez, representante legal de la <a href=\"https:\/\/www.facebook.com\/orpioloreto\">Organizaci\u00f3n Regional de Pueblos Ind\u00edgenas del Oriente<\/a>.<\/p>\n<p class=\"has-black-color has-text-color\">En 2022, tras 20 a\u00f1os de espera, el Estado decret\u00f3 oficialmente el reconocimiento de cinco pueblos aislados en el proyecto de reserva binacional Napo-Tigre, que abarca territorio peruano y ecuatoriano.<\/p>\n<p class=\"has-black-color has-text-color\">Sin embargo, la petrolera Perenco, que opera en la futura \u00e1rea de conservaci\u00f3n, interpuso una demanda contra este reconocimiento.<\/p>\n<p class=\"has-black-color has-text-color\">En la pr\u00e1ctica, la medida del Ministerio de Cultura permiti\u00f3 que en el caso de la acci\u00f3n judicial de la petrolera, comunidades cooptadas por la empresa presentaran dos demandas contra el reconocimiento de los PIACI de Napo-Tigre.<\/p>\n<h3 id=\"h-punto-de-no-retorno\" class=\"wp-block-heading has-black-color has-text-color\"><strong>Punto de no retorno<\/strong><\/h3>\n<p>La destrucci\u00f3n de la Amazon\u00eda, la mayor selva tropical del planeta, va en aumento.\u00a0Hasta el 2022, se hab\u00eda perdido el 18% de bosques y el 17% estaba degradado, de acuerdo <a href=\"https:\/\/www.worldwildlife.org\/descubre-wwf\/historias\/amazonia-en-crisis-la-perdida-de-bosques-amenaza-a-la-region-y-al-planeta\">World Wild Life<\/a>.<\/p>\n<p>\u201cTodos los informes cient\u00edficos afirman con pelos y se\u00f1ales que la Amazon\u00eda est\u00e1 llegando a un punto de no retorno y que ya estamos frente al peligro de un colapso sist\u00e9mico de la Amazon\u00eda. Porque como afirma el brasile\u00f1o M\u00e1rio Tito Barros Almeida, \u2018tenemos varias amazon\u00edas, pero tenemos, sin embargo, un problema \u00fanico: la Amazon\u00eda es rica, pero no produce riqueza, produce gente rica\u2019\u201d, reflexiona el investigador y escritor R\u00f3ger Rumrill.<\/p>\n<p>Te puede interesar \u2013 <a href=\"https:\/\/avispa.org\/contrario-a-las-cops-amazonia-en-llamas-convoca-a-pueblos-del-mundo-a-la-accion\/\">Contrario a las COPs, Amazon\u00eda en llamas convoca a pueblos del mundo a la acci\u00f3n<\/a><\/p>\n<p>Los pueblos originarios se organizan y afrontan la criminalizaci\u00f3n en defensa de los m\u00e1s vulnerables de sus territorios ancestrales. En un video difundido recientemente, una lideresa nativa de la etnia Mats\u00e9s declara que su comunidad ofrecer\u00e1 resguardo a pueblos no contactados que durante esta temporada se asientan en zonas pr\u00f3ximas a orillas de r\u00edos.<br \/>\n[:]<\/p>\n","protected":false},"excerpt":{"rendered":"<p>[:es]Fuente: Avispa Midia Por Javier Bed\u00eda Prado Fotos: Ind\u00edgenas que viven en aislamiento en Per\u00fa. Fuente: Ministerio de Cultura de Per\u00fa Los pueblos ind\u00edgenas en situaci\u00f3n de aislamiento y contacto inicial (PIACI) que habitan en territorios del Per\u00fa son amenazados por la expansi\u00f3n de proyectos extractivistas. Desde el Estado y gremios empresariales, se intenta desconocer [&hellip;]<\/p>\n","protected":false},"author":21,"featured_media":46697,"comment_status":"open","ping_status":"closed","sticky":false,"template":"","format":"standard","meta":{"footnotes":""},"categories":[957,51,1284,826,958,953,935],"tags":[1160,79,58,567,147,23,545,87,148,27,483],"class_list":["post-46696","post","type-post","status-publish","format-standard","has-post-thumbnail","hentry","category-autonomia","category-autor","category-latinoamerica","category-medios-libres-2","category-megaproyectos","category-mundo","category-temas","tag-amazonia","tag-autonomia","tag-derechos-humanos","tag-megaproyectos","tag-militarizacion","tag-paramilitares","tag-pueblos-indigenas","tag-represion","tag-resistencia","tag-solidaridad","tag-tierra-y-territorio"],"_links":{"self":[{"href":"https:\/\/radiozapatista.org\/index.php?rest_route=\/wp\/v2\/posts\/46696","targetHints":{"allow":["GET"]}}],"collection":[{"href":"https:\/\/radiozapatista.org\/index.php?rest_route=\/wp\/v2\/posts"}],"about":[{"href":"https:\/\/radiozapatista.org\/index.php?rest_route=\/wp\/v2\/types\/post"}],"author":[{"embeddable":true,"href":"https:\/\/radiozapatista.org\/index.php?rest_route=\/wp\/v2\/users\/21"}],"replies":[{"embeddable":true,"href":"https:\/\/radiozapatista.org\/index.php?rest_route=%2Fwp%2Fv2%2Fcomments&post=46696"}],"version-history":[{"count":2,"href":"https:\/\/radiozapatista.org\/index.php?rest_route=\/wp\/v2\/posts\/46696\/revisions"}],"predecessor-version":[{"id":46701,"href":"https:\/\/radiozapatista.org\/index.php?rest_route=\/wp\/v2\/posts\/46696\/revisions\/46701"}],"wp:featuredmedia":[{"embeddable":true,"href":"https:\/\/radiozapatista.org\/index.php?rest_route=\/wp\/v2\/media\/46697"}],"wp:attachment":[{"href":"https:\/\/radiozapatista.org\/index.php?rest_route=%2Fwp%2Fv2%2Fmedia&parent=46696"}],"wp:term":[{"taxonomy":"category","embeddable":true,"href":"https:\/\/radiozapatista.org\/index.php?rest_route=%2Fwp%2Fv2%2Fcategories&post=46696"},{"taxonomy":"post_tag","embeddable":true,"href":"https:\/\/radiozapatista.org\/index.php?rest_route=%2Fwp%2Fv2%2Ftags&post=46696"}],"curies":[{"name":"wp","href":"https:\/\/api.w.org\/{rel}","templated":true}]}}