{"id":46678,"date":"2023-11-06T11:48:28","date_gmt":"2023-11-06T17:48:28","guid":{"rendered":"https:\/\/radiozapatista.org\/?p=46678"},"modified":"2023-11-08T08:24:53","modified_gmt":"2023-11-08T14:24:53","slug":"pronunciamiento-del-encuentro-en-defensa-de-la-medicina-tradicional","status":"publish","type":"post","link":"https:\/\/radiozapatista.org\/?p=46678","title":{"rendered":"Pronunciamiento del encuentro en defensa de la medicina tradicional"},"content":{"rendered":"<p>Al pueblo de M\u00e9xico.<br \/>\nA los medios de comunicaci\u00f3n<br \/>\nA la Sexta Nacional e Internacional<\/p>\n<p>Han pasado cuatro a\u00f1os desde que el cacique Fabio Flores S\u00e1nchez, alias La Polla, junto con el apoyo de los gobiernos, atentaron contra la vida de las autoridades de la comunidad aut\u00f3noma de San Lorenzo Azquelt\u00e1n, municipio de Villa Guerrero, Jalisco, quienes no han podido recuperar su salud mientras los gobiernos siguen protegiendo y garantizando impunidad a los agresores, que no han sido detenidos pese a las \u00f3rdenes de aprehensi\u00f3n existentes.<\/p>\n<p>Pensaron que con esto la comunidad detendr\u00eda su lucha por el territorio y autonom\u00eda, pero eso no pas\u00f3, sino que su lucha se ha hecho m\u00e1s fuerte, por lo que desde este espacio decimos que Azquelt\u00e1n vive y la lucha sigue.<\/p>\n<p>Lo decimos estando reunidos los colectivos, pueblos, naciones y tribus de los estados de Colima, Michoac\u00e1n, Nayarit, Ciudad de M\u00e9xico, Coahuila, Chiapas, Veracruz, Yucat\u00e1n y Jalisco, que nos dimos cita en el Encuentro en Defensa de la Medicina Tradicional, llevado a cabo los d\u00edas 4 y 5 de noviembre de 2023.<\/p>\n<p>La salud de las personas y de los pueblos es una sola, por lo que estamos decididos a enfrentar la guerra de los poderosos en todos los niveles con nuestra organizaci\u00f3n y autonom\u00eda.<\/p>\n<p>Y por eso, enviamos nuestra solidaridad y respeto con los pueblos\u00a0 zapatista ante la guerra que los malos gobiernos est\u00e1n desplegando en su territorio para borrarlos de la geograf\u00eda del poder.<\/p>\n<p><!--more-->Enviamos nuestra solidaridad y respeto a los pueblos originarios que a lo largo y ancho de M\u00e9xico est\u00e1n siendo invadidos por las guerras capitalistas.<\/p>\n<p>Enviamos\u00a0 nuestra solidaridad y respeto con el pueblo palestino ante la guerra que los poderosos del mundo extienden en la franja de Gaza, para tratar de borrarlos de esa misma geograf\u00eda mediante el genocidio.<\/p>\n<p>As\u00ed lo han querido hacer con Azquelt\u00e1n para borrarlos tambi\u00e9n de la geograf\u00eda del poder, que quiere ese mismo territorio al servicio de los intereses de caciques que solo sirven al dinero.<\/p>\n<p>Por ello, solo cultivando nuestra propia \u201cVida y Esperanza\u201d, como lo reza el nombre de la cl\u00ednica aut\u00f3noma de Azquelt\u00e1n, como lo hace tambi\u00e9n el sistema de salud zapatista y como lo hace el pueblo palestino ante la destrucci\u00f3n de hospitales por los misiles de Isrrael, podremos proteger la vida.<\/p>\n<p>Por eso, decimos que la salud de nuestra madre tierra y de nuestros pueblos, es la vida\u00a0 por la que luchamos y lucharemos.<\/p>\n<p>Atentamente, Noviembre de 2023<\/p>\n<p>Comunidad Aut\u00f3noma Wix\u00e1rika y Tepehuana de San Lorenzo de Azquelt\u00e1n<\/p>\n<p>Pueblos y colectivos asistentes al encuentro en defensa de medicina tradicional.<br \/>\n<\/p>","protected":false},"excerpt":{"rendered":"<p>Al pueblo de M\u00e9xico. A los medios de comunicaci\u00f3n A la Sexta Nacional e Internacional Han pasado cuatro a\u00f1os desde que el cacique Fabio Flores S\u00e1nchez, alias La Polla, junto con el apoyo de los gobiernos, atentaron contra la vida de las autoridades de la comunidad aut\u00f3noma de San Lorenzo Azquelt\u00e1n, municipio de Villa Guerrero, [&hellip;]<\/p>\n","protected":false},"author":21,"featured_media":46679,"comment_status":"open","ping_status":"closed","sticky":false,"template":"","format":"standard","meta":{"footnotes":""},"categories":[957,51,826,958,954,935],"tags":[79,58,1438,567,147,545,87,148,27,483],"class_list":["post-46678","post","type-post","status-publish","format-standard","has-post-thumbnail","hentry","category-autonomia","category-autor","category-medios-libres-2","category-megaproyectos","category-mexico","category-temas","tag-autonomia","tag-derechos-humanos","tag-medicina-tradicional","tag-megaproyectos","tag-militarizacion","tag-pueblos-indigenas","tag-represion","tag-resistencia","tag-solidaridad","tag-tierra-y-territorio"],"_links":{"self":[{"href":"https:\/\/radiozapatista.org\/index.php?rest_route=\/wp\/v2\/posts\/46678","targetHints":{"allow":["GET"]}}],"collection":[{"href":"https:\/\/radiozapatista.org\/index.php?rest_route=\/wp\/v2\/posts"}],"about":[{"href":"https:\/\/radiozapatista.org\/index.php?rest_route=\/wp\/v2\/types\/post"}],"author":[{"embeddable":true,"href":"https:\/\/radiozapatista.org\/index.php?rest_route=\/wp\/v2\/users\/21"}],"replies":[{"embeddable":true,"href":"https:\/\/radiozapatista.org\/index.php?rest_route=%2Fwp%2Fv2%2Fcomments&post=46678"}],"version-history":[{"count":2,"href":"https:\/\/radiozapatista.org\/index.php?rest_route=\/wp\/v2\/posts\/46678\/revisions"}],"predecessor-version":[{"id":46705,"href":"https:\/\/radiozapatista.org\/index.php?rest_route=\/wp\/v2\/posts\/46678\/revisions\/46705"}],"wp:featuredmedia":[{"embeddable":true,"href":"https:\/\/radiozapatista.org\/index.php?rest_route=\/wp\/v2\/media\/46679"}],"wp:attachment":[{"href":"https:\/\/radiozapatista.org\/index.php?rest_route=%2Fwp%2Fv2%2Fmedia&parent=46678"}],"wp:term":[{"taxonomy":"category","embeddable":true,"href":"https:\/\/radiozapatista.org\/index.php?rest_route=%2Fwp%2Fv2%2Fcategories&post=46678"},{"taxonomy":"post_tag","embeddable":true,"href":"https:\/\/radiozapatista.org\/index.php?rest_route=%2Fwp%2Fv2%2Ftags&post=46678"}],"curies":[{"name":"wp","href":"https:\/\/api.w.org\/{rel}","templated":true}]}}