{"id":46592,"date":"2023-10-30T13:42:41","date_gmt":"2023-10-30T19:42:41","guid":{"rendered":"https:\/\/radiozapatista.org\/?p=46592"},"modified":"2023-10-30T13:42:41","modified_gmt":"2023-10-30T19:42:41","slug":"silenciamiento-de-la-solidaridad-con-palestina-provoca-boicot-contra-empresas","status":"publish","type":"post","link":"https:\/\/radiozapatista.org\/?p=46592","title":{"rendered":"Silenciamiento de la solidaridad con Palestina provoca boicot contra empresas"},"content":{"rendered":"<p>Fuente: <a href=\"https:\/\/avispa.org\/silenciamiento-de-la-solidaridad-con-palestina-provoca-boicot-contra-empresas\/\">Avispa Midia<\/a><\/p>\n<p>Por Santiago Navarro F<\/p>\n<div class=\"tdb-block-inner td-fix-index\">\n<p>Mientras que Israel endurece el bombardeo hacia la Franja de Gaza asegurando que ha realizado al menos 320 ataques a objetivos militares del grupo armado Ham\u00e1s, los medios y periodistas locales aseguran que la mayor\u00eda de los ataques han sido dirigidos hacia casas-habitaci\u00f3n, escuelas, hospitales y centros civiles.<\/p>\n<p>Los ataques de Israel han dejado al menos 5 mil muertos y, de ellos, se contabilizan 2 mil ni\u00f1os y ni\u00f1as, seg\u00fan los medios palestinos. Solo en las \u00faltimas 24 horas se han reportado m\u00e1s de medio millar de personas muertas. Suman tambi\u00e9n 21 periodistas perecidos mientras cubr\u00edan los hechos seg\u00fan datos del Comit\u00e9 para la Protecci\u00f3n de los Periodistas (CPJ).<\/p>\n<p>La solidaridad hacia el pueblo palestino va en aumento. Estallan cientos de protestas en diversas partes del mundo exigiendo que se detenga el bombardeo israel\u00ed.<\/p>\n<div class=\"wp-block-image\">\n<figure class=\"alignleft size-medium is-resized\"><a class=\"td-modal-image\" href=\"https:\/\/avispa.org\/wp-content\/uploads\/2023\/10\/SolidaridadPalestina-7.jpeg\"><img loading=\"lazy\" decoding=\"async\" class=\"wp-image-104562\" src=\"https:\/\/avispa.org\/wp-content\/uploads\/2023\/10\/SolidaridadPalestina-7-223x300.jpeg\" sizes=\"auto, (max-width: 223px) 100vw, 223px\" srcset=\"https:\/\/avispa.org\/wp-content\/uploads\/2023\/10\/SolidaridadPalestina-7-223x300.jpeg 223w, https:\/\/avispa.org\/wp-content\/uploads\/2023\/10\/SolidaridadPalestina-7-762x1024.jpeg 762w, https:\/\/avispa.org\/wp-content\/uploads\/2023\/10\/SolidaridadPalestina-7-768x1033.jpeg 768w, https:\/\/avispa.org\/wp-content\/uploads\/2023\/10\/SolidaridadPalestina-7-696x936.jpeg 696w, https:\/\/avispa.org\/wp-content\/uploads\/2023\/10\/SolidaridadPalestina-7-1068x1436.jpeg 1068w, https:\/\/avispa.org\/wp-content\/uploads\/2023\/10\/SolidaridadPalestina-7-312x420.jpeg 312w, https:\/\/avispa.org\/wp-content\/uploads\/2023\/10\/SolidaridadPalestina-7.jpeg 1080w\" alt=\"\" width=\"223\" height=\"300\" \/><\/a><figcaption class=\"wp-element-caption\"><em><sup>Marchas multitudinarias se han registrado en pa\u00edses del medio oriente para exigir un alto a las agresiones israel\u00edes contra Palestina<\/sup><\/em><\/figcaption><\/figure>\n<\/div>\n<p>Desde los Estados Unidos, donde su gobierno ha respaldado pol\u00edticamente y con armas a Israel, diversas colectividades han convocado a realizar m\u00faltiples acciones organizadas para exigir un alto al fuego hacia Gaza. Hacen un llamado a boicotear a empresas que apoyan a Israel como Amazon, Google, entre otros, adem\u00e1s de medios de comunicaci\u00f3n masivos.<\/p>\n<p>Desde Washington D.C., la organizaci\u00f3n La Mayor\u00eda Creciente (The Rising Majority) ha exigido que el presidente Joe Biden y el Congreso de EEUU pidan un alto al fuego inmediato en Gaza.<\/p>\n<p>\u201cSomos personas de conciencia, que nos unimos por encima de credos, razas y generaciones, para decirle al presidente Biden y al Congreso que tienen que tomar una decisi\u00f3n: defender el valor de la vida humana y reducir la violencia o seguir apoyando la masacre del pueblo palestino por parte del gobierno israel\u00ed\u201d, ha expresado la organizaci\u00f3n.<\/p>\n<p>De la misma forma, La Red Media Justice ha emitido una declaraci\u00f3n en solidaridad con la resistencia palestina y ha denunciado la complicidad de las grandes empresas tecnol\u00f3gicas con lo que llaman \u201cel apartheid israel\u00ed\u201d.<\/p>\n<p>Denuncian los cortes de internet, la desinformaci\u00f3n, la tecnolog\u00eda de vigilancia utilizada por Amazon y la polic\u00eda desplegada en Gaza y el silenciamiento de la disidencia. \u201cEstamos viendo en tiempo real los peligros de un entorno medi\u00e1tico y tecnol\u00f3gico que funciona con impunidad en nombre del inter\u00e9s del colonialismo\u201d, puntualiza la Red.<\/p>\n<p>Esta organizaci\u00f3n va m\u00e1s all\u00e1 al se\u00f1alar a las corporaciones de los medios de comunicaci\u00f3n que vinculan a todo el pueblo Palestino con los actos realizados por Ham\u00e1s, creando una narrativa que desinforma.<\/p>\n<figure class=\"wp-block-gallery has-nested-images columns-default is-cropped wp-block-gallery-1 is-layout-flex wp-block-gallery-is-layout-flex\">\n<figure class=\"wp-block-image size-large\"><a class=\"td-modal-image\" href=\"https:\/\/avispa.org\/wp-content\/uploads\/2023\/10\/SolidaridadPalestina-2.jpg\"><img loading=\"lazy\" decoding=\"async\" class=\"wp-image-104557\" src=\"https:\/\/avispa.org\/wp-content\/uploads\/2023\/10\/SolidaridadPalestina-2.jpg\" sizes=\"auto, (max-width: 1024px) 100vw, 1024px\" srcset=\"https:\/\/avispa.org\/wp-content\/uploads\/2023\/10\/SolidaridadPalestina-2.jpg 1024w, https:\/\/avispa.org\/wp-content\/uploads\/2023\/10\/SolidaridadPalestina-2-300x225.jpg 300w, https:\/\/avispa.org\/wp-content\/uploads\/2023\/10\/SolidaridadPalestina-2-768x576.jpg 768w, https:\/\/avispa.org\/wp-content\/uploads\/2023\/10\/SolidaridadPalestina-2-696x522.jpg 696w, https:\/\/avispa.org\/wp-content\/uploads\/2023\/10\/SolidaridadPalestina-2-560x420.jpg 560w, https:\/\/avispa.org\/wp-content\/uploads\/2023\/10\/SolidaridadPalestina-2-80x60.jpg 80w, https:\/\/avispa.org\/wp-content\/uploads\/2023\/10\/SolidaridadPalestina-2-265x198.jpg 265w\" alt=\"\" width=\"1024\" height=\"768\" data-id=\"104557\" \/><\/a><\/figure>\n<figure class=\"wp-block-image size-large\"><a class=\"td-modal-image\" href=\"https:\/\/avispa.org\/wp-content\/uploads\/2023\/10\/SolidaridadPalestina-1.jpg\"><img loading=\"lazy\" decoding=\"async\" class=\"wp-image-104556\" src=\"https:\/\/avispa.org\/wp-content\/uploads\/2023\/10\/SolidaridadPalestina-1.jpg\" sizes=\"auto, (max-width: 1024px) 100vw, 1024px\" srcset=\"https:\/\/avispa.org\/wp-content\/uploads\/2023\/10\/SolidaridadPalestina-1.jpg 1024w, https:\/\/avispa.org\/wp-content\/uploads\/2023\/10\/SolidaridadPalestina-1-300x225.jpg 300w, https:\/\/avispa.org\/wp-content\/uploads\/2023\/10\/SolidaridadPalestina-1-768x576.jpg 768w, https:\/\/avispa.org\/wp-content\/uploads\/2023\/10\/SolidaridadPalestina-1-696x522.jpg 696w, https:\/\/avispa.org\/wp-content\/uploads\/2023\/10\/SolidaridadPalestina-1-560x420.jpg 560w, https:\/\/avispa.org\/wp-content\/uploads\/2023\/10\/SolidaridadPalestina-1-80x60.jpg 80w, https:\/\/avispa.org\/wp-content\/uploads\/2023\/10\/SolidaridadPalestina-1-265x198.jpg 265w\" alt=\"\" width=\"1024\" height=\"768\" data-id=\"104556\" \/><\/a><\/figure><figcaption class=\"blocks-gallery-caption wp-element-caption\"><em><sup>Protestas realizadas en Uruguay para demostrar solidaridad con Palestina. <\/sup><\/em><\/figcaption><\/figure>\n<p>\u201cExiste un largo historial de medios de comunicaci\u00f3n que han fallado a comunidades hist\u00f3ricamente marginadas, comunidades de color y a sus historias de resistencia. Las narrativas raciales del colonialismo justifican la violencia infligida a los palestinos. Sabemos que los medios de comunicaci\u00f3n y la tecnolog\u00eda son as\u00ed. Los grandes medios de comunicaci\u00f3n representan al poder, eligen qui\u00e9n puede contar sus historias y qui\u00e9n puede representar sus intereses\u201d, asevera la La Red Media Justice.<\/p>\n<p>As\u00ed mismo, otras colectividades relacionadas con el uso de diversas tecnolog\u00edas, como La Asociaci\u00f3n para el Progreso de las Comunicaciones (APC), el Centro de Derechos Constitucionales y diversas organizaciones de la sociedad Civil exigen a las empresas tecnol\u00f3gicas, sobre todo a las de redes sociales, que respeten los derechos b\u00e1sicos de la informaci\u00f3n.<\/p>\n<p>La APC cita al Centro \u00c1rabe para el Avance de los Medios Sociales, qui\u00e9n document\u00f3 en d\u00edas pasados que al menos 19 mil tuits, de un total de 23 mil mensajes en hebreo de la plataforma &#8220;X&#8221;, inclu\u00eda, entre otras cosas, \u201cincitaci\u00f3n al odio y racismo contra los palestinos. Por otra parte, diferentes plataformas de medios sociales est\u00e1n inundadas de desinformaci\u00f3n, lo que contribuye a etiquetar, deshumanizar y estereotipar a los palestinos\u201d, dice APC.<\/p>\n<p>La <em>Red Media Justice<\/em> ha registrado que, Amazon Web Services (AWS) y Google, firmaron desde 2021 un contrato de 1.200 millones de d\u00f3lares con el gobierno de Israel para un proyecto emblem\u00e1tico llamado &#8220;Proyecto Nimbus&#8221;, con el fin de proporcionar un &#8220;ecosistema&#8221; de servicios en la nube para el gobierno israel\u00ed.<\/p>\n<p>Los dos gigantes tecnol\u00f3gicos ganaron, en el a\u00f1o 2021, los concursos p\u00fablicos para construir y proporcionar a Israel sus centros de datos y servicios regionales basados en la nube. Este proyecto permitir\u00e1 a los \u00f3rganos de gobierno israel\u00edes transferir sus datos alojados la nube proporcionados por Google y AWS en Irlanda, Holanda y Fr\u00e1ncfort. Este proyecto esta pensado a gran escala, dirigida conjuntamente por la Administraci\u00f3n de Contrataci\u00f3n P\u00fablica de la Divisi\u00f3n del Contable General y la Agencia Digital Nacional, junto con la Direcci\u00f3n Nacional Cibern\u00e9tica de Israel, el Departamento de Presupuestos del Ministerio de Hacienda y el Departamento de Gobernanza y Asuntos Sociales de la Oficina del Primer Ministro.<\/p>\n<figure class=\"wp-block-gallery has-nested-images columns-2 is-cropped wp-block-gallery-3 is-layout-flex wp-block-gallery-is-layout-flex\">\n<figure class=\"wp-block-image size-large\"><a class=\"td-modal-image\" href=\"https:\/\/avispa.org\/wp-content\/uploads\/2023\/10\/SolidaridadPalestina-6.jpeg\"><img loading=\"lazy\" decoding=\"async\" class=\"wp-image-104561\" src=\"https:\/\/avispa.org\/wp-content\/uploads\/2023\/10\/SolidaridadPalestina-6-1024x682.jpeg\" sizes=\"auto, (max-width: 1024px) 100vw, 1024px\" srcset=\"https:\/\/avispa.org\/wp-content\/uploads\/2023\/10\/SolidaridadPalestina-6-1024x682.jpeg 1024w, https:\/\/avispa.org\/wp-content\/uploads\/2023\/10\/SolidaridadPalestina-6-300x200.jpeg 300w, https:\/\/avispa.org\/wp-content\/uploads\/2023\/10\/SolidaridadPalestina-6-768x512.jpeg 768w, https:\/\/avispa.org\/wp-content\/uploads\/2023\/10\/SolidaridadPalestina-6-696x464.jpeg 696w, https:\/\/avispa.org\/wp-content\/uploads\/2023\/10\/SolidaridadPalestina-6-1068x712.jpeg 1068w, https:\/\/avispa.org\/wp-content\/uploads\/2023\/10\/SolidaridadPalestina-6-630x420.jpeg 630w, https:\/\/avispa.org\/wp-content\/uploads\/2023\/10\/SolidaridadPalestina-6.jpeg 1280w\" alt=\"\" width=\"1024\" height=\"682\" data-id=\"104561\" \/><\/a><\/figure>\n<figure class=\"wp-block-image size-large\"><a class=\"td-modal-image\" href=\"https:\/\/avispa.org\/wp-content\/uploads\/2023\/10\/SolidaridadPalestina-5.jpeg\"><img loading=\"lazy\" decoding=\"async\" class=\"wp-image-104560\" src=\"https:\/\/avispa.org\/wp-content\/uploads\/2023\/10\/SolidaridadPalestina-5-1024x682.jpeg\" sizes=\"auto, (max-width: 1024px) 100vw, 1024px\" srcset=\"https:\/\/avispa.org\/wp-content\/uploads\/2023\/10\/SolidaridadPalestina-5-1024x682.jpeg 1024w, https:\/\/avispa.org\/wp-content\/uploads\/2023\/10\/SolidaridadPalestina-5-300x200.jpeg 300w, https:\/\/avispa.org\/wp-content\/uploads\/2023\/10\/SolidaridadPalestina-5-768x512.jpeg 768w, https:\/\/avispa.org\/wp-content\/uploads\/2023\/10\/SolidaridadPalestina-5-696x464.jpeg 696w, https:\/\/avispa.org\/wp-content\/uploads\/2023\/10\/SolidaridadPalestina-5-1068x712.jpeg 1068w, https:\/\/avispa.org\/wp-content\/uploads\/2023\/10\/SolidaridadPalestina-5-630x420.jpeg 630w, https:\/\/avispa.org\/wp-content\/uploads\/2023\/10\/SolidaridadPalestina-5.jpeg 1280w\" alt=\"\" width=\"1024\" height=\"682\" data-id=\"104560\" \/><\/a><\/figure>\n<figure class=\"wp-block-image size-large\"><a class=\"td-modal-image\" href=\"https:\/\/avispa.org\/wp-content\/uploads\/2023\/10\/SolidaridadPalestina-4.jpeg\"><img loading=\"lazy\" decoding=\"async\" class=\"wp-image-104559\" src=\"https:\/\/avispa.org\/wp-content\/uploads\/2023\/10\/SolidaridadPalestina-4-1024x576.jpeg\" sizes=\"auto, (max-width: 1024px) 100vw, 1024px\" srcset=\"https:\/\/avispa.org\/wp-content\/uploads\/2023\/10\/SolidaridadPalestina-4-1024x576.jpeg 1024w, https:\/\/avispa.org\/wp-content\/uploads\/2023\/10\/SolidaridadPalestina-4-300x169.jpeg 300w, https:\/\/avispa.org\/wp-content\/uploads\/2023\/10\/SolidaridadPalestina-4-768x432.jpeg 768w, https:\/\/avispa.org\/wp-content\/uploads\/2023\/10\/SolidaridadPalestina-4-1536x864.jpeg 1536w, https:\/\/avispa.org\/wp-content\/uploads\/2023\/10\/SolidaridadPalestina-4-696x392.jpeg 696w, https:\/\/avispa.org\/wp-content\/uploads\/2023\/10\/SolidaridadPalestina-4-1068x601.jpeg 1068w, https:\/\/avispa.org\/wp-content\/uploads\/2023\/10\/SolidaridadPalestina-4-747x420.jpeg 747w, https:\/\/avispa.org\/wp-content\/uploads\/2023\/10\/SolidaridadPalestina-4.jpeg 1600w\" alt=\"\" width=\"1024\" height=\"576\" data-id=\"104559\" \/><\/a><\/figure><figcaption class=\"blocks-gallery-caption wp-element-caption\"><em><sup>Cientos de miles han salido a las calles alrededor del mundo para expresar su solidarida con Palestina.<\/sup><\/em><\/figcaption><\/figure>\n<p>Para los activistas de la <em>Red Media Justice<\/em>, Nimbus est\u00e1 dise\u00f1ado para ampliar las capacidades de inteligencia artificial de Israel, \u201cincluidas las utilizadas para vigilar a los activistas palestinos, vigilar la frontera de Gaza, obligar a los palestinos a abandonar sus tierras y operar el sistema de seguridad C\u00fapula de Hierro de Israel\u201d.<\/p>\n<p>Tras la firma de este convenio surgi\u00f3 en EEUU el movimiento #NoTechForApartheid, quienes han logrado recabar m\u00e1s 40 mil firmas de ciudadanos estadounidenses, a trav\u00e9s del cual exige a Google y Amazon que &#8220;dejen de tratar con el r\u00e9gimen de apartheid israel\u00ed y se retiren del proyecto Nimbus&#8221;, se\u00f1alan los integrantes de esta campa\u00f1a.<\/p>\n<p>\u201cPor eso nos solidarizamos con nuestros compa\u00f1eros de <em>Mpower Change<\/em> y <em>Jewish Voices for Peace<\/em> en la campa\u00f1a #NoTechforApartheid, que ha organizado a cientos de estudiantes, trabajadores tecnol\u00f3gicos y activistas para que las empresas tecnol\u00f3gicas rindan cuentas por suministrar tecnolog\u00eda para la guerra y la violencia de Estado\u201d, puntualiza la Red.<\/p>\n<p>Esta Red ha trabajado en el informe <em>Open for Business <\/em>del Departamento de Seguridad Nacional, que pone de relieve la inversi\u00f3n de las grandes empresas tecnol\u00f3gicas en la potenciaci\u00f3n de la polic\u00eda local. \u201cUtilizan el reconocimiento facial, las c\u00e1maras corporales y otras formas de vigilancia tecnol\u00f3gica\u201d, denuncia el colectivo.<\/p>\n<p>En las multitudinarias protestas se han sumado las voces de miles de personas desde Francia, Chile, Filipinas, Egipto, Sarajevo, Herzegovina, Uruguay, Irlanda a Escocia, del Reino Unido, Alemania, Italia, Espa\u00f1a, Francia a Polonia, de Ruman\u00eda a Bosnia, de Dinamarca a B\u00e9lgica, Australia, Canad\u00e1, EEUU y M\u00e9xico, donde se han movilizado miles de personas que exigen un alto a los ataques contra Palestina.<\/p>\n<figure class=\"wp-block-image size-large\"><a class=\"td-modal-image\" href=\"https:\/\/avispa.org\/wp-content\/uploads\/2023\/10\/SolidaridadPalestinaML-11.jpg\"><img loading=\"lazy\" decoding=\"async\" class=\"wp-image-104563\" src=\"https:\/\/avispa.org\/wp-content\/uploads\/2023\/10\/SolidaridadPalestinaML-11-1024x768.jpg\" sizes=\"auto, (max-width: 1024px) 100vw, 1024px\" srcset=\"https:\/\/avispa.org\/wp-content\/uploads\/2023\/10\/SolidaridadPalestinaML-11-1024x768.jpg 1024w, https:\/\/avispa.org\/wp-content\/uploads\/2023\/10\/SolidaridadPalestinaML-11-300x225.jpg 300w, https:\/\/avispa.org\/wp-content\/uploads\/2023\/10\/SolidaridadPalestinaML-11-768x576.jpg 768w, https:\/\/avispa.org\/wp-content\/uploads\/2023\/10\/SolidaridadPalestinaML-11-696x522.jpg 696w, https:\/\/avispa.org\/wp-content\/uploads\/2023\/10\/SolidaridadPalestinaML-11-1068x801.jpg 1068w, https:\/\/avispa.org\/wp-content\/uploads\/2023\/10\/SolidaridadPalestinaML-11-560x420.jpg 560w, https:\/\/avispa.org\/wp-content\/uploads\/2023\/10\/SolidaridadPalestinaML-11-80x60.jpg 80w, https:\/\/avispa.org\/wp-content\/uploads\/2023\/10\/SolidaridadPalestinaML-11-265x198.jpg 265w, https:\/\/avispa.org\/wp-content\/uploads\/2023\/10\/SolidaridadPalestinaML-11.jpg 1280w\" alt=\"\" width=\"1024\" height=\"768\" \/><\/a><figcaption class=\"wp-element-caption\"><em><sup>Movilizaci\u00f3n en Ciudad de M\u00e9xico en solidaridad con Palestina. Foto: Medios Libres<\/sup><\/em><\/figcaption><\/figure>\n<p>Los activistas advierten que hay personas que est\u00e1n siendo intimidadas en l\u00ednea para reducir el apoyo p\u00fablico a Palestina, incluso, usando el llamado \u201cdoxxing\u201d que es una forma de acoso en l\u00ednea que consiste en exponer p\u00fablicamente el nombre real, la direcci\u00f3n, el trabajo y otras informaciones personales.<\/p>\n<p>\u201cLa solidaridad pro-palestina est\u00e1 siendo activamente silenciada a trav\u00e9s de algoritmos de redes sociales, la manipulaci\u00f3n de los medios de comunicaci\u00f3n, la magnificaci\u00f3n de la ret\u00f3rica racista y el doxxing activo de individuos y organizaciones que se atreven a hablar\u201d, arremete La Red Media Justice<\/p>\n<p>La Red apela al derecho a la informaci\u00f3n y a la libertad de expresi\u00f3n como algo fundamental y b\u00e1sico para la dignidad de todas las personas.<\/p>\n<\/div>\n<p><\/p>","protected":false},"excerpt":{"rendered":"<p>Fuente: Avispa Midia Por Santiago Navarro F Mientras que Israel endurece el bombardeo hacia la Franja de Gaza asegurando que ha realizado al menos 320 ataques a objetivos militares del grupo armado Ham\u00e1s, los medios y periodistas locales aseguran que la mayor\u00eda de los ataques han sido dirigidos hacia casas-habitaci\u00f3n, escuelas, hospitales y centros civiles. [&hellip;]<\/p>\n","protected":false},"author":21,"featured_media":46593,"comment_status":"open","ping_status":"closed","sticky":false,"template":"","format":"standard","meta":{"footnotes":""},"categories":[957,51,826,958,953,962,935],"tags":[79,58,1103,53,567,147,112,37,545,87,148,27,483],"class_list":["post-46592","post","type-post","status-publish","format-standard","has-post-thumbnail","hentry","category-autonomia","category-autor","category-medios-libres-2","category-megaproyectos","category-mundo","category-presos","category-temas","tag-autonomia","tag-derechos-humanos","tag-gaza","tag-justicia","tag-megaproyectos","tag-militarizacion","tag-palestina","tag-presos-politicos","tag-pueblos-indigenas","tag-represion","tag-resistencia","tag-solidaridad","tag-tierra-y-territorio"],"_links":{"self":[{"href":"https:\/\/radiozapatista.org\/index.php?rest_route=\/wp\/v2\/posts\/46592","targetHints":{"allow":["GET"]}}],"collection":[{"href":"https:\/\/radiozapatista.org\/index.php?rest_route=\/wp\/v2\/posts"}],"about":[{"href":"https:\/\/radiozapatista.org\/index.php?rest_route=\/wp\/v2\/types\/post"}],"author":[{"embeddable":true,"href":"https:\/\/radiozapatista.org\/index.php?rest_route=\/wp\/v2\/users\/21"}],"replies":[{"embeddable":true,"href":"https:\/\/radiozapatista.org\/index.php?rest_route=%2Fwp%2Fv2%2Fcomments&post=46592"}],"version-history":[{"count":1,"href":"https:\/\/radiozapatista.org\/index.php?rest_route=\/wp\/v2\/posts\/46592\/revisions"}],"predecessor-version":[{"id":46594,"href":"https:\/\/radiozapatista.org\/index.php?rest_route=\/wp\/v2\/posts\/46592\/revisions\/46594"}],"wp:featuredmedia":[{"embeddable":true,"href":"https:\/\/radiozapatista.org\/index.php?rest_route=\/wp\/v2\/media\/46593"}],"wp:attachment":[{"href":"https:\/\/radiozapatista.org\/index.php?rest_route=%2Fwp%2Fv2%2Fmedia&parent=46592"}],"wp:term":[{"taxonomy":"category","embeddable":true,"href":"https:\/\/radiozapatista.org\/index.php?rest_route=%2Fwp%2Fv2%2Fcategories&post=46592"},{"taxonomy":"post_tag","embeddable":true,"href":"https:\/\/radiozapatista.org\/index.php?rest_route=%2Fwp%2Fv2%2Ftags&post=46592"}],"curies":[{"name":"wp","href":"https:\/\/api.w.org\/{rel}","templated":true}]}}