{"id":46568,"date":"2023-10-29T19:32:04","date_gmt":"2023-10-30T01:32:04","guid":{"rendered":"https:\/\/radiozapatista.org\/?p=46568"},"modified":"2023-10-29T19:32:47","modified_gmt":"2023-10-30T01:32:47","slug":"comunicado-la-comunidad-otomi-de-huitzizilapan-alto-a-la-violencia-contra-nuestro-pueblo","status":"publish","type":"post","link":"https:\/\/radiozapatista.org\/?p=46568","title":{"rendered":"[:es]Comunicado | La comunidad Otom\u00ed de Huitzizilapan: \u00a1Alto a la violencia contra nuestro pueblo![:]"},"content":{"rendered":"<p>[:es]<\/p>\n<div class=\"post-content-container\">\n<div class=\"post-content entry-content cf\">\n<p>\u00a1Libertad a los defensores de la monta\u00f1a!<\/p>\n<p>La detenci\u00f3n de cuatro luchadores sociales de Huitzizilapan, pueblo ind\u00edgena otom\u00ed, es un ataque contra nuestra comunidad, orquestado por el Ayuntamiento de Lerma y la Fiscal\u00eda General del Estado de M\u00e9xico, quienes pretenden desorganizarnos para permitir el avance al crimen organizado y as\u00ed, facilitar el acceso a proyectos extractivistas hacia nuestro territorio.<\/p>\n<p>A los medios de comunicaci\u00f3n<\/p>\n<p>A todos los pueblos ind\u00edgenas que han acompa\u00f1ado nuestra defensa<\/p>\n<p>A las organizaciones y colectivos de M\u00e9xico y el mundo<\/p>\n<p>A las y los trabajadores y los pueblos<\/p>\n<p>Huitzizilapan es un pueblo ind\u00edgena Otom\u00ed, ubicado en el Bosque de Agua entre el valle de Toluca y la Ciudad de M\u00e9xico, que ha resguardado sus bosques y sus tierras durante toda su existencia. La base de la forma de vida es organizarse colectivamente para tener donde vivir, agua que tomar y tierra para trabajar. Para lograr esta armon\u00eda entre los bosques, la vida y la gente, ha sido necesaria la defensa de nuestro territorio espiritual y f\u00edsico, territorio que han querido saquear por parte de intereses econ\u00f3micos y pol\u00edticos.<\/p>\n<p>As\u00ed lo hicieron al imponernos el paso de la autopista Toluca-Naucalpan y quitarnos un pedazo territorio fragmentando tambi\u00e9n pueblos vecinos sin que el proyecto tuviera alg\u00fan beneficio a nuestras comunidades. Despu\u00e9s, estos mismos intereses, quisieron cambiar la forma de propiedad comunal de nuestras tierras y la forma en que administramos nuestros espacios comunitarios, como escuelas, panteones y delegaciones, sin embargo, hemos resistido.<\/p>\n<p>En estos actos de despojo, las autoridades estatales llegaron al punto de enviarnos cientos de granaderos en el 2014, porque as\u00ed pretend\u00edan tomar una decisi\u00f3n a puerta cerrada, donde el pueblo no fuera tomado en cuenta, pero nos movilizamos y no lo permitimos. Por eso nos han se\u00f1alado, por resistir y mantenernos unidos y organizados ante los intereses externos.<\/p>\n<p>Sumado a los actos de despojo, un nuevo fen\u00f3meno ha venido creciendo, fomentado y solapado por las autoridades municipales: la presencia de la delincuencia y el crimen organizado, que busca fracturar y desmovilizar nuestra organizaci\u00f3n y defensa del pueblo.<\/p>\n<p>Las denuncias por estos hechos han sido incontables y sin respuesta alguna; los ladrones que se han insertado al interior de la comunidad con el cobijo de las autoridades oficiales, roban los carros y animales, se meten a las casas, a los talleres de oficios y saquean el esfuerzo del trabajo; salir de casa ya es imposible, se tiran balazos, ingresan veh\u00edculos de fuera y se tiran cuerpos; as\u00ed, la tranquilidad ha sido arrebatada. La mayor\u00eda de los habitantes han sido v\u00edctimas de esta delincuencia sin que exista respuesta de las autoridades, que en todas las campa\u00f1as han prometido seguridad y nunca han cumplido. La polic\u00eda municipal tiene escasa presencia y cuando lo hace es para disfrazar la situaci\u00f3n y recibir su respectiva cuota.<\/p>\n<p>Todo esto, ocurriendo de manera exponencial y haciendo un notable caso omiso de nuestras exigencias de seguridad durante el periodo de gobierno municipal de Miguel \u00c1ngel Ram\u00edrez Ponce y del gobierno estatal de Alfredo del Mazo Maza.<\/p>\n<p>Ahora, de manera sorpresiva han sido detenidos desde el pasado 28 de septiembre cuatro compa\u00f1eros de la comunidad, acus\u00e1ndolos sin pruebas, de un hecho que fue responsabilidad del gobierno municipal y estatal al no garantizarseguridad a la poblaci\u00f3n y no dar soluciones a las tantas denuncias por robos y violencias ejercidas dentro de la comunidad. Tantas veces se solicit\u00f3 la intervenci\u00f3n para que cesaran los actos delictivos y agravios a nuestra poblaci\u00f3n.<\/p>\n<p>Estas detenciones arbitrarias, son un acto claramente dirigido de manera selectiva hacia figuras visibles de la organizaci\u00f3n social de Huitzizilapan. Y es que, la madrugada de ese jueves, con un fuerte despliegue policial fueron cateadas las casas de los compa\u00f1eros y se los llevaron, provocando miedo y golpeando a sus esposas e hijos. Posteriormente, en las audiencias les ha sido dictado vinculaci\u00f3n a proceso.<\/p>\n<p>Desde la Monta\u00f1a, se\u00f1alamos que esta es una intimidaci\u00f3n a nuestra comunidad, porque les da miedo nuestra uni\u00f3n y quieren culparnos de algo que es responsabilidad del municipio, del gobierno estatal y federal, as\u00ed como del sistema de justicia que tantas veces nos neg\u00f3 a investigar los delitos cometidos contra cada persona integrante del pueblo.<\/p>\n<p>Por todo lo anterior, llamamos a la m\u00e1s amplia solidaridad con nuestro pueblo y a los distintos niveles de gobierno les demandamos de manera inmediata:<\/p>\n<p>-Libertad incondicional a los presos pol\u00edticos de Huitzizilapan Marco Antonio Salinas, Ram\u00f3n Roldan Gonz\u00e1lez, Guillermo Moreno D\u00edaz y El\u00edas Moreno Basilio<\/p>\n<p>-Exigimos la cancelaci\u00f3n de todas las ordenes de aprensi\u00f3n que existen hacia dem\u00e1s personas integrantes de nuestra comunidad por este caso.<\/p>\n<p>-Exigimos se investigue y se sancione a las autoridades municipales, estatales y judiciales que resulten estar vinculadas al crimen organizado.<\/p>\n<p>-Reclamamos la implementaci\u00f3n de una mesa de seguridad con los distintos niveles de gobierno, en la que se trabaje un sistema de seguridad comunitario, en el que nuestros usos y costumbres se pongan al centro.<\/p>\n<p>-Desde este momento hacemos responsable al gobierno Municipal, encabezado por Miguel \u00c1ngel Ram\u00edrez Ponce, al gobierno del Estado de M\u00e9xico encabezado por ahora la Mtra. Delfina G\u00f3mez \u00c1lvarez y al sistema judicial del Estado de M\u00e9xico de cualquier ataque, acusaci\u00f3n o da\u00f1o que pueda ocurrirle a cualquier integrante de nuestra comunidad.<\/p>\n<p>&nbsp;<\/p>\n<p>De nuestra parte, como comunidad iniciaremos una jornada de movilizaci\u00f3n ininterrumpida hasta que nuestra voz y demandas sean escuchadas.<\/p>\n<p>\u00a1Libertad, libertad, al vecino por luchar!<\/p>\n<p>No se juzga al inocente por su pueblo resguardar.<\/p>\n<p>Defender a nuestro pueblo no es delito.<\/p>\n<\/div>\n<\/div>\n<p>[:]<\/p>\n","protected":false},"excerpt":{"rendered":"<p>[:es] \u00a1Libertad a los defensores de la monta\u00f1a! La detenci\u00f3n de cuatro luchadores sociales de Huitzizilapan, pueblo ind\u00edgena otom\u00ed, es un ataque contra nuestra comunidad, orquestado por el Ayuntamiento de Lerma y la Fiscal\u00eda General del Estado de M\u00e9xico, quienes pretenden desorganizarnos para permitir el avance al crimen organizado y as\u00ed, facilitar el acceso a [&hellip;]<\/p>\n","protected":false},"author":21,"featured_media":46569,"comment_status":"open","ping_status":"closed","sticky":false,"template":"","format":"standard","meta":{"footnotes":""},"categories":[957,51,826,958,954,962,935],"tags":[79,58,1436,53,567,147,23,37,545,87,148,27,483],"class_list":["post-46568","post","type-post","status-publish","format-standard","has-post-thumbnail","hentry","category-autonomia","category-autor","category-medios-libres-2","category-megaproyectos","category-mexico","category-presos","category-temas","tag-autonomia","tag-derechos-humanos","tag-estado-de-mexico","tag-justicia","tag-megaproyectos","tag-militarizacion","tag-paramilitares","tag-presos-politicos","tag-pueblos-indigenas","tag-represion","tag-resistencia","tag-solidaridad","tag-tierra-y-territorio"],"_links":{"self":[{"href":"https:\/\/radiozapatista.org\/index.php?rest_route=\/wp\/v2\/posts\/46568","targetHints":{"allow":["GET"]}}],"collection":[{"href":"https:\/\/radiozapatista.org\/index.php?rest_route=\/wp\/v2\/posts"}],"about":[{"href":"https:\/\/radiozapatista.org\/index.php?rest_route=\/wp\/v2\/types\/post"}],"author":[{"embeddable":true,"href":"https:\/\/radiozapatista.org\/index.php?rest_route=\/wp\/v2\/users\/21"}],"replies":[{"embeddable":true,"href":"https:\/\/radiozapatista.org\/index.php?rest_route=%2Fwp%2Fv2%2Fcomments&post=46568"}],"version-history":[{"count":1,"href":"https:\/\/radiozapatista.org\/index.php?rest_route=\/wp\/v2\/posts\/46568\/revisions"}],"predecessor-version":[{"id":46570,"href":"https:\/\/radiozapatista.org\/index.php?rest_route=\/wp\/v2\/posts\/46568\/revisions\/46570"}],"wp:featuredmedia":[{"embeddable":true,"href":"https:\/\/radiozapatista.org\/index.php?rest_route=\/wp\/v2\/media\/46569"}],"wp:attachment":[{"href":"https:\/\/radiozapatista.org\/index.php?rest_route=%2Fwp%2Fv2%2Fmedia&parent=46568"}],"wp:term":[{"taxonomy":"category","embeddable":true,"href":"https:\/\/radiozapatista.org\/index.php?rest_route=%2Fwp%2Fv2%2Fcategories&post=46568"},{"taxonomy":"post_tag","embeddable":true,"href":"https:\/\/radiozapatista.org\/index.php?rest_route=%2Fwp%2Fv2%2Ftags&post=46568"}],"curies":[{"name":"wp","href":"https:\/\/api.w.org\/{rel}","templated":true}]}}