{"id":46552,"date":"2023-10-26T14:17:04","date_gmt":"2023-10-26T20:17:04","guid":{"rendered":"https:\/\/radiozapatista.org\/?p=46552"},"modified":"2023-10-27T09:19:34","modified_gmt":"2023-10-27T15:19:34","slug":"radios-indigenas-resisten-a-imposicion-de-difundir-propaganda-de-partidos-politicos","status":"publish","type":"post","link":"https:\/\/radiozapatista.org\/?p=46552","title":{"rendered":"Radios ind\u00edgenas resisten a imposici\u00f3n de difundir propaganda de partidos pol\u00edticos"},"content":{"rendered":"<p>Fuente: <a href=\"https:\/\/avispa.org\/radios-indigenas-resisten-a-imposicion-de-difundir-propaganda-de-partidos-politicos\/\">Avispa Midia<\/a><\/p>\n<p>Por Santiago Navarro F<\/p>\n<p>En la memoria de hombres y mujeres, las de m\u00e1s experiencia, guardan el conocimiento de como relacionarse con las plantas, el agua, la monta\u00f1a y de como es ser comunidad, qu\u00e9 implica servir a la comunidad. Generaci\u00f3n tras generaci\u00f3n de forma ritual han transmitido su conocimiento, principalmente, a trav\u00e9s de la v\u00eda oral. Es as\u00ed que, entre las entra\u00f1as de Sierra Nororiental de Puebla, los pueblos Masewal y Tutunaku decidieron ampliar y conservar la palabra a trav\u00e9s de una radio ind\u00edgena, Radio Tosepan Limakxtum.<\/p>\n<p>Fue en el a\u00f1o 2010 cuando las primeras personas que tomaron la iniciativa debat\u00edan cual era la mejor v\u00eda, no para levantar la radio, sino para defenderla. \u201cPlaticamos entonces que pedir una concesi\u00f3n significaba aceptar la pauta program\u00e1tica de lo que era el IFE (Instituto Federal Electoral). No concesionarnos era correr con el riesgo de ser catalogada como una radio clandestina o pirata\u201d, comparte Bonifacio Iturbide Palomo, colaborador de la radio.<\/p>\n<p>La decisi\u00f3n deb\u00eda ser llevada a la m\u00e1xima autoridad de las comunidades, las asambleas. Ah\u00ed se decidi\u00f3 que respaldaban la iniciativa. A trav\u00e9s del trabajo colectivo (conocido como faena) y cooperaciones econ\u00f3micas, sin permiso del Estado, edificaron la cabina y compraron los equipos necesarios, tambi\u00e9n se capacitaron. \u201cFue hasta el mes de septiembre del 2011 que iniciamos nuestra primera transmisi\u00f3n libre. Nuestro tema principal fue el c\u00f3mo cuidar la madre tierra, nuestra lengua y su importancia, la medicina tradicional y nuestra identidad. La armon\u00eda comunitaria que es importante para nosotros como pueblo originario\u201d, cuenta para\u00a0<em>Avispa M\u00eddia<\/em>\u00a0el colaborador de Radio Tosepan.<\/p>\n<p>En el a\u00f1o 2013 en M\u00e9xico se implement\u00f3 una reforma en materia de telecomunicaciones y radiodifusi\u00f3n que supon\u00eda el reconocimiento, a trav\u00e9s de una concesi\u00f3n, a las radios comunitarias e ind\u00edgenas. Hasta el d\u00eda de hoy existen 140 radios comunitarias con concesi\u00f3n y 18 catalogadas como ind\u00edgenas, seg\u00fan datos de las Naciones Unidas.<\/p>\n<p>La reforma no naci\u00f3 de la nada, sino que devino de la necesidad de concretar lo que se hab\u00eda estipulado a ra\u00edz de los llamados\u00a0<em>Acuerdos de San Andr\u00e9s<\/em>, realizados entre el Ejercito Zapatista de Liberaci\u00f3n Nacional (EZLN) y el Gobierno Federal, que entre otros puntos estableci\u00f3 en la fracci\u00f3n VI del art\u00edculo 2\u00b0 de la Constituci\u00f3n Pol\u00edtica de los Estados Unidos Mexicanos:<\/p>\n<p><!--more-->\u201cExtender la red de comunicaciones que permita la integraci\u00f3n de las comunidades, mediante la construcci\u00f3n y ampliaci\u00f3n de v\u00edas de comunicaci\u00f3n y telecomunicaci\u00f3n. Establecer condiciones para que los pueblos y las comunidades ind\u00edgenas puedan adquirir, operar y administrar medios de comunicaci\u00f3n, en los t\u00e9rminos que las leyes de la materia determinen\u201d.<\/p>\n<p>No obstante, esta ley impuso diversas restricciones y obligaciones como la difusi\u00f3n de\u00a0<em>spots<\/em>\u00a0de partidos pol\u00edticos y propaganda de lo que ahora es el Instituto Nacional Electoral (INE). \u201cNosotros nos oponemos a transmitir estos mensajes, porque son contrarios a nuestras formas de organizarnos y en como tomamos nuestras decisiones. Nuestro sistema es de cargos y no son por grupos como los partidos pol\u00edticos que dividen\u201d, agrega Iturbide.<\/p>\n<p>Para Erick Huerta, asesor de la Radio Tosepan y abogado de Redes por la Diversidad, Equidad y Sustentabilidad, AC, el objetivo principal de los medios de comunicaci\u00f3n ind\u00edgenas es fortalecer la autonom\u00eda, la cultura e identidad de los pueblos ind\u00edgenas. \u201cResulta contrario a estos fines el que ellos (los pueblos) se vean obligados a transmitir la publicidad de los partidos pol\u00edticos. Imag\u00ednate que el EZLN, negociando los Acuerdos de San Andr\u00e9s, hubieran aceptado que les daban condiciones para tener sus propias radios, pero ten\u00edan que transmitir propaganda de los partidos pol\u00edticos\u201d, cuestiona el abogado.<\/p>\n<p>Huerta dice para\u00a0<em>Avispa M\u00eddia<\/em>\u00a0que, \u201cesta imposici\u00f3n resulta en una afectaci\u00f3n a la autonom\u00eda de los pueblos. Adem\u00e1s, es contraria a la forma en que se ejerce la autoridad en las comunidades que no es por facciones sino con base al trabajo, apoyo y cargos que han asumido en la comunidad\u201d.<\/p>\n<p>El colaborador de la Radio Tosepan, Iturbide, remarca que en el territorio del pueblo ancestral Masewal de la sierra de puebla tienen prohibida la intromisi\u00f3n de partidos pol\u00edticos, \u201cpero \u00faltimamente ya estamos viendo que hay influencia de ellos. Cada vez m\u00e1s vemos algunos bloques de personas o planillas que quieren ocupar cargos en la comunidad y, esto, no es as\u00ed. Ac\u00e1 tenemos nuestro propio sistema y no es por intereses personales, sino de toda la comunidad. Si permitimos esto se va a romper el tejido comunitario\u201d, adevierte.<\/p>\n<p><strong>La lucha legal<\/strong><\/p>\n<p>Actualmente Radio Tosepan est\u00e1 catalogada en la modalidad de \u201cind\u00edgena\u201d y ha recurrido en diversas ocasiones al Tribunal Electoral del Poder Judicial de la Federaci\u00f3n (TEPJF), en la Ciudad de M\u00e9xico, para que revoque la determinaci\u00f3n que le fue dada el 27 de febrero, la cual dice \u201cque esta radio ind\u00edgena est\u00e1 obligada a incluir en su programaci\u00f3n los<em>\u00a0spots<\/em>\u00a0de partidos pol\u00edticos\u201d.<\/p>\n<p>\u201cHasta el momento no hemos transmitido ninguno de estos mensajes\u201d, afirma Iturbide.<\/p>\n<p>El 5 de julio, con dos votos a favor de la radio y cuatro en contra, el Tribunal Electoral resolvi\u00f3 denegar la solicitud de este pueblo ya que, \u201cno se vulnera ning\u00fan derecho al transmitir la propaganda de partidos pol\u00edticos, (\u2026) no se vulnera los usos y costumbres del sistema normativo interno\u201d, defendi\u00f3 la magistrada M\u00f3nica Aral\u00ed Soto Fregoso, quien adem\u00e1s agreg\u00f3 que, \u201cpor el contrario, es un derecho a la informaci\u00f3n para los pueblos\u201d.<\/p>\n<p>Estas comunidades no han bajado la guardia. \u201cAntes de llevar el caso a instancias internacionales queremos agotar todos los recursos en el pa\u00eds\u201d, se\u00f1al\u00f3 el abogado Huerta.<\/p>\n<p>Por ello, el pasado 11 de octubre, el presidente de la Junta Auxiliar de la comunidad Nahua de San Bernardino Tlaxcalancingo, Rogelio Xinto Coyol, en calidad de autoridad ind\u00edgena present\u00f3 un juicio para la Protecci\u00f3n de los Derechos Pol\u00edtico-Electorales Colectivos de su comunidad en contra de diversos actos del INE, sobre todo el Acuerdo General INEC\/CG445\/2023, que modifica la ley de telecomunicaciones reafirmado la transmisi\u00f3n de propaganda electoral.<\/p>\n<p>La radio de Tlaxcalcingo y Tosepan son las \u00fanicas dos radios consideradas como &#8220;de uso social ind\u00edgena&#8221; en esta regi\u00f3n, a ello se suman 2 radios comunitarias; 6 sociales; 12 de uso p\u00fablico; 50 concesiones comerciales.<\/p>\n<p>Puntualizan que ante la presencia de al menos 70 concesiones en el estado, &#8220;es desproporcional y o equiparable considerar que no transmitir los mensajes (spots) de los partidos pol\u00edticos es violatorio al derecho a la informaci\u00f3n y de estar informado, cuando el espectro radioel\u00e9ctrico en un 97% estar\u00e1 saturado de estos mensajes&#8221;.<\/p>\n<p>Esta comunidad argumenta en su recurso legal que la ley, &#8220;vulnera nuestros derechos colectivos a fortalecer, promover, proteger y dar a conocer nuestra propia forma de organizaci\u00f3n y sistemas normativos, como una comunidad Nahua que ha gestionado su propio medio de comunicaci\u00f3n&#8221;.<\/p>\n<p>Adem\u00e1s, consideran que la ley es &#8220;discriminatoria y racista&#8221; por ello se apegan a su autodeterminaci\u00f3n y autonom\u00eda al ser pueblos originarios para tomar la decisi\u00f3n de no transmitir esta propaganda. Este caso fue turnado nuevamente a la magistrada Soto Fregoso.<\/p>\n<p>En un comunicado, emitido por la Radio Tosepan, Radio Cholollan y la Red de Diversidad, Equidad y Sustentabilidad, afirman que es la autoridad de esta comunidad Nahua quien presenta la demanda esta vez, \u201cporque los actos notoriamente vulneran el derecho a la autonom\u00eda de su comunidad y su derecho a tener medios de comunicaci\u00f3n propios, adem\u00e1s que fueron realizadas sin consulta previa, libre, informada y culturalmente adecuada a las comunidades ind\u00edgenas\u201d.<\/p>\n<p>A ello se suma tambi\u00e9n que el d\u00eda 18 de octubre, a trav\u00e9s de la presidenta auxiliar de la localidad de Yohualichan en el municipio de Cuetzalan del Progreso, Puebla, tambi\u00e9n presentaron un juicio de la ciudadan\u00eda argumentando que la comunidad Masewal tiene derecho a poseer sus propios medios de comunicaci\u00f3n desde una l\u00f3gica de autonom\u00eda.<\/p>\n<p>\u201cNosotros no vamos a transmitir propaganda de ning\u00fan partido pol\u00edtico, vamos recurrir a otros recursos legales. Porque estamos defendiendo nuestra autonom\u00eda como pueblos organizados\u201d, agrega Iturbide.<\/p>\n<p>El abogado Huerta asegura que, si esta batalla legal se gana, beneficiar\u00eda a todas las radios ind\u00edgenas y comunitarias del pa\u00eds, \u201cporque la instrucci\u00f3n es al INE y esto anular\u00eda esta obligaci\u00f3n de transmitir mensajes de partidos pol\u00edticos. Mientras tanto, estas radios recurren a la desobediencia civil, porque es leg\u00edtima su defensa. As\u00ed que ellos no van a transmitir ning\u00fan tipo de publicidad electoral\u201d, concluye.<br \/>\n<\/p>","protected":false},"excerpt":{"rendered":"<p>Fuente: Avispa Midia Por Santiago Navarro F En la memoria de hombres y mujeres, las de m\u00e1s experiencia, guardan el conocimiento de como relacionarse con las plantas, el agua, la monta\u00f1a y de como es ser comunidad, qu\u00e9 implica servir a la comunidad. Generaci\u00f3n tras generaci\u00f3n de forma ritual han transmitido su conocimiento, principalmente, a [&hellip;]<\/p>\n","protected":false},"author":21,"featured_media":46553,"comment_status":"open","ping_status":"closed","sticky":false,"template":"","format":"standard","meta":{"footnotes":""},"categories":[957,51,826,958,954,935],"tags":[79,58,53,567,147,545,608,87,148,27,483],"class_list":["post-46552","post","type-post","status-publish","format-standard","has-post-thumbnail","hentry","category-autonomia","category-autor","category-medios-libres-2","category-megaproyectos","category-mexico","category-temas","tag-autonomia","tag-derechos-humanos","tag-justicia","tag-megaproyectos","tag-militarizacion","tag-pueblos-indigenas","tag-radios-comunitarias","tag-represion","tag-resistencia","tag-solidaridad","tag-tierra-y-territorio"],"_links":{"self":[{"href":"https:\/\/radiozapatista.org\/index.php?rest_route=\/wp\/v2\/posts\/46552","targetHints":{"allow":["GET"]}}],"collection":[{"href":"https:\/\/radiozapatista.org\/index.php?rest_route=\/wp\/v2\/posts"}],"about":[{"href":"https:\/\/radiozapatista.org\/index.php?rest_route=\/wp\/v2\/types\/post"}],"author":[{"embeddable":true,"href":"https:\/\/radiozapatista.org\/index.php?rest_route=\/wp\/v2\/users\/21"}],"replies":[{"embeddable":true,"href":"https:\/\/radiozapatista.org\/index.php?rest_route=%2Fwp%2Fv2%2Fcomments&post=46552"}],"version-history":[{"count":2,"href":"https:\/\/radiozapatista.org\/index.php?rest_route=\/wp\/v2\/posts\/46552\/revisions"}],"predecessor-version":[{"id":46555,"href":"https:\/\/radiozapatista.org\/index.php?rest_route=\/wp\/v2\/posts\/46552\/revisions\/46555"}],"wp:featuredmedia":[{"embeddable":true,"href":"https:\/\/radiozapatista.org\/index.php?rest_route=\/wp\/v2\/media\/46553"}],"wp:attachment":[{"href":"https:\/\/radiozapatista.org\/index.php?rest_route=%2Fwp%2Fv2%2Fmedia&parent=46552"}],"wp:term":[{"taxonomy":"category","embeddable":true,"href":"https:\/\/radiozapatista.org\/index.php?rest_route=%2Fwp%2Fv2%2Fcategories&post=46552"},{"taxonomy":"post_tag","embeddable":true,"href":"https:\/\/radiozapatista.org\/index.php?rest_route=%2Fwp%2Fv2%2Ftags&post=46552"}],"curies":[{"name":"wp","href":"https:\/\/api.w.org\/{rel}","templated":true}]}}