{"id":46547,"date":"2023-10-25T19:14:29","date_gmt":"2023-10-26T01:14:29","guid":{"rendered":"https:\/\/radiozapatista.org\/?p=46547"},"modified":"2023-10-25T19:14:29","modified_gmt":"2023-10-26T01:14:29","slug":"exigimos-la-libertad-inmediata-de-manuel-gomez-vazquez","status":"publish","type":"post","link":"https:\/\/radiozapatista.org\/?p=46547","title":{"rendered":"[:es]Exigimos la libertad inmediata de Manuel G\u00f3mez V\u00e1zquez[:]"},"content":{"rendered":"<p>[:es]<\/p>\n<div class=\"field field--name-body field--type-text-with-summary field--label-hidden field__item\">\n<p class=\"text-align-justify\">Al Congreso Nacional Ind\u00edgena<br \/>\nA la Sexta nacional e internacional<br \/>\nA las Redes de Resistencias y Rebeld\u00edas<br \/>\nA las personas que siembran Dignidad y Organizaci\u00f3n<\/p>\n<p class=\"text-align-justify\">\nCompa\u00f1erxs, como sabr\u00e1n estos \u00faltimos a\u00f1os la guerra contra los pueblos del EZLN se ha profundizado. La represi\u00f3n por parte del mal gobierno y sus instituciones criminales tiene preso injustamente desde hace 2 a\u00f1os y 10 meses a nuestro compa\u00f1ero Base de Apoyo Zapatista Manuel G\u00f3mez V\u00e1zquez en la c\u00e1rcel n\u00famero 16 de Ocosingo, Chiapas.<\/p>\n<p class=\"text-align-justify\">Nuestro compa\u00f1ero es un joven maya tseltal de 23 a\u00f1os, quien fue detenido el 04 de diciembre del 2020 por autoridades oficiales y falsamente acusado de un delito que no cometi\u00f3, fue torturado por estas y despu\u00e9s procesado penalmente bajo la intervenci\u00f3n y complicidad de la Fiscal\u00eda de Justicia Ind\u00edgena quien particip\u00f3 en la prolongaci\u00f3n de su detenci\u00f3n, desaparici\u00f3n forzada y fabricaci\u00f3n de pruebas en su contra[<a href=\"https:\/\/frayba.org.mx\/libertad-para-manuel-gomez-vazquez-base-de-apoyo-zapatista\">1<\/a>].<\/p>\n<p class=\"text-align-justify\">Cabe subrayar que en tres ocasiones se ha suspendido la audiencia de juicio oral que dar\u00eda pie a que su proceso penal se diera en forma, sin embargo, no ha sucedido, dilatando el proceso 1 a\u00f1o y 2 meses (septiembre 2022- noviembre 2023) y violando el derecho humano a la libertad. El pr\u00f3ximo 14 de noviembre est\u00e1 fechada por cuarta ocasi\u00f3n lo que ser\u00eda su primera audiencia.<\/p>\n<p class=\"text-align-justify\">Las abajo firmantes hemos decidido hacer una campa\u00f1a de 21 d\u00edas para exigir al mal gobierno la libertad de nuestro compa\u00f1ero Manuel. Esta campa\u00f1a estar\u00e1 integrada por varias iniciativas para que cada una de ustedes, ya sea de manera colectiva o individual, se involucren desde sus geograf\u00edas.<\/p>\n<p class=\"text-align-justify\">Compas esto a\u00fan no ha acabado, terminar\u00e1 hasta que veamos a nuestro compa\u00f1ero Manuel en libertad y con su familia. Desde esta semana hasta el d\u00eda 14 de noviembre, d\u00eda de la audiencia, daremos difusi\u00f3n masiva de su caso y un llamado a actividades para exigir su libertad.<\/p>\n<p>En ese sentido hacemos un llamado para que nos sumemos organizadamente a la visibilizaci\u00f3n y denuncia para exigirle al mal gobierno su libertad.<\/p>\n<p class=\"text-align-center\">\n<p>Manuel, su familia y los pueblos zapatistas\u00a0 no est\u00e1n solxs.<\/p>\n<p class=\"text-align-center\">\n\u00a1Libertad para Manuel G\u00f3mez V\u00e1zquez!<\/p>\n<p class=\"text-align-center\">\u00a1Justicia y Libertad!<\/p>\n<p class=\"text-align-center\">\u00a1Libertad a los presos pol\u00edticos zapatistas!<\/p>\n<p class=\"text-align-center\">\nAdhieren:<br \/>\nRed de Resistencias y Rebeldias AJMAQ<br \/>\nRa\u00edces en Resistenccia -Cd de M\u00e9xico y San Diego California<br \/>\nRed en Rsistencia Tlalpan<br \/>\nSubaltern Voices, Org.<br \/>\nColectivx Zapatista &#8220;La Oveja Roja&#8221; Michoac\u00e1n<br \/>\nRed Morelense de Apoyo al CNI-CIG\/Nuestra Alegre Rebeld\u00eda<br \/>\nIUS Cohen Fundation<br \/>\nColectivo de artistas TITERENETAS<br \/>\nColectivo Resistrenzas, Puebla<br \/>\nVendaval, cooperativa panadera y algo m\u00e1s<br \/>\nRed de Apoyo Iztapalapa Sexta (RAIS)<br \/>\nColectivo de Trabajo los Cafetos<br \/>\nColectivo de profesores de la sexta<br \/>\nComunidad Tlanezicalli<br \/>\nComunidad de Xochitlanezi<br \/>\nCoelctivo Gavilanas<br \/>\nColectivo Cuaderno Com\u00fan<br \/>\nBr\u00fajula Roja<br \/>\nColectivo la Otra Justicia<br \/>\nGrupo de Trabajo No Estamos Todxs<br \/>\nEspacio de Lucha contra el olvido y la Represi\u00f3n (Elcor\/Chiapas)\n<\/p>\n<p class=\"text-align-center\">\n<p class=\"text-align-center\">\nAdhesiones individuales<\/p>\n<p class=\"text-align-center\">Ra\u00fal Zibechi (Uruguay)<br \/>\nVilma Almendra (Colombia)<br \/>\nManuel Rozental (Colombia )<br \/>\nDiego Osorno (M\u00e9xico)<br \/>\nJohn Gilber (M\u00e9xico\/EEUU)<br \/>\nDiana Itzu Luna (M\u00e9xico)<br \/>\nMargara Mill\u00e1n (M\u00e9xico)<br \/>\nCarlos Sosa (M\u00e9xico)<br \/>\nMar\u00eda Secco (M\u00e9xico)<br \/>\nCarolina Coppel (M\u00e9xico)<br \/>\nTania Regalado (M\u00e9xico)<br \/>\nJulio Gonz\u00e1lez (M\u00e9xico)<\/p>\n<p class=\"text-align-justify\">\n<p class=\"text-align-justify\">\n<p class=\"text-align-justify\">\n[1] Libertad para Manuel G\u00f3mez V\u00e1zquez, Base de Apoyo Zapatista <a href=\"https:\/\/frayba.org.mx\/libertad-para-manuel-gomez-vazquez-base-de-apoyo-zapatista\">https:\/\/frayba.org.mx\/libertad-para-manuel-gomez-vazquez-base-de-apoyo-zapatista<\/a><\/p>\n<p class=\"text-align-justify\">Para adherir m\u00e1s firmas: ajmaq_chiapas@riseup.net<br \/>\nMateriales de la campa\u00f1a: <a href=\"https:\/\/redajmaq.org\/manuelgomez\">https:\/\/redajmaq.org\/manuelgomez<\/a><\/p>\n<\/div>\n<p>[:]<\/p>\n","protected":false},"excerpt":{"rendered":"<p>[:es] Al Congreso Nacional Ind\u00edgena A la Sexta nacional e internacional A las Redes de Resistencias y Rebeld\u00edas A las personas que siembran Dignidad y Organizaci\u00f3n Compa\u00f1erxs, como sabr\u00e1n estos \u00faltimos a\u00f1os la guerra contra los pueblos del EZLN se ha profundizado. La represi\u00f3n por parte del mal gobierno y sus instituciones criminales tiene preso [&hellip;]<\/p>\n","protected":false},"author":21,"featured_media":46548,"comment_status":"open","ping_status":"closed","sticky":false,"template":"","format":"standard","meta":{"footnotes":""},"categories":[957,51,6,826,958,954,962,935],"tags":[79,917,36,58,53,567,147,23,37,545,87,148,27,483],"class_list":["post-46547","post","type-post","status-publish","format-standard","has-post-thumbnail","hentry","category-autonomia","category-autor","category-chiapas","category-medios-libres-2","category-megaproyectos","category-mexico","category-presos","category-temas","tag-autonomia","tag-chiapas","tag-comunidades-zapatistas","tag-derechos-humanos","tag-justicia","tag-megaproyectos","tag-militarizacion","tag-paramilitares","tag-presos-politicos","tag-pueblos-indigenas","tag-represion","tag-resistencia","tag-solidaridad","tag-tierra-y-territorio"],"_links":{"self":[{"href":"https:\/\/radiozapatista.org\/index.php?rest_route=\/wp\/v2\/posts\/46547","targetHints":{"allow":["GET"]}}],"collection":[{"href":"https:\/\/radiozapatista.org\/index.php?rest_route=\/wp\/v2\/posts"}],"about":[{"href":"https:\/\/radiozapatista.org\/index.php?rest_route=\/wp\/v2\/types\/post"}],"author":[{"embeddable":true,"href":"https:\/\/radiozapatista.org\/index.php?rest_route=\/wp\/v2\/users\/21"}],"replies":[{"embeddable":true,"href":"https:\/\/radiozapatista.org\/index.php?rest_route=%2Fwp%2Fv2%2Fcomments&post=46547"}],"version-history":[{"count":1,"href":"https:\/\/radiozapatista.org\/index.php?rest_route=\/wp\/v2\/posts\/46547\/revisions"}],"predecessor-version":[{"id":46549,"href":"https:\/\/radiozapatista.org\/index.php?rest_route=\/wp\/v2\/posts\/46547\/revisions\/46549"}],"wp:featuredmedia":[{"embeddable":true,"href":"https:\/\/radiozapatista.org\/index.php?rest_route=\/wp\/v2\/media\/46548"}],"wp:attachment":[{"href":"https:\/\/radiozapatista.org\/index.php?rest_route=%2Fwp%2Fv2%2Fmedia&parent=46547"}],"wp:term":[{"taxonomy":"category","embeddable":true,"href":"https:\/\/radiozapatista.org\/index.php?rest_route=%2Fwp%2Fv2%2Fcategories&post=46547"},{"taxonomy":"post_tag","embeddable":true,"href":"https:\/\/radiozapatista.org\/index.php?rest_route=%2Fwp%2Fv2%2Ftags&post=46547"}],"curies":[{"name":"wp","href":"https:\/\/api.w.org\/{rel}","templated":true}]}}