{"id":4652,"date":"2011-11-27T19:51:34","date_gmt":"2011-11-28T01:51:34","guid":{"rendered":"https:\/\/radiozapatista.org\/?p=4652"},"modified":"2017-07-04T08:38:33","modified_gmt":"2017-07-04T13:38:33","slug":"comunicado-del-ejido-tila-cni-san-mateo-del-mar-oaxaca","status":"publish","type":"post","link":"https:\/\/radiozapatista.org\/?p=4652","title":{"rendered":"Comunicado del Ejido Tila &#8211; CNI San Mateo del Mar, Oaxaca"},"content":{"rendered":"<p><\/p>\n<p style=\"text-align: center\"><img decoding=\"async\" class=\"aligncenter\" src=\"http:\/\/t0.gstatic.com\/images?q=tbn:ANd9GcRe1KqTHkF6NCTQw24Kx6cslGN7e07qK345QyX5DjHl6xGe0clD\" alt=\"\" \/><\/p>\n<p style=\"text-align: right\">En ejido Tila, Chiapas. A 26 de noviembre de 2011.<\/p>\n<p>Al Congreso Nacional Ind\u00edgena (CNI)<\/p>\n<p>A los Pueblos, Naciones, Tribus y comunidades ind\u00edgenas en resistencia<\/p>\n<p>A la Asamblea de Pueblos Ind\u00edgenas del Istmo de Tehuantepec<\/p>\n<p>A las autoridades del Pueblo Ikoots de San Mateo del Mar<\/p>\n<p>A la sexta internacional<\/p>\n<p>A los adherentes a la Sexta Declaraci\u00f3n de la Selva Lacandona<\/p>\n<p>A las organizaciones sociales y civiles independientes<\/p>\n<p>A nombre de los adherentes de la otra campa\u00f1a de nuestro pueblo Ch\u00b4ol del ejido Tila, reciban un cordial y combativo saludo a todos y todas.<\/p>\n<p>Compa\u00f1eros y compa\u00f1eras, el d\u00eda de hoy nuestro coraz\u00f3n se siente con m\u00e1s fuerza al compartir nuestra palabra con otros pueblos que est\u00e1n defendiendo la madre tierra de quienes solo quieren hacer negocio con ella y derramar la sangre de nuestros pueblos a trav\u00e9s de la represi\u00f3n.<\/p>\n<p>Para los hombres y mujeres de ma\u00edz la madre tierra representa lo m\u00e1s hermoso que Dios Padre y Madre ha creado como herencia para nuestros hijos y nietos, es el regalo m\u00e1s sagrado que nos permite hacer nuestra milpa, enterrar a nuestros muertos, prender nuestra vela y tomar el agua que nos da vida.<\/p>\n<p>Nuestros abuelos y abuelas con mucho sufrimiento y esfuerzo lograron resistir la esclavitud y explotaci\u00f3n de la invasi\u00f3n espa\u00f1ola y despu\u00e9s de las fincas cafetaleras de extranjeros y mexicanos ricos que nos despojaron durante muchos a\u00f1os de nuestro territorio. La lucha pol\u00edtica y armada de nuestros antepasados dieron el fruto que nosotros seguimos defendiendo hasta la fecha, que son nuestras tierras ejidales de dotaci\u00f3n y ampliaci\u00f3n de las cuales contamos con toda la documentaci\u00f3n agraria, que ampara y protege nuestro derecho leg\u00edtimo y legal para gobernar de manera aut\u00f3noma nuestro territorio como pueblo ind\u00edgena Ch\u00b4ol.<\/p>\n<p>Durante muchas d\u00e9cadas el mal gobierno ha venido haciendo grandes injusticias en contra de nuestro pueblo, a trav\u00e9s del despojo, la discriminaci\u00f3n, el hostigamiento, y la constante amenaza de expropiar 130 hect\u00e1reas de nuestro patrimonio.<\/p>\n<p>En la \u00e9poca de la Revoluci\u00f3n Mexicana recuperamos las tierras que estaban en manos de los finqueros extranjeros y mexicanos ricos, muchos de ellos salieron huyendo a sus lugares de origen. En 1922 hicimos la solicitud formal a las autoridades agrarias para que se nos reconociera la posesi\u00f3n y propiedad de nuestras tierras. Fue as\u00ed que el 30 de julio de 1934 se emite la resoluci\u00f3n presidencial que nos reconoce la propiedad de 5,405.78 hect\u00e1reas de dotaci\u00f3n, de las cuales 2,938 hect\u00e1reas fueron expropiadas de terrenos nacionales y 2,466 hect\u00e1reas fueron expropiadas a la finca Jonop\u00e1 de la Pensilvania Plantation Company.<\/p>\n<p>En esos tiempos la cabecera municipal se encontraba ubicada en el ejido vecino de Petalcingo, pero por causa de una epidemia las autoridades del Ayuntamiento municipal se trasladaron de manera provisional a nuestro pueblo de Tila. Muy al comienzo de su llegada del ayuntamiento a nuestro pueblo no hab\u00eda mucho problema, porque las autoridades eran elegidas por la Asamblea del pueblo y no hab\u00eda partidos pol\u00edticos, por eso es que las autoridades trabajaban para el pueblo y una vez terminando sus cargos regresaban a trabajar su tierra. Cuando los partidos pol\u00edticos empezaron a tomar los cargos del Ayuntamiento empez\u00f3 m\u00e1s duro la discriminaci\u00f3n y el despojo de nuestras tierras. Los presidentes municipales ven\u00edan de fuera, no eran ind\u00edgenas como nosotros sino mestizos que nos desprecian y que son originarios de otro lugar que solo vienen a enriquecerse a costa de nuestro trabajo y de nuestra madre tierra. A pesar de todo este mal trato, cuando el ejido estaba realizando los trabajos de posesi\u00f3n y deslinde de la dotaci\u00f3n ejidal las autoridades enviaron comisi\u00f3n tres veces para pedir al presidente municipal Lic. Rafael Constantino Mart\u00ednez que se presentara en casa ejidal para que dijera la superficie que iba a necesitar el ayuntamiento para su administraci\u00f3n, pero las tres veces esta persona contest\u00f3 que \u00e9l no se junta con indios pata rajadas. De esta manera el Acta de Posesi\u00f3n y deslinde de la Dotaci\u00f3n ejidal as\u00ed como el plano de ejecuci\u00f3n no contempl\u00f3 superficie para la zona urbana del ejido, ni tampoco para el fundo legal.<\/p>\n<p>Al darse cuenta el Ayuntamiento que no ten\u00eda tierra dentro de nuestro ejido donde ejercer su administraci\u00f3n, comenz\u00f3 a alterar nuestra documentaci\u00f3n agraria con el respaldo y complicidad del Cuerpo Consultivo Agrario, por lo que en 1966 en sesi\u00f3n colegiada decidieron agregar una nota a nuestro plano definitivo que se\u00f1al\u00f3 que 130 hect\u00e1reas de nuestra dotaci\u00f3n salen de la propiedad ejidal y que pasa a manos del ayuntamiento como fundo legal. Es por eso que interpusimos el amparo 890\/1977 ante el Juez Primero de Distrito en Tuxtla Guti\u00e9rrez el cual ganamos en 1984 y se declar\u00f3 inconstitucional la modificaci\u00f3n a nuestro plano, pero qued\u00f3 como letra muerta porque el Cuerpo Consultivo Agrario dio cumplimiento al amparo hasta 1994, gracias al levantamiento armado del 1 de enero de 1994 del Ej\u00e9rcito Zapatista de Liberaci\u00f3n Nacional, el punto de acuerdo que modificaba nuestro plano qued\u00f3 insubsistente.<\/p>\n<p>En 1980 se da otro acto de despojo, cuando el entonces Gobernador del Estado de Chiapas Juan Sabines Guti\u00e9rrez solicit\u00f3 al Congreso del Estado la publicaci\u00f3n del decreto expropiatorio n\u00famero 72 en el que se declara que por causa de utilidad p\u00fablica se decreta como fundo legal 130 hect\u00e1reas de nuestra dotaci\u00f3n y utilizaron como fundamento del decreto 72 la modificaci\u00f3n a nuestro plano definitivo que hizo en 1966 el Cuerpo Consultivo Agrario, violando el art\u00edculo 2, 14, 16 y 27 fracci\u00f3n VIII, a) de la Constituci\u00f3n Pol\u00edtica de los Estados Unidos Mexicanos. En contra de este decreto 72 presentamos el amparo 259\/1982 ante el Juez Primero de Distrito en Tuxtla Guti\u00e9rrez, mismo que se resolvi\u00f3 despu\u00e9s de 28 a\u00f1os de estar archivado, por lo que en diciembre de 2008 se declar\u00f3 a favor de nuestro ejido que el decreto 72 es inconstitucional y se orden\u00f3 al Ayuntamiento de Tila, Gobernador del Estado, Congreso del Estado y Registro P\u00fablico de la Propiedad y del Comercio que se nos restituya en la administraci\u00f3n de las 130 hect\u00e1reas de nuestro territorio que han sido despojadas por esos malos gobiernos. Hasta la fecha estas autoridades se han negado a dar cumplimiento a lo ordenado por la sentencia de amparo y quieren obligarnos a recibir una indemnizaci\u00f3n econ\u00f3mica, pero ante la negativa del ejido a recibir un pago por nuestras tierras, el expediente 1302\/2010 se encuentra en estos momentos en manos del Pleno de la Suprema Corte para resolver si la administraci\u00f3n de las 130 hect\u00e1reas regresa a la Asamblea General del ejido Tila o queda con el ayuntamiento del municipio de Tila. La Asamblea General del ejido Tila present\u00f3 diversas Actas de Asamblea, una de ellas con mas de 4,000 firmas, dirigida a la Suprema Corte exigiendo el respeto a nuestro territorio y autonom\u00eda, asimismo dando a su conocimiento que los pobladores que compraron ilegalmente tierras ejidales ser\u00e1n respetados en sus posesiones porque fueron enga\u00f1ados y ahora se sujetar\u00e1n a nuestro Reglamento Interno y tambi\u00e9n se solicit\u00f3 la reubicaci\u00f3n de las oficinas del Ayuntamiento municipal de Tila en otro lugar, ya que este ha sido durante muchos a\u00f1os el generador de la violencia y financiador del grupo paramilitar Paz y Justicia, autor de los cr\u00edmenes de lesa humanidad en la zona baja de Tila en la \u00e9poca m\u00e1s fuerte del conflicto armado en Chiapas.<\/p>\n<p>De ante mano sabemos que la Suprema Corte no ha tomado carta en el asunto de darle la ejecuci\u00f3n al amparo y respetar nuestro derecho como pueblo ind\u00edgena; le van a dar m\u00e1s atenci\u00f3n a las contiendas electorales presidenciales y gobernadores, permitiendo que los malos gobiernos nos sigan despojando, amenazando y hostigando, porque en realidad no les importa a los Ministros hacer la justicia y solo protegen a los poderosos que si pueden comprar su justicia.<\/p>\n<p>Nuestra tierra es sagrada y la consideramos como tierra recuperada por nuestros abuelos y abuelas, basta ya de tanta injusticia, despojo y represi\u00f3n por la defensa de nuestra madre tierra que es el futuro de nuestros hijos y nietos del ejido Tila. Seguiremos en la defensa de nuestro pueblo y territorio hasta la victoria siempre! \u00c1nimo compa\u00f1eros y compa\u00f1eras, el pueblo unido jam\u00e1s ser\u00e1 vencido!<\/p>\n<p><strong> <\/strong><\/p>\n<p style=\"text-align: center\"><strong>Atentamente<\/strong><\/p>\n<p style=\"text-align: center\"><strong> <\/strong><\/p>\n<p style=\"text-align: center\">Zapata vive, la lucha sigue<\/p>\n<p style=\"text-align: center\">La tierra es paraquien la trabaja<\/p>\n<p style=\"text-align: center\">Vivan los pueblos en resistencia<\/p>\n<p style=\"text-align: center\">Viva la madre tierra<\/p>\n<p style=\"text-align: center\">Viva la autonom\u00eda<\/p>\n<p style=\"text-align: center\">Muera el mal gobierno<\/p>\n<p style=\"text-align: center\">Que viva la Libertad, justicia y democracia con dignidad<\/p>\n<p><\/p>","protected":false},"excerpt":{"rendered":"<p>En ejido Tila, Chiapas. A 26 de noviembre de 2011. Al Congreso Nacional Ind\u00edgena (CNI) A los Pueblos, Naciones, Tribus y comunidades ind\u00edgenas en resistencia A la Asamblea de Pueblos Ind\u00edgenas del Istmo de Tehuantepec A las autoridades del Pueblo Ikoots de San Mateo del Mar A la sexta internacional A los adherentes a la [&hellip;]<\/p>\n","protected":false},"author":4,"featured_media":0,"comment_status":"open","ping_status":"open","sticky":false,"template":"","format":"standard","meta":{"footnotes":""},"categories":[1024,183],"tags":[79,917,54],"class_list":["post-4652","post","type-post","status-publish","format-standard","hentry","category-cni-temas","category-blog","tag-autonomia","tag-chiapas","tag-otra-campana"],"_links":{"self":[{"href":"https:\/\/radiozapatista.org\/index.php?rest_route=\/wp\/v2\/posts\/4652","targetHints":{"allow":["GET"]}}],"collection":[{"href":"https:\/\/radiozapatista.org\/index.php?rest_route=\/wp\/v2\/posts"}],"about":[{"href":"https:\/\/radiozapatista.org\/index.php?rest_route=\/wp\/v2\/types\/post"}],"author":[{"embeddable":true,"href":"https:\/\/radiozapatista.org\/index.php?rest_route=\/wp\/v2\/users\/4"}],"replies":[{"embeddable":true,"href":"https:\/\/radiozapatista.org\/index.php?rest_route=%2Fwp%2Fv2%2Fcomments&post=4652"}],"version-history":[{"count":0,"href":"https:\/\/radiozapatista.org\/index.php?rest_route=\/wp\/v2\/posts\/4652\/revisions"}],"wp:attachment":[{"href":"https:\/\/radiozapatista.org\/index.php?rest_route=%2Fwp%2Fv2%2Fmedia&parent=4652"}],"wp:term":[{"taxonomy":"category","embeddable":true,"href":"https:\/\/radiozapatista.org\/index.php?rest_route=%2Fwp%2Fv2%2Fcategories&post=4652"},{"taxonomy":"post_tag","embeddable":true,"href":"https:\/\/radiozapatista.org\/index.php?rest_route=%2Fwp%2Fv2%2Ftags&post=4652"}],"curies":[{"name":"wp","href":"https:\/\/api.w.org\/{rel}","templated":true}]}}