{"id":46514,"date":"2023-10-16T18:36:14","date_gmt":"2023-10-17T00:36:14","guid":{"rendered":"https:\/\/radiozapatista.org\/?p=46514"},"modified":"2023-10-16T18:36:14","modified_gmt":"2023-10-17T00:36:14","slug":"pronunciamiento-en-solidaridad-con-la-comunidad-otomi-en-resistencia-y-rebeldia-en-cdmx-statement-of-solidarity-with-the-otomi-community-in-resistance-and-rebellion-in-mexico-city","status":"publish","type":"post","link":"https:\/\/radiozapatista.org\/?p=46514","title":{"rendered":"[:es]Pronunciamiento en solidaridad con la comunidad Otom\u00ed en resistencia y rebeld\u00eda en CDMX | Statement of solidarity with the Otom\u00ed Community in Resistance and Rebellion in Mexico City[:]"},"content":{"rendered":"<p>[:es]<\/p>\n<div class=\"post-content-container\">\n<div class=\"post-content entry-content cf\">\n<p>Desde Estados Unidos, la red Sexta Grietas del Norte repudia la agresi\u00f3n de la polic\u00eda de la Ciudad de M\u00e9xico en contra de la comunidad otom\u00ed residente en esa ciudad e integrante del Congreso Nacional Ind\u00edgena.<\/p>\n<p>El d\u00eda de ayer cerca de la medianoche, cientos de polic\u00edas con escudos y equipo de ataque se presentaron en la Casa de los Pueblos Samir Flores ubicada en la Alcald\u00eda Coyoac\u00e1n. La Comunidad Otom\u00ed en Resistencia y Rebeld\u00eda cumpli\u00f3 tres a\u00f1os de ocupar ese lugar que antes fue una oficina de gobierno llamada \u201cInstituto Nacional de los Pueblos Ind\u00edgenas\u201d (INPI). Los y las otom\u00edes ocuparon esas oficinas despu\u00e9s de a\u00f1os de exigir soluciones de vivienda. La respuesta del gobierno, incluyendo el INPI, fue el usual paternalismo, desprecio y racismo y el ignorar la demanda.<\/p>\n<p>Hoy, el gobierno de la ciudad encabezado por Mart\u00ed Bartres y el partido Morena abre un frente m\u00e1s en esta guerra interminable contra los pueblos originarios. El gobierno env\u00eda sus polic\u00edas para desalojar a los y las otom\u00edes en vez de solucionar su demanda. Llegan marchando en formaci\u00f3n militar, con armadura y escudo y golpeando el piso con sus toletes para amedrentar. La comunidad resisti\u00f3, repeli\u00f3 el ataque y enfrent\u00f3 a los polic\u00edas. Hasta el momento, la polic\u00eda no ha logrado entrar. Hay personas heridas y golpeadas, incluyendo adultos mayores, mujeres, y menores de edad.<\/p>\n<p>Desde su ocupaci\u00f3n el 12 de octubre de 2020, Casa de los Pueblos Samir Flores se convirti\u00f3 en autentico espacio de los pueblos ind\u00edgenas que ha estado abierto a pueblos, comunidades y colectivos que luchan por la vida y contra el capitalismo de muerte que nos oprime. Reivindicamos su derecho a una vivienda digna y exigimos respeto a su integridad f\u00edsica y cultural y a su derecho de protesta y organizaci\u00f3n. Demandamos que la Casa de los Pueblos Samir Flores no sea desalojada.<\/p>\n<p>&nbsp;<\/p>\n<p>Alto a la represi\u00f3n contra la comunidad otom\u00ed<br \/>\nViva el Congreso Nacional Ind\u00edgena<\/p>\n<p>Desde varias ciudades y regiones, personas y colectivos del llamado Estados Unidos,<\/p>\n<p>Sexta Grietas del Norte<\/p>\n<\/div>\n<\/div>\n<p>[:]<\/p>\n","protected":false},"excerpt":{"rendered":"<p>[:es] Desde Estados Unidos, la red Sexta Grietas del Norte repudia la agresi\u00f3n de la polic\u00eda de la Ciudad de M\u00e9xico en contra de la comunidad otom\u00ed residente en esa ciudad e integrante del Congreso Nacional Ind\u00edgena. El d\u00eda de ayer cerca de la medianoche, cientos de polic\u00edas con escudos y equipo de ataque se [&hellip;]<\/p>\n","protected":false},"author":21,"featured_media":46515,"comment_status":"open","ping_status":"closed","sticky":false,"template":"","format":"standard","meta":{"footnotes":""},"categories":[957,51,1024,826,958,954,935],"tags":[79,63,58,53,567,147,545,87,148,27,483],"class_list":["post-46514","post","type-post","status-publish","format-standard","has-post-thumbnail","hentry","category-autonomia","category-autor","category-cni-temas","category-medios-libres-2","category-megaproyectos","category-mexico","category-temas","tag-autonomia","tag-cni","tag-derechos-humanos","tag-justicia","tag-megaproyectos","tag-militarizacion","tag-pueblos-indigenas","tag-represion","tag-resistencia","tag-solidaridad","tag-tierra-y-territorio"],"_links":{"self":[{"href":"https:\/\/radiozapatista.org\/index.php?rest_route=\/wp\/v2\/posts\/46514","targetHints":{"allow":["GET"]}}],"collection":[{"href":"https:\/\/radiozapatista.org\/index.php?rest_route=\/wp\/v2\/posts"}],"about":[{"href":"https:\/\/radiozapatista.org\/index.php?rest_route=\/wp\/v2\/types\/post"}],"author":[{"embeddable":true,"href":"https:\/\/radiozapatista.org\/index.php?rest_route=\/wp\/v2\/users\/21"}],"replies":[{"embeddable":true,"href":"https:\/\/radiozapatista.org\/index.php?rest_route=%2Fwp%2Fv2%2Fcomments&post=46514"}],"version-history":[{"count":1,"href":"https:\/\/radiozapatista.org\/index.php?rest_route=\/wp\/v2\/posts\/46514\/revisions"}],"predecessor-version":[{"id":46516,"href":"https:\/\/radiozapatista.org\/index.php?rest_route=\/wp\/v2\/posts\/46514\/revisions\/46516"}],"wp:featuredmedia":[{"embeddable":true,"href":"https:\/\/radiozapatista.org\/index.php?rest_route=\/wp\/v2\/media\/46515"}],"wp:attachment":[{"href":"https:\/\/radiozapatista.org\/index.php?rest_route=%2Fwp%2Fv2%2Fmedia&parent=46514"}],"wp:term":[{"taxonomy":"category","embeddable":true,"href":"https:\/\/radiozapatista.org\/index.php?rest_route=%2Fwp%2Fv2%2Fcategories&post=46514"},{"taxonomy":"post_tag","embeddable":true,"href":"https:\/\/radiozapatista.org\/index.php?rest_route=%2Fwp%2Fv2%2Ftags&post=46514"}],"curies":[{"name":"wp","href":"https:\/\/api.w.org\/{rel}","templated":true}]}}