{"id":46495,"date":"2023-10-16T11:17:57","date_gmt":"2023-10-16T17:17:57","guid":{"rendered":"https:\/\/radiozapatista.org\/?p=46495"},"modified":"2023-10-16T11:17:57","modified_gmt":"2023-10-16T17:17:57","slug":"comunicado-de-la-comunidad-otomi-residente-en-la-ciudad-de-mexico-en-el-marco-del-iii-aniversario-de-la-toma-inpi","status":"publish","type":"post","link":"https:\/\/radiozapatista.org\/?p=46495","title":{"rendered":"[:es]COMUNICADO DE LA COMUNIDAD OTOM\u00cd RESIDENTE EN LA CIUDAD DE M\u00c9XICO EN EL MARCO DEL III ANIVERSARIO DE LA TOMA INPI[:]"},"content":{"rendered":"<p>[:es]<\/p>\n<div class=\"post-content-container\">\n<div class=\"post-content entry-content cf\">\n<p>Al CCRI-CG-EZLN<br \/>\nAl Ej\u00e9rcito Zapatista de Liberaci\u00f3n Nacional<br \/>\nA la Comisi\u00f3n Sexta del EZLN<br \/>\nAl SubComandante Insurgente Galeano<br \/>\nAl SubComandante Insurgente Mois\u00e9s<br \/>\nAl Congreso Nacional Ind\u00edgena-Concejo Ind\u00edgena de Gobierno<br \/>\nA Ma. de Jes\u00fas Patricio Mart\u00ednez, Vocera del CNI-CIG<br \/>\nA los Pueblos del Mundo que resisten contra el sistema Capitalista y Patriarcal<br \/>\nA los Pueblos, Tribus, Naciones, Comunidades y Barrios Originarios<br \/>\nque nunca fueron conquistados<br \/>\nA la Sexta Nacional e Internacional<br \/>\nA las Redes de Resistencia y Rebeld\u00eda<br \/>\nA la Europa Insumisa, Digna y Rebelde<br \/>\nA quienes suscribieron la Declaraci\u00f3n por la Vida<br \/>\nA las Madres y Padres de nuestros 43 Normalistas de Ayotzinapa<br \/>\nA los medios libres, independientes, alternativos o como se llamen\u2026<\/p>\n<p>Hermanas y hermanos tod@s<\/p>\n<p>A tres a\u00f1os de la TOMA DEL INPI, solo Racismo y Discriminaci\u00f3n,<br \/>\nrecibimos de la Cuarta Transformaci\u00f3n.<\/p>\n<p>12 DE OCTUBRE, D\u00cdA DE LA RESISTENCIA Y LA DIGNIDAD IND\u00cdGENA<br \/>\nNo tenemos nada que celebrar que no sea la Resistencia y la Rebeld\u00eda de nuestros Pueblos<br \/>\n531 a\u00f1os de Resistencia y Dignidad de nuestros Pueblos<br \/>\n27 a\u00f1os de la fundaci\u00f3n del Congresos Nacional Ind\u00edgena, CNI<\/p>\n<p>En marco del III ANIVERSARIO DE LA TOMA INPI, hoy Casa de los Pueblos y Comunidades Ind\u00edgenas \u201cSamir Flores Soberanes\u201d, espacio de resistencia y rebeld\u00eda \u2026<\/p>\n<p>DECLARAMOS<\/p>\n<p>Que quienes suscribimos la presente, mujeres, hombres y ni\u00f1@s, tod@s integrantes de la Comunidad Ind\u00edgena Otom\u00ed, residentes en la Ciudad de M\u00e9xico y originari@s de Santiago Mexquititl\u00e1n, Amealco Quer\u00e9taro, con fundamento en el Art. 2\u00ba Constitucional; el Convenio 196 de OIT para Pueblos Ind\u00edgenas y Tribales y la Declaraci\u00f3n de las Naciones Unidas sobre los Derechos de los Pueblos Ind\u00edgenas y la Declaraci\u00f3n Universal de los Derechos Humanos y frente a tanto desprecio, discriminaci\u00f3n y racismo de parte de los gobiernos pasados y presentes decimos \u00a1YA BASTA!<\/p>\n<p>Que este 12 de Octubre no tenemos nada que celebrara que no sea la Resistencia y la Rebeldia de nuestros Pueblos.<\/p>\n<p>Que, con otros rostros y otros nombres, pero siempre en nombre de la \u00abcivilizaci\u00f3n\u00bb, la \u00abtransformaci\u00f3n\u00bb y la \u00abcreaci\u00f3n de nuevas rutas comerciales, -como hoy en d\u00eda suele pasar-, llevan a cabo genocidio, despojo, desplazamiento e invasi\u00f3n de nuestras tierras y territorios, saquean el agua y nuestras riquezas.<\/p>\n<p>Que han pasado 531 a\u00f1os y no nos conquistaron.<br \/>\nNuestros pueblos originarios y comunidades ind\u00edgenas, siguen resistiendo contra la militarizaci\u00f3n, la contrainsurgencia, el crimen organizado y los grupos paramilitares que en complicidad con los gobiernos municipales, estatales y federales, gozan de plena impunidad para imponer megaproyectos de muerte como el Tren Maya, el Corredor Interoce\u00e1nico, el Proyecto Integral Morelos y el Aeropuerto Internacional de Santa Luc\u00eda.<\/p>\n<p>Que el asesinato de nuestro hermano Samir Flores Soberanes, defensor del agua, la tierra y la vida, es un ejemplo claro de odio y racismo en contra de nuestros pueblos<\/p>\n<p>Que la respuesta a nuestras demandas, sin importar el color del gobierno en turno, siempre ha sido de puertas cerradas; solo nos miran como cifras en los procesos electorales y folklore para promocionarse en el mundo. Si resistimos y nos organizamos para exigir nuestros derechos, recibimos discriminaci\u00f3n, desprecio, olvido, represi\u00f3n y criminalizaci\u00f3n.<\/p>\n<p>Que el DERECHO a una VIVIENDA DIGNA y el DERECHO A LA CIUDAD, por m\u00e1s de 4 d\u00e9cadas nos ha sido negada. Ante tanto desprecio y olvido, decidimos realizar acciones de resistencia, es por ello, que este 12 de octubre, cumplimos 3 a\u00f1os de haber tomado el INPI; es decir, cumplimos 1095 d\u00edas de haber tomado las oficinas del mal llamado INSTITUTO NACIONAL DE LOS PUEBLOS IND\u00cdGENAS, INPI; los mismos d\u00edas que lleva el traidor de los pueblos Adelfo Regino, sin poder despachar en su elefante blanco. Dicho espacio, fue renombrado como la Casa de los Pueblos y Comunidades Ind\u00edgenas \u201cSamir Flores Soberanes\u201d. En raz\u00f3n de ello, reiteramos que este 12 de octubre, fecha, en que los de arriba celebran la mal llamada \u201cConquista de Am\u00e9rica\u201d; nosotr@s, los pueblos originarios y comunidades ind\u00edgenas NO TENEMOS NADA QUE CELEBRAR., que no sea la Resistencia y la Rebeld\u00eda de nuestros Pueblos contra del despojo, el saqueo y el genocidio.<\/p>\n<p>Que despu\u00e9s de la toma del INPI, de nada sirvieron establecer Mesas de Di\u00e1logo con autoridades del gobierno central, dependencias de gobierno y espec\u00edficamente con representantes del INVI y del INPI, pues a tres a\u00f1os, seguimos sin una vivienda digna y decorosa. Lo \u00fanico que logramos fue, arrancarles la expropiaci\u00f3n de Zacateca 74, Col. Roma. Cuauht\u00e9moc, sin que hasta la fecha inicien las obras.<\/p>\n<p>Que respecto al inmueble ubicado en Roma 18 y\/o Londres 7 en Col. Ju\u00e1rez, es un ejemplo claro de la falta de palabra al cumplimiento de sus promesas, textualmente dijeron: El gobierno de la CDMX \u201ccon el fin de brindar una adecuada atenci\u00f3n a los pueblos originarios residentes en la Ciudad de M\u00e9xico y en particular a los residentes del inmueble antes referido, lleva a cabo la gesti\u00f3n conducente con las dependencias involucradas del Gobierno de M\u00e9xico, que permita la expropiaci\u00f3n del inmueble antes referido\u201d. ANTE TANTAS MENTIRAS, HOY LES DECIMOS QUE YA NO SE PREOCUPEN POR LA EXPROPIACI\u00d3N DE ROMA 18 \/ LONDRES 7. A TRES A\u00d1OS DE LA TOMA IMPI, LES INFORMAMOS QUE NUESTRAS EXIGENCIA SIGUE SIENDO LA MISMA, S\u00d3LO QUE EN ESTA OCASI\u00d3N, EXIGIMOS LA EXPROPIACI\u00d3N DE LA ESTE INMUEBLE, EL MISMO QUE ALBERGA LA CASA DE LOS PUEBLOS Y LAS COMUNIDADES INDIGENAS \u201cSAMIR FLORES SOBERANES\u201d. YA LO DECIDIMOS, Y EN ESO ESTA PUESTA NUESTRA RESISTENCIA.<\/p>\n<p>Finalmente queremos recordar, que hoy 12 de octubre, tenemos una doble celebraci\u00f3n de resistencia y rebeld\u00eda, celebramos tambien 27 a\u00f1os de la fundaci\u00f3n del Congreso Nacional Indigena, CNI y en este acto, ratificamos nuestro paso firme y nuestro andar con la lucha y resistencia de nuestros pueblos.<br \/>\nNo cederemos nada, hasta alcanzar la reconstituci\u00f3n integral de nuestros pueblos. Viva el Congreso Nacional Ind\u00edgena.<\/p>\n<p>Esta \u00abGuerra contra los Pueblos en M\u00e9xico se llama Narcoestado Capitalista\u00bb y dirige su estrategia contrainsurgente en contra del Ej\u00e9rcito Zapatista de Liberaci\u00f3n Nacional, EZLN y las comunidades ind\u00edgenas zapatistas, para socavar sus formas de organizaci\u00f3n, autodeterminaci\u00f3n y su autonom\u00eda por lo que desde este espacio, exigimos un alto total a la guerra en contra de los pueblos originarios, comunidades indigenas y en contra de nuestros hermanos del Ej\u00e9rcito Zapatista de Liberaci\u00f3n Nacional.<\/p>\n<p>Cerramos esta participaci\u00f3n, anunciado que el d\u00eda de hoy inauguramos nuestra RADIO COMUNITARIA DE LOS PUEBLOS IND\u00edGENAS EN LA CIUDAD DE M\u00c9XICO.<\/p>\n<p>Nuestra radio se llama, Yha nh\u00f6 Ya jhoi 91.1 FM, Yha vihJatsi \u2013 Arth\u00fcjhu<br \/>\nLa voz de los pueblos 91.1 FM, Ya se mira el horizonte \u2013 Radio<\/p>\n<p>Este esfuerzo colectivo de la radio comunitaria, tambi\u00e9n representa la resistencia y rebeld\u00eda contra el poder, a partir de este momento, invitamos a los pueblos, comunidades, organizaciones y todos aquellos que depor s\u00ed, luchamos abajo y a la izquierda, para que hagamos nuestra esta radio comunitaria. Vivan los Medios libres, alternativos o como se llamen.<\/p>\n<p>ATENTAMENTE<\/p>\n<p>\u00a1\u00a1ZAPATA VIVE, LA LUCHA SIGUE!!<br \/>\n\u00a1\u00a1TENER TECHO, ES UN DERECHO!!<br \/>\n\u00a1\u00a1VIVIENDA PAGADA, NO REGALADA!!<br \/>\n\u00a1\u00a1NUNCA M\u00c1S UNA CIUDAD SIN SUS PUEBLOS Y COMUNIDADES IND\u00cdGENAS!!<br \/>\n12 DE OCTUBRE, D\u00cdA DE LA LA RESISTENCIA IND\u00cdGENA<\/p>\n<p>COMUNIDAD IND\u00cdGENA OTOM\u00cd RESIDENTE EN LA CDMX<br \/>\nDesde la Casa de los Pueblos y Comunidades Ind\u00edgenas \u201cSamir Flores Soberanes\u201d<\/p>\n<p>Ciudad de M\u00e9xico a 12 de octubre de 2023<\/p>\n<\/div>\n<\/div>\n<p>[:]<\/p>\n","protected":false},"excerpt":{"rendered":"<p>[:es] Al CCRI-CG-EZLN Al Ej\u00e9rcito Zapatista de Liberaci\u00f3n Nacional A la Comisi\u00f3n Sexta del EZLN Al SubComandante Insurgente Galeano Al SubComandante Insurgente Mois\u00e9s Al Congreso Nacional Ind\u00edgena-Concejo Ind\u00edgena de Gobierno A Ma. de Jes\u00fas Patricio Mart\u00ednez, Vocera del CNI-CIG A los Pueblos del Mundo que resisten contra el sistema Capitalista y Patriarcal A los Pueblos, [&hellip;]<\/p>\n","protected":false},"author":1,"featured_media":0,"comment_status":"open","ping_status":"closed","sticky":false,"template":"","format":"standard","meta":{"footnotes":""},"categories":[957,1024,954,183],"tags":[1253,63,1433,545,148],"class_list":["post-46495","post","type-post","status-publish","format-standard","hentry","category-autonomia","category-cni-temas","category-mexico","category-blog","tag-cdmx","tag-cni","tag-otomi","tag-pueblos-indigenas","tag-resistencia"],"_links":{"self":[{"href":"https:\/\/radiozapatista.org\/index.php?rest_route=\/wp\/v2\/posts\/46495","targetHints":{"allow":["GET"]}}],"collection":[{"href":"https:\/\/radiozapatista.org\/index.php?rest_route=\/wp\/v2\/posts"}],"about":[{"href":"https:\/\/radiozapatista.org\/index.php?rest_route=\/wp\/v2\/types\/post"}],"author":[{"embeddable":true,"href":"https:\/\/radiozapatista.org\/index.php?rest_route=\/wp\/v2\/users\/1"}],"replies":[{"embeddable":true,"href":"https:\/\/radiozapatista.org\/index.php?rest_route=%2Fwp%2Fv2%2Fcomments&post=46495"}],"version-history":[{"count":1,"href":"https:\/\/radiozapatista.org\/index.php?rest_route=\/wp\/v2\/posts\/46495\/revisions"}],"predecessor-version":[{"id":46496,"href":"https:\/\/radiozapatista.org\/index.php?rest_route=\/wp\/v2\/posts\/46495\/revisions\/46496"}],"wp:attachment":[{"href":"https:\/\/radiozapatista.org\/index.php?rest_route=%2Fwp%2Fv2%2Fmedia&parent=46495"}],"wp:term":[{"taxonomy":"category","embeddable":true,"href":"https:\/\/radiozapatista.org\/index.php?rest_route=%2Fwp%2Fv2%2Fcategories&post=46495"},{"taxonomy":"post_tag","embeddable":true,"href":"https:\/\/radiozapatista.org\/index.php?rest_route=%2Fwp%2Fv2%2Ftags&post=46495"}],"curies":[{"name":"wp","href":"https:\/\/api.w.org\/{rel}","templated":true}]}}