{"id":46482,"date":"2023-10-14T09:53:04","date_gmt":"2023-10-14T15:53:04","guid":{"rendered":"https:\/\/radiozapatista.org\/?p=46482"},"modified":"2023-10-14T09:53:04","modified_gmt":"2023-10-14T15:53:04","slug":"libertad-para-el-preso-politico-manuel-gomez-vazquez","status":"publish","type":"post","link":"https:\/\/radiozapatista.org\/?p=46482","title":{"rendered":"Libertad para el preso pol\u00edtico Manuel G\u00f3mez V\u00e1zquez"},"content":{"rendered":"<p>Desde diciembre de 2020, Manuel G\u00f3mez V\u00e1zquez, joven maya tseltal, base de apoyo del EZLN, ha estado preso injustamente por un delito que no cometi\u00f3. Fue falsamente acusado por autoridades comunitarias, torturado por \u00e9stas y despu\u00e9s procesado penalmente bajo la intervenci\u00f3n en complicidad de la Fiscal\u00eda de Justicia Ind\u00edgena, quien particip\u00f3 en la prolongaci\u00f3n de su detenci\u00f3n, desaparici\u00f3n forzada y fabricaci\u00f3n de pruebas en su contra.<\/p>\n<p>La prisi\u00f3n de Manuel G\u00f3mez V\u00e1zquez es parte de un patr\u00f3n sistem\u00e1tico de criminalizaci\u00f3n a defensores ind\u00edgenas por parte del gobierno de Chiapas, por medio de acusaciones falsas, tortura, utilizaci\u00f3n de testigos falsos y otros medios, con la intenci\u00f3n de castigar ejemplarmente la defensa de los derechos humanos, de la tierra y del territorio.<\/p>\n<p>(Ve el sitio especial del Frayba &#8220;<a href=\"https:\/\/frayba.org.mx\/presos-tseltales\" target=\"_blank\" rel=\"noopener\">F\u00e1brica de Culpables &#8211; Detenci\u00f3n Arbitraria<\/a>&#8220;.)<\/p>\n<p align=\"center\"><iframe loading=\"lazy\" width=\"560\" height=\"315\" src=\"https:\/\/www.youtube.com\/embed\/7U9oPyhkejY?si=BjNekONxJWtP7tMT\" title=\"YouTube video player\" frameborder=\"0\" allow=\"accelerometer; autoplay; clipboard-write; encrypted-media; gyroscope; picture-in-picture; web-share\" allowfullscreen><\/iframe><\/p>\n<p><\/p>","protected":false},"excerpt":{"rendered":"<p>Desde diciembre de 2020, Manuel G\u00f3mez V\u00e1zquez, joven maya tseltal, base de apoyo del EZLN, ha estado preso injustamente por un delito que no cometi\u00f3. Fue falsamente acusado por autoridades comunitarias, torturado por \u00e9stas y despu\u00e9s procesado penalmente bajo la intervenci\u00f3n en complicidad de la Fiscal\u00eda de Justicia Ind\u00edgena, quien particip\u00f3 en la prolongaci\u00f3n de [&hellip;]<\/p>\n","protected":false},"author":1,"featured_media":46483,"comment_status":"open","ping_status":"closed","sticky":false,"template":"","format":"standard","meta":{"footnotes":""},"categories":[6,955,962,190,222],"tags":[667,284,926,1419,948,37,483],"class_list":["post-46482","post","type-post","status-publish","format-standard","has-post-thumbnail","hentry","category-chiapas","category-ezln-temas","category-presos","category-radiozapatista","category-video","tag-baezln","tag-criminalizacion","tag-ezln","tag-manuel-gomez","tag-presos","tag-presos-politicos","tag-tierra-y-territorio"],"_links":{"self":[{"href":"https:\/\/radiozapatista.org\/index.php?rest_route=\/wp\/v2\/posts\/46482","targetHints":{"allow":["GET"]}}],"collection":[{"href":"https:\/\/radiozapatista.org\/index.php?rest_route=\/wp\/v2\/posts"}],"about":[{"href":"https:\/\/radiozapatista.org\/index.php?rest_route=\/wp\/v2\/types\/post"}],"author":[{"embeddable":true,"href":"https:\/\/radiozapatista.org\/index.php?rest_route=\/wp\/v2\/users\/1"}],"replies":[{"embeddable":true,"href":"https:\/\/radiozapatista.org\/index.php?rest_route=%2Fwp%2Fv2%2Fcomments&post=46482"}],"version-history":[{"count":1,"href":"https:\/\/radiozapatista.org\/index.php?rest_route=\/wp\/v2\/posts\/46482\/revisions"}],"predecessor-version":[{"id":46484,"href":"https:\/\/radiozapatista.org\/index.php?rest_route=\/wp\/v2\/posts\/46482\/revisions\/46484"}],"wp:featuredmedia":[{"embeddable":true,"href":"https:\/\/radiozapatista.org\/index.php?rest_route=\/wp\/v2\/media\/46483"}],"wp:attachment":[{"href":"https:\/\/radiozapatista.org\/index.php?rest_route=%2Fwp%2Fv2%2Fmedia&parent=46482"}],"wp:term":[{"taxonomy":"category","embeddable":true,"href":"https:\/\/radiozapatista.org\/index.php?rest_route=%2Fwp%2Fv2%2Fcategories&post=46482"},{"taxonomy":"post_tag","embeddable":true,"href":"https:\/\/radiozapatista.org\/index.php?rest_route=%2Fwp%2Fv2%2Ftags&post=46482"}],"curies":[{"name":"wp","href":"https:\/\/api.w.org\/{rel}","templated":true}]}}