{"id":46456,"date":"2023-10-13T11:04:43","date_gmt":"2023-10-13T17:04:43","guid":{"rendered":"https:\/\/radiozapatista.org\/?p=46456"},"modified":"2023-10-13T13:40:39","modified_gmt":"2023-10-13T19:40:39","slug":"fuera-eeuu-de-oaxaca","status":"publish","type":"post","link":"https:\/\/radiozapatista.org\/?p=46456","title":{"rendered":"[:es]Fuera EEUU de Oaxaca[:]"},"content":{"rendered":"<p>[:es]FUERA EEUU DE OAXACA<br \/>\n#ELSURRESISTE<\/p>\n<p>El d\u00eda de hoy, nos sumamos a las movilizaciones nacionales e internacionales a 531 a\u00f1os del inicio de la resistencia y rebeld\u00eda de nuestros pueblos ind\u00edgenas en ABYA YALA, nos vemos en el espejo de la hist\u00f3rica lucha de los pueblos originarios del MUNDO frente a la guerra de exterminio, invasi\u00f3n y despojo de nuestras tierras, territorios, bienes naturales, identidad; lengua, tradiciones, espiritualidad y formas de organizaci\u00f3n, que al d\u00eda de hoy, siguen amenazadas por un violento proceso de NECOLONIZACI\u00d3N, en medio de Crisis Clim\u00e1ticas, Energ\u00e9ticas y Humanitarias, as\u00ed como de conflictos militares en diferentes partes del mundo. \u00a1AQU\u00cd ESTAMOS!, \u00a1NO NOS CONQUISTARON!, \u00a1EXISTIMOS, PORQUE RESISTIMOS y REEXISTIMOS!<\/p>\n<p>El siguiente escrito es una reflexi\u00f3n colectiva desde las comunidades y organizaciones ind\u00edgenas que conformamos el Frente de Organizaciones Oaxaque\u00f1as \u2013 FORO y el Consejo de Organizaciones Oaxaque\u00f1as Aut\u00f3nomas \u2013 COOA, ante la reuni\u00f3n de representantes de EEUU con el gobierno de la \u201cPrimavera Oaxaque\u00f1a\u201d, los cu\u00e1les han firmado la llamada INICIATIVA POR OAXACA, como parte de la imposici\u00f3n del CORREDOR INTEROCE\u00c1NICO en el Istmo de Tehuantepec y el reordenamiento del Sur-Sureste Mexicano. Nos preguntamos con mucha preocupaci\u00f3n, \u00bfQu\u00e9 representa la Iniciativa Oaxaca para los pueblos ind\u00edgenas?<\/p>\n<p>Esta iniciativa fue presentada e impulsada por Ken Salazar y el Consejo Coordinador Empresarial (CCE), bajo el amparo del gobernador del estado, Salom\u00f3n Jara Cruz, y presentado por el mismo como \u201cAmigos por Oaxaca\u201d. Su objetivo, ha sido pronunciado por estos mismos actores, el cual consiste en entregar las riquezas naturales con las que cuenta Oaxaca al imperialismo Norteamericano, como lo recalc\u00f3 Ken Salazar, concretar con el \u201cCorredor Interoce\u00e1nico, los puertos, los aeropuertos\u201d y dem\u00e1s infraestructura encaminada a la industrializaci\u00f3n, permitir\u00e1 que \u201cAm\u00e9rica del Norte sea la potencia econ\u00f3mica m\u00e1s grande del mundo\u201d.<\/p>\n<p>El Istmo de Tehuantepec pretende ser el espacio f\u00edsico donde se movilice la econom\u00eda mundial de todos los continentes, controlado por los intereses econ\u00f3micos y militares de EEUU y sus aliados del Norte Global, para ello, la destrucci\u00f3n ambiental, explotaci\u00f3n de los bienes naturales y la mano de obra barata es requerida, se producir\u00e1 una expropiaci\u00f3n socioecol\u00f3gica, donde las mercanc\u00edas a consumirse en el pa\u00eds destino, estar\u00e1n cargadas de lo que a nosotros y nosotras nos ser\u00e1 arrebatado: agua, tierras, bosques, aire, etc.; todo lo que a los y las habitantes de la regi\u00f3n se les quite y les escasee, ser\u00e1 lo que en otro lugar, alguien m\u00e1s, est\u00e9 disfrutando, siendo el Istmo la puerta al saqueo de Oaxaca y del Sur-sureste mexicano.<\/p>\n<p>\u201cAmigos por Oaxaca\u201d o \u201cIniciativa Oaxaca\u201d es un paso m\u00e1s de los mecanismos del Desarrollo Neoliberal que han sido implementados en la regi\u00f3n del Istmo de Tehuantepec desde el a\u00f1o 2018, como fue el llamado \u201cPACTO OAXACA\u201d en agosto de 2019, y las m\u00e1s de 6 reuniones de reuniones de Gobernadores y Gobernadoras del Sur Sureste con la embajada de Estados Unidos, siendo el \u00faltimo en septiembre de 2022, nuevamente, en Oaxaca, ante esta serie de eventos que han sido poco visibilizados por los medios de comunicaci\u00f3n y cuestionados por la sociedad civil.<\/p>\n<p>El gobierno de la Primavera Oaxaque\u00f1a mantiene una constante campa\u00f1a medi\u00e1tica que busca invisibilizar el papel hist\u00f3rico de la sociedad civil y organizaciones sociales en la vida pol\u00edtica del estado, queriendo vender la imagen de gobernabilidad y paz, para crear las condiciones necesarias que permitan la llegada de inversiones de las empresas transnacionales, \u201cHablamos, No Bloqueamos\u201d y los \u201cDelegados de Paz Social\u201d, son la m\u00e1scara que pretende ocultar los graves conflictos sociales (gentrificaci\u00f3n, desplazamientos forzados) y ambientales (agua, basura, extractivismo), a la par, la violencia de los grupos del cr\u00edmen organizado aumenta d\u00eda con d\u00eda, el narcoestado se desenmascara en Oaxaca.<\/p>\n<p>Hacemos un llamado a los pueblos, comunidades y organizaciones ind\u00edgenas, campesinas y populares, organismos de derechos humanos, medios libres, alternativos o como se llamen, colectivxs aut\u00f3nomxs, feministas, disidentxs, libertarixs, a las personas solidarias, artistas, periodistas y acad\u00e9micxs de abajo y a la izquierda, a exigir la informaci\u00f3n sobre qu\u00e9 representa est\u00e1 iniciativa para el pueblo y los pueblos de Oaxaca. Desde est\u00e9 espacio, estaremos convocando a reflexionar, compartir, discutir y construir una defensa colectiva ante un enemigo com\u00fan que amenaza la vida como la conocemos.<\/p>\n<p><!--more-->\u00a1LA GUERRA CONTRA LOS PUEBLOS EN M\u00c9XICO SE LLAMA NARCOESTADO CAPITALISTA!<\/p>\n<p>\u00a1VIDA LA RESISTENCIA IND\u00cdGENA Y POPULAR DE LOS PUEBLOS IND\u00cdGENAS DE OAXACA, ABYA YALA Y EL MUNDO!<\/p>\n<p>\u00a1EL SUR RESISTE EN TODOS LOS RINCONES DEL SUR GLOBAL!<\/p>\n<p>\u00a1Basta al despojo, saqueo y destrucci\u00f3n de la naturaleza y territorios por los grandes capitales globales y estados corporativos!<\/p>\n<p>\u00a1Alto al racismo, fascismo e imposici\u00f3n de nuevas fronteras militares e industriales,migrar no es un cr\u00edmen!<\/p>\n<p>\u00a1Basta de violencia y represi\u00f3n contra los movimientos sociales, organizaciones, comunidades y pueblos defensores de la naturaleza, el futuro y la vida misma en el planeta!<\/p>\n<p>\u00a1Alto a la guerra de exterminio contra los pueblos ZAPATISTAS, KURDOS, PALESTINOS y todos los pueblos del SUR GLOBAL, que luchan y resisten por una vida humana digna y solidaria!<\/p>\n<p>\u00a1Basta de violencia feminicida, trans, respeto a la diversidad y disidencias sexo gen\u00e9ricas!<\/p>\n<p>\u00a1Exigimos Verdad y Justicia, para nuestrxs desaparecidxs y asesinadxs!<\/p>\n<p>\u00a1Libertad a lxs presxs pol\u00edticxs!<\/p>\n<p>\u00a1Por una vivienda y vida digna, alto a la gentifricacion y al turismo depredador!<\/p>\n<p>\u00a1Si nos tocan a unx, nos tocan a todxs!<\/p>\n<p>Por una lucha Antipatriarcal, Anticapitalista, Anticolonial, Antifacista, Antiracista y Antiimperalista. \u00a1Otro sistema de vida es posible!<\/p>\n<p>Atentamente desde Oaxaca de Flores Mag\u00f3n<\/p>\n<p>Frente de Organizaciones Oaxaque\u00f1as (FORO):<\/p>\n<p>Asamblea de los Pueblos Ind\u00edgenas del Istmo en Defensa de la Tierra y el Territorio \u2013<\/p>\n<p>APIIDTT; Organizaciones Indias por los Derechos Humanos en Oaxaca (OIDHO); Comit\u00e9<\/p>\n<p>por la Defensa de los Derechos Ind\u00edgenas (CODEDI); Comit\u00e9 de Defensa de los Derechos de<\/p>\n<p>los Pueblos de Oaxaca (CODEPO); Uni\u00f3n Campesina e Ind\u00edgena de Oaxaca-Emiliano Zapata<\/p>\n<p>(UCIO- EZ); Frente Ind\u00edgena Zapoteco (FIZ); Uni\u00f3n Nacional de Trabajadores Agr\u00edcolas<\/p>\n<p>(UNTA); Consejo de Comunidades Ind\u00edgenas de la Sierra Sur (COCISS); Consejo para el<\/p>\n<p>Desarrollo Social de Santiago Amoltepec (CODESA).[:]<\/p>\n","protected":false},"excerpt":{"rendered":"<p>[:es]FUERA EEUU DE OAXACA #ELSURRESISTE El d\u00eda de hoy, nos sumamos a las movilizaciones nacionales e internacionales a 531 a\u00f1os del inicio de la resistencia y rebeld\u00eda de nuestros pueblos ind\u00edgenas en ABYA YALA, nos vemos en el espejo de la hist\u00f3rica lucha de los pueblos originarios del MUNDO frente a la guerra de exterminio, [&hellip;]<\/p>\n","protected":false},"author":21,"featured_media":46457,"comment_status":"open","ping_status":"closed","sticky":false,"template":"","format":"standard","meta":{"footnotes":""},"categories":[957,51,826,958,954,962,935],"tags":[79,58,53,567,147,918,23,37,545,87,148,27,483],"class_list":["post-46456","post","type-post","status-publish","format-standard","has-post-thumbnail","hentry","category-autonomia","category-autor","category-medios-libres-2","category-megaproyectos","category-mexico","category-presos","category-temas","tag-autonomia","tag-derechos-humanos","tag-justicia","tag-megaproyectos","tag-militarizacion","tag-oaxaca","tag-paramilitares","tag-presos-politicos","tag-pueblos-indigenas","tag-represion","tag-resistencia","tag-solidaridad","tag-tierra-y-territorio"],"_links":{"self":[{"href":"https:\/\/radiozapatista.org\/index.php?rest_route=\/wp\/v2\/posts\/46456","targetHints":{"allow":["GET"]}}],"collection":[{"href":"https:\/\/radiozapatista.org\/index.php?rest_route=\/wp\/v2\/posts"}],"about":[{"href":"https:\/\/radiozapatista.org\/index.php?rest_route=\/wp\/v2\/types\/post"}],"author":[{"embeddable":true,"href":"https:\/\/radiozapatista.org\/index.php?rest_route=\/wp\/v2\/users\/21"}],"replies":[{"embeddable":true,"href":"https:\/\/radiozapatista.org\/index.php?rest_route=%2Fwp%2Fv2%2Fcomments&post=46456"}],"version-history":[{"count":3,"href":"https:\/\/radiozapatista.org\/index.php?rest_route=\/wp\/v2\/posts\/46456\/revisions"}],"predecessor-version":[{"id":46464,"href":"https:\/\/radiozapatista.org\/index.php?rest_route=\/wp\/v2\/posts\/46456\/revisions\/46464"}],"wp:featuredmedia":[{"embeddable":true,"href":"https:\/\/radiozapatista.org\/index.php?rest_route=\/wp\/v2\/media\/46457"}],"wp:attachment":[{"href":"https:\/\/radiozapatista.org\/index.php?rest_route=%2Fwp%2Fv2%2Fmedia&parent=46456"}],"wp:term":[{"taxonomy":"category","embeddable":true,"href":"https:\/\/radiozapatista.org\/index.php?rest_route=%2Fwp%2Fv2%2Fcategories&post=46456"},{"taxonomy":"post_tag","embeddable":true,"href":"https:\/\/radiozapatista.org\/index.php?rest_route=%2Fwp%2Fv2%2Ftags&post=46456"}],"curies":[{"name":"wp","href":"https:\/\/api.w.org\/{rel}","templated":true}]}}