{"id":46450,"date":"2023-10-13T10:48:30","date_gmt":"2023-10-13T16:48:30","guid":{"rendered":"https:\/\/radiozapatista.org\/?p=46450"},"modified":"2023-10-13T13:44:24","modified_gmt":"2023-10-13T19:44:24","slug":"alto-a-la-guerra-contra-los-pueblos-de-mexico-y-el-mundo-hacia-los-pueblos-zapatistas-y-hacia-los-pueblos-originarios","status":"publish","type":"post","link":"https:\/\/radiozapatista.org\/?p=46450","title":{"rendered":"Alto a la guerra contra los pueblos de M\u00e9xico y el mundo, hacia los pueblos Zapatistas y hacia los pueblos originarios"},"content":{"rendered":"<p><b>A los pueblos de M\u00e9xico y del mundo,<\/b><br \/>\n<b>A los organismos y colectivos defensores de derechos humanos,<\/b><br \/>\n<b>A los medios de comunicaci\u00f3n.<\/b><\/p>\n<p>Hoy 12 de octubre se cumplen 531 a\u00f1os del inicio de la invasi\u00f3n europea a nuestras tierras y territorios, fecha que marcar\u00eda el inicio de uno de los mayores genocidios en la historia de la humanidad y de la salvaje globalizaci\u00f3n capitalista que ha sido impuesta a todos los pueblos del mundo; pero tambi\u00e9n se cumplen 531 a\u00f1os del inicio de la resistencia y la rebeld\u00eda de nuestros pueblos en contra de esta interminable guerra de invasi\u00f3n y conquista capitalista patriarcal; y 27 a\u00f1os de haberse fundado el Congreso Nacional Ind\u00edgena como el espacio de lucha y unidad de los pueblos originarios de M\u00e9xico,<\/p>\n<p>Actualmente el mundo vive en medio de grandes guerras como lo acreditan la masacre y el exterminio que en estos momentos lleva a cabo el ej\u00e9rcito de ocupaci\u00f3n israel\u00ed en contra del pueblo palestino en la franja de Gaza y en Cisjordania. De guerra en guerra y por medio de ellas el capitalismo global se reproduce cotidianamente.<\/p>\n<p>M\u00e9xico, a pesar de los disfraces y mentiras que brotan del gobierno de la Cuarta Transformaci\u00f3n, no es la excepci\u00f3n y los cifras que describen la violencia y la guerra son elocuentes: m\u00e1s de 156 mil homicidios dolosos, m\u00e1s de 43 mil personas desaparecidas y no localizadas, m\u00e1s de 4 mil feminicidios, 75 periodistas y 104 personas defensoras de tierra y territorio, pueblos ind\u00edgenas, derechos humanos y medio ambiente asesinadas en este sexenio, casi la mitad de estos \u00faltimos participantes en el espacio que es el CNI.<\/p>\n<p>M\u00e9xico entero es un campo de guerra que se expresa en la militarizaci\u00f3n, el militarismo y el paramilitarismo exacerbados, la presencia de los c\u00e1rteles criminales por doquier y la persecuci\u00f3n, nunca antes vista, de migrantes mediante el uso de la guardia nacional y las fuerzas castrenses.<\/p>\n<p>Particularmente la frontera de M\u00e9xico con Guatemala en Chiapas, donde el C\u00e1rtel Jalisco Nueva Generaci\u00f3n y el C\u00e1rtel de Sinaloa disputan sangrientamente el territorio, o regiones enteras de estados como Guerrero, Michoac\u00e1n, Colima, Jalisco, Guanajuato, Sonora, Chihuahua, Zacatecas y Tamaulipas, viven un clima de aguda violencia bajo el control casi total de los c\u00e1rteles criminales, mismo que se complementa con la ausencia de gobierno y la simbiosis entre instituciones p\u00fablicas, funcionarios, mandos militares y grupos de la delincuencia organizada. Adicionalmente, en Chiapas existe un claro cerco de guerra en contra del Ej\u00e9rcito Zapatista de Liberaci\u00f3n Nacional (EZLN) y los pueblos zapatistas, escenario en el que los grupos paramilitares operan con total impunidad desde hace tres d\u00e9cadas y \u00faltimamente han aumentado sus agresiones contra las comunidades zapatistas, destacando\u00a0 los m\u00e1s de 100 ataques, entre 2019 y 2023, que la Organizaci\u00f3n Regional de Cafeticultores de Ocosingo (ORCAO) ha llevado a cabo en contra de poblados zapatistas pertenecientes al Caracol 10, <i>Floreciendo la Semilla Rebelde<\/i>.<\/p>\n<p><!--more-->El cerco hacia los pueblos zapatistas y el EZLN, masacres como la de Acteal, as\u00ed como la desaparici\u00f3n de los 43 j\u00f3venes de Ayotzinapa, junto a la creciente y continuada violencia hacia las mujeres, o el asesinato y desaparici\u00f3n de defensores de la tierra, como son los casos de nuestros hermanos Samir Flores Soberanes de Amilcingo y Sergio Rivera Hern\u00e1ndez de la organizaci\u00f3n MAIZ, son se\u00f1ales contundentes de esta guerra que hoy viste de sangre y dolor al pa\u00eds entero. Por m\u00e1s de ocho a\u00f1os las comunidades de la montan\u0303a baja de Guerrero que conforman el Concejo Indi\u0301gena y Popular de Guerrero Emiliano Zapata, han sido v\u00edctimas de la delincuencia organizada, y actualmente suman m\u00e1s de 20 desaparecidos y ma\u0301s de 50 asesinados a manos del grupo narco paramilitar conocido como <b><i>los ardillos<\/i><\/b>, mismo que act\u00faa bajo la protecci\u00f3n de los gobiernos municipales y del estado, as\u00ed como del ej\u00e9rcito federal perteneciente a la zona militar n\u00famero 35. Asimismo, la comunidad nahua de Santa Mar\u00eda Ostula, Michoac\u00e1n, en su lucha por defender sus tierras, su autonom\u00eda y su guardia comunal, ha sufrido, desde el a\u00f1o 2008 a la fecha, el asesinato de 39 comuneros y la desaparici\u00f3n de 6 m\u00e1s, recordando que en lo que va del a\u00f1o han sido asesinados 5 comuneros por el C\u00e1rtel Jalisco Nueva Generaci\u00f3n.<\/p>\n<p>Junto a la <b>Asamblea Nacional por el Agua y la Vida<\/b> manifestamos que la guerra en contra de los pueblos de M\u00e9xico se llama narcoestado capitalista, porque se impone a trav\u00e9s de leyes que privatizan y legalizan el despojo del agua como sucede en Tlaxcala, Quer\u00e9taro, Puebla y la Ciudad de M\u00e9xico; se impone con instrumentos de guerra como CONAGUA, SACMEX, CEA Quer\u00e9taro y CEAS Puebla, organismos que venden el agua a las empresas transnacionales y al gran capital financiero, a la vez que gestionan y subsidian proyectos para robar el agua de nuestros pueblos y devolverla envenenada. Esa guerra de despojo tambi\u00e9n se llama Proyecto Integral Morelos, Aeropuerto de Santa Lucia y programas de ordenamiento territorial en el centro del pa\u00eds y la Ciudad de M\u00e9xico.<\/p>\n<p>Asimismo, hacemos nuestra la denuncia de la <b>Asamblea Nacional por el Agua y la Vida<\/b> hacia la sistem\u00e1tica represi\u00f3n, criminalizaci\u00f3n, persecuci\u00f3n y encarcelamiento que el estado ejecuta en contra de quienes nos organizamos en defensa del agua y la vida y reiteramos que la guerra en nuestros pueblos se vive en su expresi\u00f3n m\u00e1s cruda mediante la militarizaci\u00f3n, el hostigamiento policiaco, el uso o amenaza de la fuerza en manifestaciones, o mediante grupos de choque paramilitares, la instalaci\u00f3n de complejos policiacos y militares y el despliegue de grupos criminales en nuestros territorios con la pretensi\u00f3n de callar la voz de los pueblos,\u00a0 imponer los megaproyectos de muerte y legalizar el despojo del agua como ocurre en Santiago Mexquititl\u00e1n, El Salto, Tlaxcala, San Gregorio Atlapulco y Puebla.<\/p>\n<p>Nos hacemos eco de las palabras de los pueblos, comunidades, organizaciones, colectivos, redes y personas del sur-sureste mexicano integrantes de la campa\u00f1a <b>El Sur Resiste<\/b>, se\u00f1alando que nos preocupa el avance violento de los megaproyectos interconectados Tren Maya y Corredor Interoce\u00e1nico Istmo de Tehuantepec; y de todos los proyectos que se est\u00e1n ejecutando en este reordenamiento territorial del sur-sureste. Los trenes, gasoductos, parques industriales, puertos, aeropuertos, carreteras, hoteles y dem\u00e1s infraestructura log\u00edstica que se ha estado construyendo, solo han representado la destrucci\u00f3n de la naturaleza, el saqueo de nuestros bienes naturales, el despojo de nuestras tierras y la divisi\u00f3n de nuestras comunidades, sumando el aumento de la violencia por parte de los grupos del crimen organizado que disputan nuestros territorios. En contraste, la presencia masiva de las corporaciones militares en el sur-sureste, mismas que son las administradoras directas de estos megaproyectos, no ha tra\u00eddo seguridad ni paz, por el contrario, estas corporaciones han sido responsables de amenazas, persecuci\u00f3n y hostigamientos contra quienes defendemos a la madre tierra, nuestros territorios y la vida misma.<\/p>\n<p>Junto con la campa\u00f1a <b>El Sur Resiste<\/b> denunciamos el avance en la construcci\u00f3n del mal llamado Tren Maya y sus proyectos complementarios como la Puerta al Mar y otros que atraviesan y destruyen las reservas de la biosfera de Sian Ka\u2019an y de Calakmul. Denunciamos que el Corredor Interoce\u00e1nico, igual que el tren maya, no es otra cosa que la entrega de nuestros territorios a los grandes capitales extranjeros con el resguardo de la marina, la guardia nacional y la delincuencia organizada. Denunciamos que los parques industriales que pretenden instalar tanto en el Istmo veracruzano como en el oaxaque\u00f1o, entre los puertos de Coatzacoalcos y Salina Cruz, adem\u00e1s de contaminar nuestras aguas, tierras y aire y contribuir al calentamiento global, al igual que la refiner\u00eda Dos Bocas, conformar\u00e1n la nueva frontera al servicio de Estados Unidos, no solo para detener el avance de las migraciones del sur del continente y de rincones remotos del sur global, migraciones que acrecentar\u00e1n la mano de obra barata; sino con el fin de utilizar la regi\u00f3n para la movilidad de las mercanc\u00edas del comercio mundial y para la movilidad militar en un contexto de guerras y disputas por el control del mundo.<\/p>\n<p>Ante esta guerra capitalista y patriarcal de las corporaciones mundiales y sus gobiernos contra la humanidad, hoy nos movilizamos para exigir un alto total al cerco dirigido contra el EZLN y las comunidades zapatistas; y contra los pueblos originarios de M\u00e9xico, a traves de la militarizaci\u00f3n, el militarismo, la paramilitarizaci\u00f3n, el crimen organizado o los mal llamados planes de justicia ind\u00edgenas en los pueblos yaqui, mayo yoreme y guarij\u00edo de Sonora y en distintos puntos de la geograf\u00eda nacional que el INPI impulsa y cuyas oficinas centrales permanecen tomadas, justo desde hace tres a\u00f1os, por la comunidad ind\u00edgena otom\u00ed residente en la Ciudad de M\u00e9xico. Llamamos a los pueblos de M\u00e9xico y del mundo a organizarnos para frenar esta guerra que se vertebra por medio del despojo y la explotaci\u00f3n crecientes que implican el saqueo del agua, la extracci\u00f3n y distribuci\u00f3n de hidrocarburos, la miner\u00eda y los megaproyectos de infraestructura encaminados al ordenamiento salvaje de las poblaciones, de las fronteras y de los territorios de nuestros pueblos.<\/p>\n<p>No detengamos nuestro paso. Resistiremos, como lo hemos hecho hasta el d\u00eda de hoy, esta prolongada guerra de conquista. Resistiremos los grandes proyectos de infraestructura y el salvaje reordenamiento que el capital pretende imponer en nuestros territorios. Seguiremos resistiendo la militarizaci\u00f3n y la creciente presencia del crimen organizado; seguiremos resistiendo el despojo, la explotaci\u00f3n y la muerte que este capitalismo patriarcal pretende imponer en cada rinc\u00f3n del planeta. Nuestra lucha es por la vida.<\/p>\n<p style=\"text-align: center;\"><b>\u00a1\u00a1ALTO A LA GUERRA CONTRA LOS PUEBLOS DE M\u00c9XICO Y DEL MUNDO, HACIA LOS PUEBLOS ZAPATISTAS Y HACIA LOS PUEBLOS ORIGINARIOS DE M\u00c9XICO!!<\/b><br \/>\n<b>\u00a1\u00a1LA GUERRA CONTRA LOS PUEBLOS EN M\u00c9XICO SE LLAMA NARCOESTADO CAPITALISTA!!<\/b><br \/>\n<b>\u00a1\u00a1A 531 A\u00d1OS DEL INICIO DE LA GUERRA SEGUIMOS RESISTIENDO!!<\/b><br \/>\n<b>\u00a1\u00a1531 A\u00d1OS HAN PASADO Y NO NOS CONQUISTARON!!<\/b><br \/>\n<b>\u00a1\u00a1VIVA EL CONGRESO NACIONAL IND\u00cdGENA EN SUS 27 A\u00d1OS DE VIDA!!<\/b><br \/>\n<b>\u00a1Nunca mas un M\u00e9xico sin Nosotros!<\/b><br \/>\n<b>\u00a1Por la Reconstituci\u00f3n Integral de nuestros Pueblos!<\/b><\/p>\n<p style=\"text-align: center;\"><b>CONGRESO NACIONAL IND\u00cdGENA-CONCEJO IND\u00cdGENA DE GOBIERNO<\/b><\/p>\n<p><\/p>","protected":false},"excerpt":{"rendered":"<p>A los pueblos de M\u00e9xico y del mundo, A los organismos y colectivos defensores de derechos humanos, A los medios de comunicaci\u00f3n. Hoy 12 de octubre se cumplen 531 a\u00f1os del inicio de la invasi\u00f3n europea a nuestras tierras y territorios, fecha que marcar\u00eda el inicio de uno de los mayores genocidios en la historia [&hellip;]<\/p>\n","protected":false},"author":21,"featured_media":46451,"comment_status":"open","ping_status":"closed","sticky":false,"template":"","format":"standard","meta":{"footnotes":""},"categories":[957,51,1024,943,1095,1284,958,954,953,935],"tags":[79,917,1151,63,58,682,1305,567,147,23,37,545,87,148,27,483],"class_list":["post-46450","post","type-post","status-publish","format-standard","has-post-thumbnail","hentry","category-autonomia","category-autor","category-cni-temas","category-cni","category-concejo-indigena-de-gobierno","category-latinoamerica","category-megaproyectos","category-mexico","category-mundo","category-temas","tag-autonomia","tag-chiapas","tag-cig","tag-cni","tag-derechos-humanos","tag-desaparicion-forzada","tag-latinoamerica","tag-megaproyectos","tag-militarizacion","tag-paramilitares","tag-presos-politicos","tag-pueblos-indigenas","tag-represion","tag-resistencia","tag-solidaridad","tag-tierra-y-territorio"],"_links":{"self":[{"href":"https:\/\/radiozapatista.org\/index.php?rest_route=\/wp\/v2\/posts\/46450","targetHints":{"allow":["GET"]}}],"collection":[{"href":"https:\/\/radiozapatista.org\/index.php?rest_route=\/wp\/v2\/posts"}],"about":[{"href":"https:\/\/radiozapatista.org\/index.php?rest_route=\/wp\/v2\/types\/post"}],"author":[{"embeddable":true,"href":"https:\/\/radiozapatista.org\/index.php?rest_route=\/wp\/v2\/users\/21"}],"replies":[{"embeddable":true,"href":"https:\/\/radiozapatista.org\/index.php?rest_route=%2Fwp%2Fv2%2Fcomments&post=46450"}],"version-history":[{"count":2,"href":"https:\/\/radiozapatista.org\/index.php?rest_route=\/wp\/v2\/posts\/46450\/revisions"}],"predecessor-version":[{"id":46466,"href":"https:\/\/radiozapatista.org\/index.php?rest_route=\/wp\/v2\/posts\/46450\/revisions\/46466"}],"wp:featuredmedia":[{"embeddable":true,"href":"https:\/\/radiozapatista.org\/index.php?rest_route=\/wp\/v2\/media\/46451"}],"wp:attachment":[{"href":"https:\/\/radiozapatista.org\/index.php?rest_route=%2Fwp%2Fv2%2Fmedia&parent=46450"}],"wp:term":[{"taxonomy":"category","embeddable":true,"href":"https:\/\/radiozapatista.org\/index.php?rest_route=%2Fwp%2Fv2%2Fcategories&post=46450"},{"taxonomy":"post_tag","embeddable":true,"href":"https:\/\/radiozapatista.org\/index.php?rest_route=%2Fwp%2Fv2%2Ftags&post=46450"}],"curies":[{"name":"wp","href":"https:\/\/api.w.org\/{rel}","templated":true}]}}