{"id":46435,"date":"2023-10-10T11:41:15","date_gmt":"2023-10-10T17:41:15","guid":{"rendered":"https:\/\/radiozapatista.org\/?p=46435"},"modified":"2023-10-10T11:45:08","modified_gmt":"2023-10-10T17:45:08","slug":"palabra-del-congreso-nacional-indigena-en-la-conferencia-de-prensa-accion-global-por-el-alto-a-la-guerra-contra-los-pueblos-de-mexico-y-del-mundo-hacia-los-pueblos-zapatistas-y-hacia-los-pueblo","status":"publish","type":"post","link":"https:\/\/radiozapatista.org\/?p=46435","title":{"rendered":"Palabra del Congreso Nacional Ind\u00edgena en la conferencia de prensa \u00abAcci\u00f3n global por el alto a la guerra contra los pueblos de M\u00e9xico y del mundo, hac\u00eda los pueblos zapatistas y hacia los pueblos originarios de M\u00e9xico\u00bb"},"content":{"rendered":"<p><\/p>\n<div class=\"post-content-container\">\n<div class=\"post-content entry-content cf\">\n<p>Desde el Congreso Nacional Ind\u00edgena y el Concejo Ind\u00edgena de Gobierno, hemos lanzado una convocatoria exigiendo el alto a la guerra contra los pueblos de M\u00e9xico y del mundo, hacia los pueblos zapatistas y hacia los pueblos originarios de M\u00e9xico, esto porque en conjunto con la Asamblea Nacional por el Agua y la Vida y el Espacio de Coordinaci\u00f3n nacional contra la Guerra hemos visto que la militarizaci\u00f3n del pa\u00eds avanza para garantizar los megaproyectos de muerte como el Tren Maya, el Corredor Interoce\u00e1nico, el Proyecto Integral Morelos y el Aeropuerto Internacional de Santa Luc\u00eda, que en esta administraci\u00f3n se han dado: 153 mil 941 homicidios dolosos, 42 mil 935 personas desaparecidas y no localizadas, 69 periodistas y 94 personas defensoras de la tierra y el territorio, pueblos ind\u00edgenas y medio ambiente asesinadas.<\/p>\n<p>En nuestros territorios esto lo vivimos todos los d\u00edas, en Morelos, en Amilcingo el crimen ha aumentado, seguimos exigiendo que el caso del compa\u00f1ero Samir Flores Soberanes sea atendido, porque es un asesinato vinculado a la resistencia contra el Proyecto Integral Morelos. En Tetlama seguimos resistiendo contra la miner\u00eda, y cada vez es m\u00e1s com\u00fan ver gente armada.<\/p>\n<p>En la Ciudad de M\u00e9xico, es m\u00e1s dif\u00edcil vivir, la polic\u00eda nos persigue, no nos deja trabajar, nos vigilan, nos toman fotos. En Milpa Alta vemos que, con su plan de reordenamiento territorial en Xochimilco, aumenta la tala de \u00e1rboles, como en el Estado de M\u00e9xico en Huixquilucan y Lerma que por la construcci\u00f3n de la Reserva Santa Fe est\u00e1n destruyendo nuestros lugares sagrados.<\/p>\n<p>En Puebla, en la Sierra Negra, enfrentamos un proyecto hidroel\u00e9ctrico, hemos visto c\u00f3mo el ej\u00e9rcito y el c\u00e1rtel comen juntos, el crimen ha crecido, las desapariciones contin\u00faan y van en aumento, los residuos de las f\u00e1bricas est\u00e1n contaminando los mantos fre\u00e1ticos.<\/p>\n<p>En Quer\u00e9taro la violencia aumenta, hay concesiones de agua y cateos a nuestras viviendas por lo que sea, las represiones son cada vez m\u00e1s violentas, en estos \u00faltimos 2 a\u00f1os han puesto polic\u00edas antimotines en vez de militares y asesinaron a 2 personas que solo iban a detener. En Michoac\u00e1n, la embestida por parte de funcionarios del Estado mexicano y de c\u00e1rteles criminales, en contra de Ostula, en contra de sus territorios y en contra de su Guardia Comunal, de sus instituciones y de su autonom\u00eda ha crecido descomunalmente en los \u00faltimos d\u00edas. A la violenta ejecuci\u00f3n de nuestro hermano y compa\u00f1ero LORENZO FROYLAN DE LA CRUZ R\u00cdOS, se suman las violentas palabras del Gobernador de Michoac\u00e1n, ALFREDO RAM\u00cdREZ BEDOLLA, en contra de nuestra Guardia Comunal, as\u00ed como la sorpresiva orden dada por el magistrado del Tribunal Unitario Agrario del Distrito 38, con sede en la Ciudad de Colima, JES\u00daS ANTONIO FR\u00cdAS CARDONA, para deslindar nuestras tierras en favor de supuestos peque\u00f1os propietarios.<\/p>\n<p>En Guerrero, nuestras compa\u00f1eras y compa\u00f1eros del Consejo Ind\u00edgena y Popular de Guerrero-Emiliano Zapata, CIPOG-EZ, siguen bajo amenazas, ejecuciones y desapariciones forzadas.<\/p>\n<p>En Nayarit, el crimen organizado y los c\u00e1rteles est\u00e1n en pelea por el territorio y est\u00e1n reclutando en nuestros pueblos. El rio Lerma-Santiago est\u00e1 siendo contaminado, en la traves\u00eda del rio ha afectado a ni\u00f1os, mujeres y j\u00f3venes con los metales pesados de las industrias. En la parte sur tenemos la Riviera Nayarit con la privatizaci\u00f3n de las playas.<\/p>\n<p>En Sonora y Sinaloa insisten con sus planes de justicia que omiten el acceso a la justicia, se enfocan en construir cosas y no van hacia la restituci\u00f3n de nuestras tierras, el crimen organizado sigue creciendo y se encuentran fosas clandestinas todos los d\u00edas, tambi\u00e9n crece la militarizaci\u00f3n con la presencia de la guardia nacional.<\/p>\n<p>En Baja California, los invasores llegaron a apoderarse de 11 hect\u00e1reas de territorio kumiai.<\/p>\n<p>En el Norte de Veracruz hay una devastaci\u00f3n socioambiental, no solo son los derrames o explosiones sino tambi\u00e9n un clima de terror por parte del crimen organizado que se est\u00e1n apropiando del territorio. En el sur, estamos en la zona del corredor interoce\u00e1nico, estamos cerca adem\u00e1s del Tren maya y el gasoducto, que hace que aumente la presencia tanto del crimen organizado como de los militares y la guardia nacional.<\/p>\n<p>En Oaxaca, 18 de nuestros compa\u00f1eros de Puente Madera tienen \u00f3rdenes de aprehensi\u00f3n por defender su territorio, la violencia contra nuestras comunidades est\u00e1 creciendo por la imposici\u00f3n del tren interoce\u00e1nico y se habla de la construcci\u00f3n de 10 parques e\u00f3licos m\u00e1s. En San Agust\u00edn, en la mazateca, hay exploraciones para convertirlo en un centro tur\u00edstico, nuestro compa\u00f1ero Miguel Peralta es perseguido y varios de nuestros compa\u00f1eros son presos pol\u00edticos. En el territorio Chontal luchamos contra una concesi\u00f3n minera. En la regi\u00f3n Loxicha se sigue agudizando la represi\u00f3n en contra de los compa\u00f1eros que defienden nuestro territorio, como el caso del compa\u00f1ero \u00c1lvaro Sebasti\u00e1n que despu\u00e9s de haber estado preso por 20 a\u00f1os, fue asesinado recientemente.<\/p>\n<p>En Campeche, con la puesta en marcha del \u201ctren maya\u201d, que nosotros lo llamamos el tren militar, ha aumentado mucho la especulaci\u00f3n inmobiliaria, los polos de desarrollo aun no tienen ubicaci\u00f3n por lo que las empresas est\u00e1n buscando desesperadamente en donde construirlos, la violencia ha aumentado y con los polos de desarrollo aumentar\u00e1 m\u00e1s. Se sobrexplota el agua, d\u00eda y noche para inundar una zona que no es apta para ello, agregando agrot\u00f3xicos que despu\u00e9s se van a los pozos artesanales que son de consumo humano en las comunidades, las fumigaciones a\u00e9reas y todo tipo de pesticidas e insecticidas que da\u00f1an a millones de polinizadores sobre todo a las abejas, en \u00faltimos meses hemos visto la muerte de las abejas en la pen\u00ednsula. Hay comunidades que quedaron partidas, se est\u00e1n viendo cambios en las comunidades, compa\u00f1eros fueron desalojados, las comunidades perdieron su tranquilidad \u201cya no salimos de noche porque el ej\u00e9rcito nos detiene\u201d.<\/p>\n<p>En Quintana Roo, est\u00e1n construyendo granjas de cerdos porque saben que tienen el agua asegurada, pero es agua que nos despojan y contaminan. Con el mal llamado \u201cTren maya\u201d se ven proyectos enfocados al aumento del turismo, que en nada benefician a nuestros pueblos, implica que nuestros territorios est\u00e1n en peligro, porque llegan con sus armas, con sus militares, para asegurar que nada se interponga.<\/p>\n<p>En Chiapas existe un cerco hacia los pueblos zapatistas, el Ej\u00e9rcito Zapatista de Liberaci\u00f3n Nacional (EZLN) y los pueblos originarios, est\u00e1n cerrando el paso, nos acorralan, hay grupos paramilitares que operan en total impunidad, est\u00e1n aumentando las acciones violentas en contra de las comunidades zapatistas, la organizaci\u00f3n regional de cafeticultores de Ocosingo, opera desde el 2000 bajo la venia de los distintos gobiernos y partidos pol\u00edticos, realizando al menos 100 ataques en contra de los pueblos zapatistas del Caracol 10 Floreciendo la Semilla Rebelde, con sede en Patria Nueva, Junta de Buen Gobierno Nuevo Amanecer en Resistencia y Rebeld\u00eda por la Vida y la Humanidad.<\/p>\n<p>Esto es tan solo un reflejo de la guerra que nosotros como pueblos originarios vivimos cotidianamente en nuestras comunidades, barrios, calles, centros de trabajo y espacios comunitarios. La militarizaci\u00f3n es un hecho, el r\u00e9gimen encabezado por la cuarta transformaci\u00f3n est\u00e1 mostrando su rostro m\u00e1s autoritario contra quienes defendemos la vida. Por ello, CONVOCAMOS a sumar y construir esfuerzos organizativos que denuncien esta barbarie y principalmente a realizar acciones conjuntas con los modos y formas de cada quien, para el 12 de octubre, d\u00eda de la Resistencia y la Dignidad Ind\u00edgena.<\/p>\n<p>LA GUERRA CONTRA LOS PUEBLOS EN M\u00c9XICO SE LLAMA NARCOESTADO CAPITALISTA.<\/p>\n<p>A 531 A\u00d1OS DE GUERRA SEGUIMOS RESISTIENDO. 27 A\u00d1OS DEL CONGRESO NACIONAL IND\u00cdGENA.<\/p>\n<p><strong>ATENTAMENTE<\/strong><\/p>\n<p><strong>\u00a1Nunca mas un M\u00e9xico sin Nosotros!<\/strong><\/p>\n<p><strong>\u00a1Por la Reconstituci\u00f3n Integral de nuestros Pueblos!<\/strong><\/p>\n<p><strong>CONGRESO NACIONAL IND\u00cdGENA-CONCEJO IND\u00cdGENA DE GOBIERNO<\/strong><\/p>\n<\/div>\n<\/div>\n<p><\/p>","protected":false},"excerpt":{"rendered":"<p>Desde el Congreso Nacional Ind\u00edgena y el Concejo Ind\u00edgena de Gobierno, hemos lanzado una convocatoria exigiendo el alto a la guerra contra los pueblos de M\u00e9xico y del mundo, hacia los pueblos zapatistas y hacia los pueblos originarios de M\u00e9xico, esto porque en conjunto con la Asamblea Nacional por el Agua y la Vida y [&hellip;]<\/p>\n","protected":false},"author":21,"featured_media":37977,"comment_status":"open","ping_status":"closed","sticky":false,"template":"","format":"standard","meta":{"footnotes":""},"categories":[957,51,943,1024,1095,958,954,935],"tags":[79,917,1151,63,36,58,53,567,147,23,37,545,87,148,27,483],"class_list":["post-46435","post","type-post","status-publish","format-standard","has-post-thumbnail","hentry","category-autonomia","category-autor","category-cni","category-cni-temas","category-concejo-indigena-de-gobierno","category-megaproyectos","category-mexico","category-temas","tag-autonomia","tag-chiapas","tag-cig","tag-cni","tag-comunidades-zapatistas","tag-derechos-humanos","tag-justicia","tag-megaproyectos","tag-militarizacion","tag-paramilitares","tag-presos-politicos","tag-pueblos-indigenas","tag-represion","tag-resistencia","tag-solidaridad","tag-tierra-y-territorio"],"_links":{"self":[{"href":"https:\/\/radiozapatista.org\/index.php?rest_route=\/wp\/v2\/posts\/46435","targetHints":{"allow":["GET"]}}],"collection":[{"href":"https:\/\/radiozapatista.org\/index.php?rest_route=\/wp\/v2\/posts"}],"about":[{"href":"https:\/\/radiozapatista.org\/index.php?rest_route=\/wp\/v2\/types\/post"}],"author":[{"embeddable":true,"href":"https:\/\/radiozapatista.org\/index.php?rest_route=\/wp\/v2\/users\/21"}],"replies":[{"embeddable":true,"href":"https:\/\/radiozapatista.org\/index.php?rest_route=%2Fwp%2Fv2%2Fcomments&post=46435"}],"version-history":[{"count":3,"href":"https:\/\/radiozapatista.org\/index.php?rest_route=\/wp\/v2\/posts\/46435\/revisions"}],"predecessor-version":[{"id":46438,"href":"https:\/\/radiozapatista.org\/index.php?rest_route=\/wp\/v2\/posts\/46435\/revisions\/46438"}],"wp:featuredmedia":[{"embeddable":true,"href":"https:\/\/radiozapatista.org\/index.php?rest_route=\/wp\/v2\/media\/37977"}],"wp:attachment":[{"href":"https:\/\/radiozapatista.org\/index.php?rest_route=%2Fwp%2Fv2%2Fmedia&parent=46435"}],"wp:term":[{"taxonomy":"category","embeddable":true,"href":"https:\/\/radiozapatista.org\/index.php?rest_route=%2Fwp%2Fv2%2Fcategories&post=46435"},{"taxonomy":"post_tag","embeddable":true,"href":"https:\/\/radiozapatista.org\/index.php?rest_route=%2Fwp%2Fv2%2Ftags&post=46435"}],"curies":[{"name":"wp","href":"https:\/\/api.w.org\/{rel}","templated":true}]}}