{"id":46404,"date":"2023-10-05T18:00:59","date_gmt":"2023-10-06T00:00:59","guid":{"rendered":"https:\/\/radiozapatista.org\/?p=46404"},"modified":"2023-10-05T18:00:59","modified_gmt":"2023-10-06T00:00:59","slug":"hace-dos-anos-empezo-el-infierno-en-chiapas-la-historia-de-un-taxista","status":"publish","type":"post","link":"https:\/\/radiozapatista.org\/?p=46404","title":{"rendered":"[:es]Hace dos a\u00f1os empez\u00f3 el infierno en Chiapas; la historia de un taxista[:]"},"content":{"rendered":"<p>[:es]Fuente: <a href=\"https:\/\/avispa.org\/hace-dos-anos-empezo-el-infierno-en-chiapas-la-historia-de-un-taxista\/\">Avispa Midia<\/a><\/p>\n<p>Por Jeny Pascacio<\/p>\n<div class=\"tdb-block-inner td-fix-index\">\n<p><em><sup>En portada: Durante los \u00faltimos d\u00edas de septiembre, centenas de militares incursionaron en las calles de Frontera Comalapa despu\u00e9s de dos semanas de bloqueos y enfrentamientos entre grupos del crimen organizado. Testimonios enfatizan que pese a su presencia, contin\u00faa la violencia criminal.<\/sup><\/em><\/p>\n<p>Esta es la segunda entrega de la serie <strong>Chiapas: Desaparecer en la Frontera Sur de M\u00e9xico<\/strong>, producida por Avispa M\u00eddia. En la <a href=\"https:\/\/avispa.org\/chiapas-desaparecer-en-la-frontera-sur-de-mexico\/\" target=\"_blank\" rel=\"noreferrer noopener\">primera entrega<\/a> presentamos una contextualizaci\u00f3n del conflicto que ha explotado en los \u00faltimos meses en Chiapas.<\/p>\n<p>En los textos que siguen, mostraremos el rostro de las estad\u00edsticas que apuntan centenas de desaparecidos principalmente en la frontera de M\u00e9xico con Guatemala. Ahora traemos la historia de Armando Agust\u00edn, un taxista de Ciudad Cuauht\u00e9moc que desapareci\u00f3 mientras trabajaba. Su familia sigue en su b\u00fasqueda.<\/p>\n<hr class=\"wp-block-separator has-alpha-channel-opacity\" \/>\n<p>Ciudad Cuauht\u00e9moc, municipio de Frontera Comalapa, se localiza en los l\u00edmites de Chiapas, M\u00e9xico, con Guatemala, por lo que es clave para el tr\u00e1fico de personas, drogas, gasolina, armas, entre otros il\u00edcitos, y es parte del territorio en disputa de dos c\u00e1rteles del crimen organizado.<\/p>\n<p class=\"has-vivid-cyan-blue-color has-text-color\"><a href=\"https:\/\/avispa.org\/desborde-de-violencia-en-frontera-sur-de-chiapas-expone-poblacion-a-escasez-e-inseguridad\/\" target=\"_blank\" rel=\"noreferrer noopener\">T<\/a><a href=\"https:\/\/avispa.org\/desborde-de-violencia-en-frontera-sur-de-chiapas-expone-poblacion-a-escasez-e-inseguridad\/\">e puede interesar \u2013 Desborde de violencia en frontera sur de Chiapas expone poblaci\u00f3n a escasez e inseguridad<\/a><\/p>\n<p>Desde el 2021 los habitantes no tienen derecho a una vida digna, \u201chace dos a\u00f1os comenz\u00f3 nuestro infierno\u201d, relata \u00c1ngeles Espinosa con voz molesta porque a la par recuerda los dichos del presidente de M\u00e9xico, Andr\u00e9s Manuel L\u00f3pez Obrador en las conferencias matutinas.<\/p>\n<p>Hace dos semanas no hay clases en la Escuela Primaria Cuauht\u00e9moc, las tiendas de abarrotes incrementaron los costos de los productos debido al desabasto, incluso de gasolina y gas LP, \u201cy as\u00ed ha sido durante dos a\u00f1os, pero ahora se pone peor\u201d.<\/p>\n<p>Los bloqueos promovidos por los c\u00e1rteles contin\u00faan en puntos que conectan con v\u00edas de comunicaci\u00f3n de la Costa, Sierra y la Meseta Comiteca Tojolabal, que se han convertido en las m\u00e1s peligrosas de transitar a pesar de la presencia militar.<\/p>\n<p>\u201cAl igual que Guatemala, el presidente envi\u00f3 a los militares y no hacen nada, frente a ellos pasan las camionetas con gente armada; aqu\u00ed no hay seguridad, aqu\u00ed a diario desaparecen personas\u201d, reitera \u00c1ngeles.<\/p>\n<figure class=\"wp-block-gallery has-nested-images columns-default is-cropped wp-block-gallery-1 is-layout-flex wp-block-gallery-is-layout-flex\">\n<figure class=\"wp-block-image size-large\"><a class=\"td-modal-image\" href=\"https:\/\/avispa.org\/wp-content\/uploads\/2023\/10\/DesaparicionesChiapasII-5.jpg\"><img loading=\"lazy\" decoding=\"async\" class=\"wp-image-103890\" src=\"https:\/\/avispa.org\/wp-content\/uploads\/2023\/10\/DesaparicionesChiapasII-5-676x1024.jpg\" sizes=\"auto, (max-width: 676px) 100vw, 676px\" srcset=\"https:\/\/avispa.org\/wp-content\/uploads\/2023\/10\/DesaparicionesChiapasII-5-676x1024.jpg 676w, https:\/\/avispa.org\/wp-content\/uploads\/2023\/10\/DesaparicionesChiapasII-5-198x300.jpg 198w, https:\/\/avispa.org\/wp-content\/uploads\/2023\/10\/DesaparicionesChiapasII-5-768x1163.jpg 768w, https:\/\/avispa.org\/wp-content\/uploads\/2023\/10\/DesaparicionesChiapasII-5-696x1054.jpg 696w, https:\/\/avispa.org\/wp-content\/uploads\/2023\/10\/DesaparicionesChiapasII-5-277x420.jpg 277w, https:\/\/avispa.org\/wp-content\/uploads\/2023\/10\/DesaparicionesChiapasII-5.jpg 845w\" alt=\"\" width=\"676\" height=\"1024\" data-id=\"103890\" \/><\/a><\/figure>\n<figure class=\"wp-block-image size-large\"><a class=\"td-modal-image\" href=\"https:\/\/avispa.org\/wp-content\/uploads\/2023\/10\/DesaparicionesChiapasII-4.jpg\"><img loading=\"lazy\" decoding=\"async\" class=\"wp-image-103889\" src=\"https:\/\/avispa.org\/wp-content\/uploads\/2023\/10\/DesaparicionesChiapasII-4-1024x576.jpg\" sizes=\"auto, (max-width: 1024px) 100vw, 1024px\" srcset=\"https:\/\/avispa.org\/wp-content\/uploads\/2023\/10\/DesaparicionesChiapasII-4-1024x576.jpg 1024w, https:\/\/avispa.org\/wp-content\/uploads\/2023\/10\/DesaparicionesChiapasII-4-300x169.jpg 300w, https:\/\/avispa.org\/wp-content\/uploads\/2023\/10\/DesaparicionesChiapasII-4-768x432.jpg 768w, https:\/\/avispa.org\/wp-content\/uploads\/2023\/10\/DesaparicionesChiapasII-4-696x391.jpg 696w, https:\/\/avispa.org\/wp-content\/uploads\/2023\/10\/DesaparicionesChiapasII-4-1068x600.jpg 1068w, https:\/\/avispa.org\/wp-content\/uploads\/2023\/10\/DesaparicionesChiapasII-4-747x420.jpg 747w, https:\/\/avispa.org\/wp-content\/uploads\/2023\/10\/DesaparicionesChiapasII-4.jpg 1080w\" alt=\"\" width=\"1024\" height=\"576\" data-id=\"103889\" \/><\/a><\/figure><figcaption class=\"blocks-gallery-caption wp-element-caption\"><em><sup>Bloqueos recientes est\u00e1n provocando desabasto de alimentos y combustible en la regi\u00f3n<\/sup><\/em><\/figcaption><\/figure>\n<p>En Ciudad Cuauht\u00e9moc tambi\u00e9n se han quedado sin energ\u00eda el\u00e9ctrica por varios d\u00edas y de forma recurrente la luz falla por las noches; y ya es com\u00fan escuchar balaceras y ver desfilar camionetas con personas armadas, incluso de d\u00eda.<\/p>\n<p>Uno de los grupos se\u00f1alados de operar en la zona es el \u201cMa\u00edz\u201d, vinculado al C\u00e1rtel de Jalisco Nueva Generaci\u00f3n (CJNG) para obligar a los habitantes a realizar actividades que les favorecen en la estrategia, incluso medi\u00e1tica, de sacar al C\u00e1rtel de Sinaloa de la regi\u00f3n.<\/p>\n<p>\u201cAl parecer es gente que ha sido coaccionada a sumarse, provienen de las mismas localidades y algunas de otros municipios\u201d, agrega Carla Zamora Lomel\u00ed, investigadora del grupo de Estudios Socioambientales y Gesti\u00f3n Territorial en El Colegio de la Frontera Sur (Ecosur).<\/p>\n<p>Pero es tan solo uno de los grupos se\u00f1alados por posibles desapariciones de personas, principalmente de hombres j\u00f3venes y fuertes.<\/p>\n<h3 id=\"h-armando-agustin-el-taxista\" class=\"wp-block-heading has-black-color has-text-color\"><strong>Armando Agust\u00edn, el taxista<\/strong><\/h3>\n<p>Hace dos a\u00f1os, el 1 de septiembre de 2021, Armando Agust\u00edn Mart\u00ednez D\u00edaz, de oficio taxista, fue contratado para un viaje de Ciudad Cuauht\u00e9moc a Comit\u00e1n de Dom\u00ednguez, del que no tuvo retorno.<\/p>\n<p>Armando Agust\u00edn fue de los primeros desaparecidos que coinciden con el incremento de casos de violencia generalizada, relacionada con la disputa del territorio entre el c\u00e1rtel de Sinaloa y el C\u00e1rtel de Jalisco Nueva Generaci\u00f3n en Chiapas.<\/p>\n<p>Es originario de Ciudad Cuauht\u00e9moc, municipio de Frontera Comalapa, y ten\u00eda 36 a\u00f1os cuando desapareci\u00f3. Ese 1 de septiembre fue contratado por una pareja para realizar un viaje a las 9hrs rumbo a Comit\u00e1n.<\/p>\n<p>Despu\u00e9s de recorrer un aproximado de 80 kil\u00f3metros, a las 10hrs, Armando se comunic\u00f3 con su familia, dijo haber llegado bien a Comit\u00e1n y que ya iba de regreso. Pero fue su \u00faltima comunicaci\u00f3n.<\/p>\n<div class=\"wp-block-image\">\n<figure class=\"alignleft size-medium is-resized\"><a class=\"td-modal-image\" href=\"https:\/\/avispa.org\/wp-content\/uploads\/2023\/10\/DesaparicionesChiapasII-1.jpg\"><img loading=\"lazy\" decoding=\"async\" class=\"wp-image-103886\" src=\"https:\/\/avispa.org\/wp-content\/uploads\/2023\/10\/DesaparicionesChiapasII-1-143x300.jpg\" sizes=\"auto, (max-width: 246px) 100vw, 246px\" srcset=\"https:\/\/avispa.org\/wp-content\/uploads\/2023\/10\/DesaparicionesChiapasII-1-143x300.jpg 143w, https:\/\/avispa.org\/wp-content\/uploads\/2023\/10\/DesaparicionesChiapasII-1.jpg 612w\" alt=\"\" width=\"246\" height=\"516\" \/><\/a><figcaption class=\"wp-element-caption\">Armando Agust\u00edn Mart\u00ednez D\u00edaz desapareci\u00f3 el 1 de septiembre del 2021. Sus familiares contin\u00faan su b\u00fasqueda.<\/figcaption><\/figure>\n<\/div>\n<p>Al notar que el tiempo transcurri\u00f3 y Armando no regres\u00f3 a casa, la familia y amigos enviaron mensajes y marcaron su n\u00famero de m\u00f3vil infinidad de veces. Pero siempre estuvo fuera de servicio.<\/p>\n<p>La familia interpuso la denuncia ante la Fiscal\u00eda General del Estado (FGE) que public\u00f3 la ficha de b\u00fasqueda, pero nunca investig\u00f3. Por ello, durante las primeras semanas la familia busc\u00f3 a Armando en Comit\u00e1n, San Crist\u00f3bal y Tuxtla Guti\u00e9rrez, en separos y hospitales, pero sin \u00e9xito.<\/p>\n<p>La v\u00eda de comunicaci\u00f3n, desde hace varios a\u00f1os, se ha convertido en una de las m\u00e1s peligrosas de la geograf\u00eda chiapaneca. Desde hace dos a\u00f1os, habitantes de Chicomuselo y Frontera Comalapa denunciaron en redes sociales el riesgo de transitar por esa carretera, incluso a plena luz del sol.<\/p>\n<p>Como sucedi\u00f3 el 22 de marzo de 2023 con la desaparici\u00f3n de siete autoridades ejidales de Nueva Libertad, Frontera Comalapa, que previamente fueron vistos a bordo de una camioneta Ram color rojo y se dirig\u00edan a Palenque. D\u00edas despu\u00e9s fueron liberadas en diferentes momentos.<\/p>\n<p>A las 17hrs del 18 de mayo del mismo a\u00f1o, Tom\u00e1s L\u00f3pez G\u00f3mez perdi\u00f3 comunicaci\u00f3n con su familia. Tom\u00e1s conduc\u00eda un veh\u00edculo tipo Urvan del transporte p\u00fablico Estrella de la Frontera Sur que recorr\u00eda la carretera de Ciudad Cuauht\u00e9moc a Comit\u00e1n, pero hasta ahora no hay noticias de su paradero.<\/p>\n<h3 id=\"h-las-calles-en-silencio\" class=\"wp-block-heading has-black-color has-text-color\"><strong>Las calles en silencio<\/strong><\/h3>\n<p>Para 2020, Ciudad Cuauht\u00e9moc registra cerca de 2,788 habitantes de acuerdo al Instituto Nacional de Estad\u00edstica y Geograf\u00eda (INEGI) y, a decir de Humberto Salas, familiar de tres personas desaparecidas, en la localidad hay m\u00e1s de 50 casos, pero la mayor\u00eda de las personas prefiere no denunciar.<\/p>\n<p>El Centro de Derechos Humanos Fray Bartolom\u00e9 de las Casas (Frayba) ha dado cuenta que, por la falta de confianza en las autoridades, la incertidumbre y las constantes amenazas que reciben por diferentes v\u00edas, muchas familias prefieren no denunciar.<\/p>\n<p>La violencia logr\u00f3 lo que la pandemia no, encerrarlos por completo. Las ni\u00f1eces viven con miedo, incluso para ir a la escuela, pues en m\u00e1s de una ocasi\u00f3n las balaceras han sucedido mientras est\u00e1n en clases.<\/p>\n<p>Las ferias de fin de a\u00f1o en honor al Ni\u00f1ito Fundador y a la Virgen de Guadalupe no se hacen desde hace tres a\u00f1os. Las calles lucen vac\u00edas, el transporte es intermitente y los negocios cierran al ocaso.<\/p>\n<p>Muchos comercios quebraron, por los cobros de derecho de piso, incluso dej\u00f3 de ser ruta recurrente de las personas en movilidad humana que llegan a M\u00e9xico, porque tambi\u00e9n las desaparecen.<\/p>\n<p>En todo momento, los habitantes contactados destacaron la ausencia de fuerzas de seguridad. \u201cCasi no hay presencia militar\u201d. A diario observan m\u00e1s veh\u00edculos del crimen organizado que militares y los violentos bloqueos son constantes.<\/p>\n<p>Todo lo anterior, a pesar de que a 14 minutos existe un destacamento de la Secretar\u00eda de la Defensa Nacional (Sedena) en la localidad El Jocote; uno m\u00e1s de la Guardia Nacional en el tramo carretero Paso Hondo-Frontera Comalapa.<\/p>\n<p>Los habitantes dijeron que observan m\u00e1s \u2018desfiles\u2019 de carros monstruos, motocicletas y camionetas con personas a bordo portando armas de fuego que de militares salvaguardando la integridad de los mexicanos.<\/p>\n<p>\u201cA todos nos cambi\u00f3 la vida, nos sentimos inseguros, escuchamos ruidos de carros o motocicletas y pensamos r\u00e1pido que son ellos y que nos van a volver a atacar\u201d, lament\u00f3 Raquel Molina. \u201cSomos personas humildes y trabajadoras, pero estamos pagando por cosas que no hicimos\u201d.<\/p>\n<p><strong><em>*Los nombres de las personas que accedieron a dar testimonios fueron modificados por razones de seguridad.<\/em><\/strong><\/p>\n<\/div>\n<p>[:]<\/p>\n","protected":false},"excerpt":{"rendered":"<p>[:es]Fuente: Avispa Midia Por Jeny Pascacio En portada: Durante los \u00faltimos d\u00edas de septiembre, centenas de militares incursionaron en las calles de Frontera Comalapa despu\u00e9s de dos semanas de bloqueos y enfrentamientos entre grupos del crimen organizado. Testimonios enfatizan que pese a su presencia, contin\u00faa la violencia criminal. Esta es la segunda entrega de la [&hellip;]<\/p>\n","protected":false},"author":21,"featured_media":46405,"comment_status":"open","ping_status":"closed","sticky":false,"template":"","format":"standard","meta":{"footnotes":""},"categories":[51,6,826,958,954,935],"tags":[917,58,682,782,53,567,147,116,23,545,87,27,483],"class_list":["post-46404","post","type-post","status-publish","format-standard","has-post-thumbnail","hentry","category-autor","category-chiapas","category-medios-libres-2","category-megaproyectos","category-mexico","category-temas","tag-chiapas","tag-derechos-humanos","tag-desaparicion-forzada","tag-desplazamiento-forzado","tag-justicia","tag-megaproyectos","tag-militarizacion","tag-narcotrafico","tag-paramilitares","tag-pueblos-indigenas","tag-represion","tag-solidaridad","tag-tierra-y-territorio"],"_links":{"self":[{"href":"https:\/\/radiozapatista.org\/index.php?rest_route=\/wp\/v2\/posts\/46404","targetHints":{"allow":["GET"]}}],"collection":[{"href":"https:\/\/radiozapatista.org\/index.php?rest_route=\/wp\/v2\/posts"}],"about":[{"href":"https:\/\/radiozapatista.org\/index.php?rest_route=\/wp\/v2\/types\/post"}],"author":[{"embeddable":true,"href":"https:\/\/radiozapatista.org\/index.php?rest_route=\/wp\/v2\/users\/21"}],"replies":[{"embeddable":true,"href":"https:\/\/radiozapatista.org\/index.php?rest_route=%2Fwp%2Fv2%2Fcomments&post=46404"}],"version-history":[{"count":1,"href":"https:\/\/radiozapatista.org\/index.php?rest_route=\/wp\/v2\/posts\/46404\/revisions"}],"predecessor-version":[{"id":46406,"href":"https:\/\/radiozapatista.org\/index.php?rest_route=\/wp\/v2\/posts\/46404\/revisions\/46406"}],"wp:featuredmedia":[{"embeddable":true,"href":"https:\/\/radiozapatista.org\/index.php?rest_route=\/wp\/v2\/media\/46405"}],"wp:attachment":[{"href":"https:\/\/radiozapatista.org\/index.php?rest_route=%2Fwp%2Fv2%2Fmedia&parent=46404"}],"wp:term":[{"taxonomy":"category","embeddable":true,"href":"https:\/\/radiozapatista.org\/index.php?rest_route=%2Fwp%2Fv2%2Fcategories&post=46404"},{"taxonomy":"post_tag","embeddable":true,"href":"https:\/\/radiozapatista.org\/index.php?rest_route=%2Fwp%2Fv2%2Ftags&post=46404"}],"curies":[{"name":"wp","href":"https:\/\/api.w.org\/{rel}","templated":true}]}}