{"id":46385,"date":"2023-10-03T20:21:20","date_gmt":"2023-10-04T02:21:20","guid":{"rendered":"https:\/\/radiozapatista.org\/?p=46385"},"modified":"2023-10-03T20:21:20","modified_gmt":"2023-10-04T02:21:20","slug":"bloqueo-de-carretera-en-contra-del-complejo-policiaco-en-san-lucas-nextetelco-puebla-en-terreno-destinado-para-la-construccion-de-un-panteon-comunitario-contra-la-guerra-y-por-la-vida","status":"publish","type":"post","link":"https:\/\/radiozapatista.org\/?p=46385","title":{"rendered":"[:es]Bloqueo de carretera en contra del complejo policiaco en San Lucas Nextetelco, Puebla en terreno destinado para la construcci\u00f3n de un pante\u00f3n comunitario. CONTRA LA GUERRA Y POR LA VIDA[:]"},"content":{"rendered":"<p>[:es]<\/p>\n<div class=\"post-content-container\">\n<div class=\"post-content entry-content cf\">\n<p>Al CCRI-CG del EZLN<\/p>\n<p>Al Ej\u00e9rcito Zapatista de Liberaci\u00f3n Nacional<\/p>\n<p>A la comisi\u00f3n sexta del EZLN<\/p>\n<p>Al Congreso Nacional Ind\u00edgena<\/p>\n<p>Al Concejo Ind\u00edgena de Gobierno<\/p>\n<p>A Ma. De Jes\u00fas Patricio Mart\u00ednez, Vocera del CNI-CIG<\/p>\n<p>A los pueblos del mundo que resisten contra el sistema capitalista y patriarcal<\/p>\n<p>A los Pueblos, Tribus, Naciones, comunidades y barrios originarios que nunca fueron conquistados<\/p>\n<p>A los pueblos que luchan y resisten en la cuenca de la An\u00e1huac<\/p>\n<p>A los pueblos afrodescendientes y originarios del Abya Yala<\/p>\n<p>A la Europa Insumisa, Digna y Rebelde<\/p>\n<p>A quienes firmaron la declaraci\u00f3n por la vida<\/p>\n<p>A toda persona del mundo que lucha contra el capitalismo<\/p>\n<p>A los medios libres, independientes, alternativos o como se llamen.<\/p>\n<p>En este contexto de estrategias de guerra en contra de los pueblos originarios que luchan y resisten en defensa del territorio, de los derechos colectivos, una guerra que impone fuerzas armadas (policiacas) para reprimir, detener y desaparecer defensores del territorio.<\/p>\n<p>Ese odio, racismo, clasismo se recalca una y otra vez con amenazas de represi\u00f3n en contra de nuestros hermanxs del municipio de Juan C. Bonilla, Puebla<\/p>\n<p>Hoy 2 de octubre en el aniversario de la matanza del 68, alrededor de las 16:20, en las inmediaciones del terreno destinado a Pante\u00f3n comunitario, ubicado en la junta auxiliar de San Lucas Nextetelco, se report\u00f3 la presencia de maquinaria y centenares de polic\u00edas, para dar comienzo a los trabajos del complejo policiaco, que el presidente municipal de Juan C. Bonilla JOS\u00c9 CINTO BERNAL, pretende imponer en este territorio, pese a que los pueblos de Juan C. Bonilla en reiteradas ocasiones y con base a sus usos y costumbres determinaron que dicho terreno ser\u00eda destinado para pante\u00f3n comunitario , neg\u00e1ndose rotundamente a la construcci\u00f3n de un complejo de fuerzas armadas que solo le sirve al estado para reprimir e imponer la destrucci\u00f3n a trav\u00e9s de megaproyectos de muerte desde empresas saqueadoras del agua, gentrificaci\u00f3n y m\u00e1s \u2026 que sirve para contaminar nuestras tierras, cerros y aguas.<\/p>\n<p>En este contexto de guerra contra los pueblos denunciamos, el uso represor de granaderos y polic\u00edas armados en contra de los pueblos que ejercen su derecho a la libre determinaci\u00f3n.<\/p>\n<p>1. Exigimos al estado mexicano desde puebla, el alto a la represi\u00f3n y a la estigmatizaci\u00f3n, se\u00f1alamientos y amenazas en contra de los pueblos organizados.<\/p>\n<p>2. Exigimos el respeto a la decisi\u00f3n colectiva de los pueblos de Juan C. Bonilla a construir un pante\u00f3n comunitario.<\/p>\n<p>3. Exigimos la cancelaci\u00f3n inmediata del complejo policiaco.<\/p>\n<p>Hacemos un llamado a los pueblos, organizaciones y colectivos a mantenerse en alerta ante cualquier situaci\u00f3n de represi\u00f3n en contra de nuestros compa\u00f1eros.<\/p>\n<p>Alto a la guerra patriarcal capitalista del estado en contra de los pueblos<\/p>\n<p>Nunca m\u00e1s un M\u00e9xico sin nosotrxs<\/p>\n<p>Asamblea Nacional por el Agua y la Vida<\/p>\n<p>#CNI<\/p>\n<p>#AltoALaGuerra<\/p>\n<p>#AsambleaNacionalporelAgua<\/p>\n<p>#FueraComplejoPoliciaco<\/p>\n<p>#contralaguerrayporlavida<\/p>\n<\/div>\n<\/div>\n<p>[:]<\/p>\n","protected":false},"excerpt":{"rendered":"<p>[:es] Al CCRI-CG del EZLN Al Ej\u00e9rcito Zapatista de Liberaci\u00f3n Nacional A la comisi\u00f3n sexta del EZLN Al Congreso Nacional Ind\u00edgena Al Concejo Ind\u00edgena de Gobierno A Ma. De Jes\u00fas Patricio Mart\u00ednez, Vocera del CNI-CIG A los pueblos del mundo que resisten contra el sistema capitalista y patriarcal A los Pueblos, Tribus, Naciones, comunidades y [&hellip;]<\/p>\n","protected":false},"author":21,"featured_media":46386,"comment_status":"open","ping_status":"closed","sticky":false,"template":"","format":"standard","meta":{"footnotes":""},"categories":[957,51,826,958,954,935],"tags":[79,58,53,567,147,23,37,545,87,148,27,483],"class_list":["post-46385","post","type-post","status-publish","format-standard","has-post-thumbnail","hentry","category-autonomia","category-autor","category-medios-libres-2","category-megaproyectos","category-mexico","category-temas","tag-autonomia","tag-derechos-humanos","tag-justicia","tag-megaproyectos","tag-militarizacion","tag-paramilitares","tag-presos-politicos","tag-pueblos-indigenas","tag-represion","tag-resistencia","tag-solidaridad","tag-tierra-y-territorio"],"_links":{"self":[{"href":"https:\/\/radiozapatista.org\/index.php?rest_route=\/wp\/v2\/posts\/46385","targetHints":{"allow":["GET"]}}],"collection":[{"href":"https:\/\/radiozapatista.org\/index.php?rest_route=\/wp\/v2\/posts"}],"about":[{"href":"https:\/\/radiozapatista.org\/index.php?rest_route=\/wp\/v2\/types\/post"}],"author":[{"embeddable":true,"href":"https:\/\/radiozapatista.org\/index.php?rest_route=\/wp\/v2\/users\/21"}],"replies":[{"embeddable":true,"href":"https:\/\/radiozapatista.org\/index.php?rest_route=%2Fwp%2Fv2%2Fcomments&post=46385"}],"version-history":[{"count":1,"href":"https:\/\/radiozapatista.org\/index.php?rest_route=\/wp\/v2\/posts\/46385\/revisions"}],"predecessor-version":[{"id":46387,"href":"https:\/\/radiozapatista.org\/index.php?rest_route=\/wp\/v2\/posts\/46385\/revisions\/46387"}],"wp:featuredmedia":[{"embeddable":true,"href":"https:\/\/radiozapatista.org\/index.php?rest_route=\/wp\/v2\/media\/46386"}],"wp:attachment":[{"href":"https:\/\/radiozapatista.org\/index.php?rest_route=%2Fwp%2Fv2%2Fmedia&parent=46385"}],"wp:term":[{"taxonomy":"category","embeddable":true,"href":"https:\/\/radiozapatista.org\/index.php?rest_route=%2Fwp%2Fv2%2Fcategories&post=46385"},{"taxonomy":"post_tag","embeddable":true,"href":"https:\/\/radiozapatista.org\/index.php?rest_route=%2Fwp%2Fv2%2Ftags&post=46385"}],"curies":[{"name":"wp","href":"https:\/\/api.w.org\/{rel}","templated":true}]}}