{"id":46340,"date":"2023-09-28T09:45:29","date_gmt":"2023-09-28T15:45:29","guid":{"rendered":"https:\/\/radiozapatista.org\/?p=46340"},"modified":"2023-09-28T09:45:29","modified_gmt":"2023-09-28T15:45:29","slug":"bachajon-a-10-anos-del-asesinato-de-juan-vazquez-guzman","status":"publish","type":"post","link":"https:\/\/radiozapatista.org\/?p=46340","title":{"rendered":"Bachaj\u00f3n: A 10 a\u00f1os del asesinato de Juan V\u00e1zquez Guzm\u00e1n"},"content":{"rendered":"<p><\/p>\n<p style=\"text-align: right;\">Chiapas, M\u00e9xico, a 21 de septiembre del 2023<br \/>\nCIDH. Caso 15.305<\/p>\n<h3 style=\"text-align: center;\">COMUNICADO DE PRENSA<\/h3>\n<p>Hace 10 a\u00f1os Juan V\u00e1zquez Guzm\u00e1n fue brutalmente asesinado por defender el territorio de la comunidad ind\u00edgena de San Sebasti\u00e1n, Bachaj\u00f3n, Chiapas del despojo y de proyectos de desarrollo en las cascadas de agua azul sin el consentimiento de la comunidad. El 30 de agosto de 2023 la Comisi\u00f3n Interamericana de Derechos Humanos dio un paso trascendental para la b\u00fasqueda de justicia, al notificar la admisi\u00f3n del caso por la impunidad imperante y la necesidad que se investigue la participaci\u00f3n de agentes del Estado.<\/p>\n<p>Antes de ser asesinado Juan V\u00e1zquez Guzman luchaba contra la destrucci\u00f3n de las tierras ejidales y se opon\u00eda al desarrollo de megaproyectos en territorios ind\u00edgenas, sin el consentimiento de las comunidades impactadas. V\u00e1zquez Guzman denunciaba el impacto ambiental y en derechos humanos que puede traer consigo proyectos de desarrollo llevados a cabo sin las garant\u00edas del derecho internacional, as\u00ed como la desigualdad, los conflictos internos, el divisionismo entre hermanos ind\u00edgenas, las confrontaciones y la explotaci\u00f3n a las comunidades.<\/p>\n<p>El Estado mexicano a trav\u00e9s de la violencia y uso de la fuerza p\u00fablica quiso imponer un megaproyecto denominado Centro Integralmente Planeado Palenque (CIPP) en el a\u00f1o 2007 en la zona conocida como las cascadas de Agua Azul, espec\u00edficamente en un lugar denominado Bolon ajaw, que se encuentra a un costado del Centro Ecotur\u00edstico las Cascadas de Agua Azul, ubicado dentro de las tierras del ejido San Sebasti\u00e1n, Bachaj\u00f3n, Chiapas y que conecta entre la carretera Ocosingo-Palenque y de f\u00e1cil acceso y salida hacia san Crist\u00f3bal de las Casas, Chiapas.<\/p>\n<p>Posteriormente (2008) las empresas Norton Consulting, experta estadounidense en desarrollo tur\u00edstico y la empresa espa\u00f1ola EDSA Construcci\u00f3n, presentaron el proyecto tur\u00edstico CIPP, en la zona denominada como \u201cLas Cascadas de Agua Azul\u201d, conocida por ser una de las principales atracciones tur\u00edsticas del estado de Chiapas y ser una de las \u00e1reas naturales protegidas por el Estado mexicano (Decreto publicado en el DOF), y que se encuentran dentro de las tierras ind\u00edgenas de san sebasti\u00e1n, Bachaj\u00f3n.<\/p>\n<p>Este caso es doblemente emblem\u00e1tico. Por un lado refleja la importancia del trabajo que realizan los defensores del territorio frente a la imposici\u00f3n de proyectos ecotur\u00edsticos a gran escala que afectan las tierras del pueblo ind\u00edgena Tzeltal de San Sebasti\u00e1n Bachaj\u00f3n, Chiapas, sin una consulta previa e informada. Juan V\u00e1zquez Guzman levant\u00f3 su voz para impedir la ejecuci\u00f3n del proyecto denominado Centro Integralmente Planeado Palenque (CIPP), posteriormente oponerse a la construcci\u00f3n de una caseta vehicular y un centro de emergencias por parte de las autoridades estatales en su territorio ancestral, sin consentimiento.<\/p>\n<p>El l\u00edder comunitario Juan V\u00e1zquez Guzm\u00e1n, se destac\u00f3 por su participaci\u00f3n activa en distintos foros nacionales e internacionales convocados por organizaciones ind\u00edgenas en resistencia, mismos que en esos espacios expon\u00eda las intenciones del Estado mexicano en las tierras ejidales de San Sebasti\u00e1n, Bachaj\u00f3n.<\/p>\n<p>Por otro lado, el caso se admite al cumplirse 8 meses de la desaparici\u00f3n forzada del abogado Ricardo Lagunes Gasca, quien representa a la familia V\u00e1zquez Guzman requiriendo de la Comisi\u00f3n Interamericana un an\u00e1lisis profundo sobre los patrones de obstaculizaci\u00f3n violenta a la reivindicaci\u00f3n efectiva de derechos que logran personas extraordinarias como Ricardo y Juan. M\u00e9xico es el pa\u00eds con uno de los mayores n\u00fameros de defensores asesinados y desaparecidos. Estos cr\u00edmenes quedan en la impunidad. Al admitir este caso la CIDH estudiar\u00e1 las violaciones al derecho a la vida, garant\u00edas judiciales y protecci\u00f3n judicial.<\/p>\n<p>Litigio y Defensa con perspectiva en Derechos Humanos<\/p>","protected":false},"excerpt":{"rendered":"<p>Chiapas, M\u00e9xico, a 21 de septiembre del 2023 CIDH. Caso 15.305 COMUNICADO DE PRENSA Hace 10 a\u00f1os Juan V\u00e1zquez Guzm\u00e1n fue brutalmente asesinado por defender el territorio de la comunidad ind\u00edgena de San Sebasti\u00e1n, Bachaj\u00f3n, Chiapas del despojo y de proyectos de desarrollo en las cascadas de agua azul sin el consentimiento de la comunidad. [&hellip;]<\/p>\n","protected":false},"author":1,"featured_media":0,"comment_status":"open","ping_status":"closed","sticky":false,"template":"","format":"standard","meta":{"footnotes":""},"categories":[957,6,183],"tags":[61,917,198,483],"class_list":["post-46340","post","type-post","status-publish","format-standard","hentry","category-autonomia","category-chiapas","category-blog","tag-bachajon","tag-chiapas","tag-impunidad","tag-tierra-y-territorio"],"_links":{"self":[{"href":"https:\/\/radiozapatista.org\/index.php?rest_route=\/wp\/v2\/posts\/46340","targetHints":{"allow":["GET"]}}],"collection":[{"href":"https:\/\/radiozapatista.org\/index.php?rest_route=\/wp\/v2\/posts"}],"about":[{"href":"https:\/\/radiozapatista.org\/index.php?rest_route=\/wp\/v2\/types\/post"}],"author":[{"embeddable":true,"href":"https:\/\/radiozapatista.org\/index.php?rest_route=\/wp\/v2\/users\/1"}],"replies":[{"embeddable":true,"href":"https:\/\/radiozapatista.org\/index.php?rest_route=%2Fwp%2Fv2%2Fcomments&post=46340"}],"version-history":[{"count":1,"href":"https:\/\/radiozapatista.org\/index.php?rest_route=\/wp\/v2\/posts\/46340\/revisions"}],"predecessor-version":[{"id":46341,"href":"https:\/\/radiozapatista.org\/index.php?rest_route=\/wp\/v2\/posts\/46340\/revisions\/46341"}],"wp:attachment":[{"href":"https:\/\/radiozapatista.org\/index.php?rest_route=%2Fwp%2Fv2%2Fmedia&parent=46340"}],"wp:term":[{"taxonomy":"category","embeddable":true,"href":"https:\/\/radiozapatista.org\/index.php?rest_route=%2Fwp%2Fv2%2Fcategories&post=46340"},{"taxonomy":"post_tag","embeddable":true,"href":"https:\/\/radiozapatista.org\/index.php?rest_route=%2Fwp%2Fv2%2Ftags&post=46340"}],"curies":[{"name":"wp","href":"https:\/\/api.w.org\/{rel}","templated":true}]}}