{"id":46295,"date":"2023-09-25T19:16:22","date_gmt":"2023-09-26T01:16:22","guid":{"rendered":"https:\/\/radiozapatista.org\/?p=46295"},"modified":"2023-09-25T19:16:22","modified_gmt":"2023-09-26T01:16:22","slug":"obrador-minimiza-el-aumento-de-la-violencia-en-chiapas-gobernador-mantiene-silencio","status":"publish","type":"post","link":"https:\/\/radiozapatista.org\/?p=46295","title":{"rendered":"Obrador minimiza el aumento de la violencia en Chiapas; gobernador mantiene silencio"},"content":{"rendered":"<p>Fuente: <a href=\"https:\/\/avispa.org\/obrador-minimiza-el-aumento-de-la-violencia-en-chiapas-gobernador-mantiene-silencio\/\">Avispa Midia<\/a><\/p>\n<p>Por Sare Frabes<\/p>\n<div class=\"tdb-block-inner td-fix-index\">\n<p><em><sup>En portada: Habitantes del municipio de Motozintla se han manifestado contra el aumento de la violencia y la omisi\u00f3n de las autoridades de los tres niveles de gobierno.<\/sup><\/em><\/p>\n<p>En los \u00faltimos tres d\u00edas han circulado, mediante redes sociales, im\u00e1genes de caravanas de camionetas blindadas, adaptadas como tanquetas de guerra, con hombres fuertemente armados. Esto ocurri\u00f3 en carreteras de Motozintla y en la localidad de Chamic, en el municipio de Frontera Comalapa, Chiapas, zona fronteriza entre M\u00e9xico y Guatemala, en una clara se\u00f1al de que la disputa entre c\u00e1rteles en el estado solo se est\u00e1 recrudeciendo.<\/p>\n<p class=\"has-vivid-cyan-blue-color has-text-color\">Te puede interesar \u2013 <a href=\"https:\/\/avispa.org\/desborde-de-violencia-en-frontera-sur-de-chiapas-expone-poblacion-a-escasez-e-inseguridad\/\">Desborde de violencia en frontera sur de Chiapas expone poblaci\u00f3n a escasez e inseguridad<\/a><\/p>\n<p>Personas formadas en filas, en las orillas de la carretera, aparecen gritando\u00a1Puro Sinaloa!, en alusi\u00f3n al Cartel de Sinaloa, en un mensaje de guerra dirigido al c\u00e1rtel opuesto, el Jalisco Nueva Generaci\u00f3n.<\/p>\n<p>Las ejecuciones tambi\u00e9n se han recrudecido en la regi\u00f3n tras las caravanas, denuncian habitantes de la zona.<\/p>\n<p>La disputa, que se intensific\u00f3 en los \u00faltimos meses, ha transformado en territorio de guerra principalmente a los municipios Frontera Comalapa, Chicomuselo, Motozintla, Siltepec, Amatenango de la Frontera, Mazapa de Madero, La Grandeza y El Porvenir.<\/p>\n<p class=\"has-vivid-cyan-blue-color has-text-color\">Te puede interesar \u2013<a href=\"https:\/\/avispa.org\/crimen-organizado-toma-control-de-territorio-minero-en-chiapas\/\"> Crimen organizado toma control de territorio minero en Chiapas<\/a><\/p>\n<p>En la conferencia de prensa matutina de este lunes, 25 de septiembre, el presidente Andr\u00e9s Manuel L\u00f3pez Obrador trat\u00f3 de minimizar los hechos que han ocurrido en Chiapas, diciendo que ha habido mucha \u201cpropaganda\u201d y que las cr\u00edticas recientes obedecen a \u201cmotivos pol\u00edticos\u201d.<\/p>\n<figure class=\"wp-block-image size-large\"><a class=\"td-modal-image\" href=\"https:\/\/avispa.org\/wp-content\/uploads\/2023\/09\/AMLO-durante-conferencia-mananera.jpg\"><img loading=\"lazy\" decoding=\"async\" class=\"wp-image-103566 td-animation-stack-type0-2\" src=\"https:\/\/avispa.org\/wp-content\/uploads\/2023\/09\/AMLO-durante-conferencia-mananera-1024x690.jpg\" sizes=\"auto, (max-width: 1024px) 100vw, 1024px\" srcset=\"https:\/\/avispa.org\/wp-content\/uploads\/2023\/09\/AMLO-durante-conferencia-mananera-1024x690.jpg 1024w, https:\/\/avispa.org\/wp-content\/uploads\/2023\/09\/AMLO-durante-conferencia-mananera-300x202.jpg 300w, https:\/\/avispa.org\/wp-content\/uploads\/2023\/09\/AMLO-durante-conferencia-mananera-768x518.jpg 768w, https:\/\/avispa.org\/wp-content\/uploads\/2023\/09\/AMLO-durante-conferencia-mananera-696x469.jpg 696w, https:\/\/avispa.org\/wp-content\/uploads\/2023\/09\/AMLO-durante-conferencia-mananera-1068x720.jpg 1068w, https:\/\/avispa.org\/wp-content\/uploads\/2023\/09\/AMLO-durante-conferencia-mananera-623x420.jpg 623w, https:\/\/avispa.org\/wp-content\/uploads\/2023\/09\/AMLO-durante-conferencia-mananera.jpg 1080w\" alt=\"\" width=\"1024\" height=\"690\" \/><\/a><figcaption class=\"wp-element-caption\"><em><sup>El presidente de M\u00e9xico minimiz\u00f3 la violencia del crimen organizado en Chiapas<\/sup><\/em><\/figcaption><\/figure>\n<p>\u201cSacaron un video donde hay gentes recibi\u00e9ndolos y s\u00ed pueden ser bases de apoyo porque les entregan despensas o por miedo, pero no es un asunto general y ya se est\u00e1 atendiendo y est\u00e1 la Guardia Nacional\u201d, dijo el mandatario.<\/p>\n<p>El gobernador de Chiapas, Rutilio Escand\u00f3n, tambi\u00e9n del partido Morena, ha evadido pronunciarse sobre la violencia que se ha extendido en la regi\u00f3n sur del estado chiapaneco. Tampoco ha mencionado posibles acciones del gobierno del Estado para interferir en la situaci\u00f3n.<\/p>\n<figure class=\"wp-block-image size-large\"><a class=\"td-modal-image\" href=\"https:\/\/avispa.org\/wp-content\/uploads\/2023\/09\/800-elementos-del-ejercito-se-trasladan-a-Frontera-Comalapa-tras-el-incremento-de-la-violencia.jpg\"><img loading=\"lazy\" decoding=\"async\" class=\"wp-image-103565 td-animation-stack-type0-2\" src=\"https:\/\/avispa.org\/wp-content\/uploads\/2023\/09\/800-elementos-del-ejercito-se-trasladan-a-Frontera-Comalapa-tras-el-incremento-de-la-violencia-1024x768.jpg\" sizes=\"auto, (max-width: 1024px) 100vw, 1024px\" srcset=\"https:\/\/avispa.org\/wp-content\/uploads\/2023\/09\/800-elementos-del-ejercito-se-trasladan-a-Frontera-Comalapa-tras-el-incremento-de-la-violencia-1024x768.jpg 1024w, https:\/\/avispa.org\/wp-content\/uploads\/2023\/09\/800-elementos-del-ejercito-se-trasladan-a-Frontera-Comalapa-tras-el-incremento-de-la-violencia-300x225.jpg 300w, https:\/\/avispa.org\/wp-content\/uploads\/2023\/09\/800-elementos-del-ejercito-se-trasladan-a-Frontera-Comalapa-tras-el-incremento-de-la-violencia-768x576.jpg 768w, https:\/\/avispa.org\/wp-content\/uploads\/2023\/09\/800-elementos-del-ejercito-se-trasladan-a-Frontera-Comalapa-tras-el-incremento-de-la-violencia-1536x1152.jpg 1536w, https:\/\/avispa.org\/wp-content\/uploads\/2023\/09\/800-elementos-del-ejercito-se-trasladan-a-Frontera-Comalapa-tras-el-incremento-de-la-violencia-696x522.jpg 696w, https:\/\/avispa.org\/wp-content\/uploads\/2023\/09\/800-elementos-del-ejercito-se-trasladan-a-Frontera-Comalapa-tras-el-incremento-de-la-violencia-1068x801.jpg 1068w, https:\/\/avispa.org\/wp-content\/uploads\/2023\/09\/800-elementos-del-ejercito-se-trasladan-a-Frontera-Comalapa-tras-el-incremento-de-la-violencia-560x420.jpg 560w, https:\/\/avispa.org\/wp-content\/uploads\/2023\/09\/800-elementos-del-ejercito-se-trasladan-a-Frontera-Comalapa-tras-el-incremento-de-la-violencia-80x60.jpg 80w, https:\/\/avispa.org\/wp-content\/uploads\/2023\/09\/800-elementos-del-ejercito-se-trasladan-a-Frontera-Comalapa-tras-el-incremento-de-la-violencia-265x198.jpg 265w, https:\/\/avispa.org\/wp-content\/uploads\/2023\/09\/800-elementos-del-ejercito-se-trasladan-a-Frontera-Comalapa-tras-el-incremento-de-la-violencia.jpg 1600w\" alt=\"\" width=\"1024\" height=\"768\" \/><\/a><figcaption class=\"wp-element-caption\"><em><sup>Medios chiapanecos registran la movilizaci\u00f3n de 800 elementos del ej\u00e9rcito hacia la regi\u00f3n de Frontera Comalapa.<\/sup><\/em><\/figcaption><\/figure>\n<p>Escand\u00f3n fue invitado por el presidente L\u00f3pez Obrador en la conferencia de prensa de este mismo lunes. Sin embargo, el tema abordado por el mandatario estatal fue la construcci\u00f3n del megaproyecto Tren Maya. \u201cEn Chiapas estamos muy contentos con la obra del Tren Maya, porque ha fortalecido la econom\u00eda y el desarrollo del estado\u201d, dijo el gobernador en sus redes sociales, sin mencionar la situaci\u00f3n cr\u00edtica que ha vivido la poblaci\u00f3n de Chiapas.<\/p>\n<p>Durante la conferencia de prensa, L\u00f3pez Obrador evit\u00f3 que el gobernador de Chiapas contestara preguntas de los periodistas sobre la disputa del territorio por los c\u00e1rteles. Cuando Escand\u00f3n fue cuestionado sobre los hechos del final de semana, el presidente contest\u00f3, \u201cyo les voy a contestar esto, nada m\u00e1s\u201d.<\/p>\n<p>Mientras los mandatarios, estatal y federal, utilizan la estrategia del silencio o simplemente minimizan la situaci\u00f3n, la sociedad civil y comunidades han denunciando hace meses la crisis social, la represi\u00f3n y la presencia de grupos criminales.<\/p>\n<p class=\"has-vivid-cyan-blue-color has-text-color\">Te puede interesar \u2013 <a href=\"https:\/\/avispa.org\/chiapas-denuncian-contrainsurgencia-desplazamiento-y-complicidad-del-estado\/\">Chiapas, denuncian contrainsurgencia, desplazamiento y complicidad del Estado<\/a><\/p>\n<p>El mismo s\u00e1bado, 23 de septiembre, cuando empezaron a circular los videos, la Di\u00f3cesis de San Crist\u00f3bal de las Casas lanz\u00f3 un comunicado titulado <em>Chiapas desgarrado por el crimen organizado.<\/em> \u201cLos grupos delincuenciales se han apoderado de nuestro territorio y nos encontramos en estado de sitio, bajo psicosis social con narco bloqueos, que usan como barrera humana a la sociedad civil, oblig\u00e1ndolos a estar y poner en riesgo su vida y la de su familia\u201d, sostiene.<\/p>\n<div class=\"wp-block-image\">\n<figure class=\"aligncenter size-full\"><a class=\"td-modal-image\" href=\"https:\/\/avispa.org\/wp-content\/uploads\/2023\/09\/Calles-vacias-de-Frontera-Comalapa.jpg\"><img loading=\"lazy\" decoding=\"async\" class=\"wp-image-103567 td-animation-stack-type0-2\" src=\"https:\/\/avispa.org\/wp-content\/uploads\/2023\/09\/Calles-vacias-de-Frontera-Comalapa.jpg\" sizes=\"auto, (max-width: 500px) 100vw, 500px\" srcset=\"https:\/\/avispa.org\/wp-content\/uploads\/2023\/09\/Calles-vacias-de-Frontera-Comalapa.jpg 500w, https:\/\/avispa.org\/wp-content\/uploads\/2023\/09\/Calles-vacias-de-Frontera-Comalapa-300x198.jpg 300w\" alt=\"\" width=\"500\" height=\"330\" \/><\/a><figcaption class=\"wp-element-caption\"><em><sup>Calles vac\u00edas en la cabecera municipal de Frontera Comalapa debido a la actuaci\u00f3n de grupos del crimen organizado.<\/sup><\/em><\/figcaption><\/figure>\n<\/div>\n<p>Entre las violencias se\u00f1aladas por la Di\u00f3cesis est\u00e1n: la presi\u00f3n y el control social, pol\u00edtico y psicol\u00f3gico para que el pueblo tome partido por uno o por otro grupo criminal; el desabasto de alimentos, granos b\u00e1sicos y la falta de atenci\u00f3n m\u00e9dica y medicamentos, debido a la continua violencia; los reclutamientos forzados, \u201cdejando a las familias destrozadas\u201d; el control del territorio, saqueo, extracci\u00f3n y explotaci\u00f3n minera; y cobro por \u201cderecho de piso\u201d y \u201cde paso\u201d.<\/p>\n<p>El silencio de las autoridades \u201cdemuestra un estado fallido y rebasado y\/o coludido con los grupos delincuenciales, desde los fiscales municipales y regionales, presidentes municipales, el gobierno del estado y federal\u201d, dice el comunicado.<\/p>\n<\/div>\n<p><\/p>","protected":false},"excerpt":{"rendered":"<p>Fuente: Avispa Midia Por Sare Frabes En portada: Habitantes del municipio de Motozintla se han manifestado contra el aumento de la violencia y la omisi\u00f3n de las autoridades de los tres niveles de gobierno. En los \u00faltimos tres d\u00edas han circulado, mediante redes sociales, im\u00e1genes de caravanas de camionetas blindadas, adaptadas como tanquetas de guerra, [&hellip;]<\/p>\n","protected":false},"author":21,"featured_media":46296,"comment_status":"open","ping_status":"closed","sticky":false,"template":"","format":"standard","meta":{"footnotes":""},"categories":[957,6,826,958,954,935],"tags":[917,58,53,567,147,116,23,545,87,148,27,483],"class_list":["post-46295","post","type-post","status-publish","format-standard","has-post-thumbnail","hentry","category-autonomia","category-chiapas","category-medios-libres-2","category-megaproyectos","category-mexico","category-temas","tag-chiapas","tag-derechos-humanos","tag-justicia","tag-megaproyectos","tag-militarizacion","tag-narcotrafico","tag-paramilitares","tag-pueblos-indigenas","tag-represion","tag-resistencia","tag-solidaridad","tag-tierra-y-territorio"],"_links":{"self":[{"href":"https:\/\/radiozapatista.org\/index.php?rest_route=\/wp\/v2\/posts\/46295","targetHints":{"allow":["GET"]}}],"collection":[{"href":"https:\/\/radiozapatista.org\/index.php?rest_route=\/wp\/v2\/posts"}],"about":[{"href":"https:\/\/radiozapatista.org\/index.php?rest_route=\/wp\/v2\/types\/post"}],"author":[{"embeddable":true,"href":"https:\/\/radiozapatista.org\/index.php?rest_route=\/wp\/v2\/users\/21"}],"replies":[{"embeddable":true,"href":"https:\/\/radiozapatista.org\/index.php?rest_route=%2Fwp%2Fv2%2Fcomments&post=46295"}],"version-history":[{"count":1,"href":"https:\/\/radiozapatista.org\/index.php?rest_route=\/wp\/v2\/posts\/46295\/revisions"}],"predecessor-version":[{"id":46297,"href":"https:\/\/radiozapatista.org\/index.php?rest_route=\/wp\/v2\/posts\/46295\/revisions\/46297"}],"wp:featuredmedia":[{"embeddable":true,"href":"https:\/\/radiozapatista.org\/index.php?rest_route=\/wp\/v2\/media\/46296"}],"wp:attachment":[{"href":"https:\/\/radiozapatista.org\/index.php?rest_route=%2Fwp%2Fv2%2Fmedia&parent=46295"}],"wp:term":[{"taxonomy":"category","embeddable":true,"href":"https:\/\/radiozapatista.org\/index.php?rest_route=%2Fwp%2Fv2%2Fcategories&post=46295"},{"taxonomy":"post_tag","embeddable":true,"href":"https:\/\/radiozapatista.org\/index.php?rest_route=%2Fwp%2Fv2%2Ftags&post=46295"}],"curies":[{"name":"wp","href":"https:\/\/api.w.org\/{rel}","templated":true}]}}