{"id":46259,"date":"2023-09-20T20:07:51","date_gmt":"2023-09-21T02:07:51","guid":{"rendered":"https:\/\/radiozapatista.org\/?p=46259"},"modified":"2023-09-20T20:07:51","modified_gmt":"2023-09-21T02:07:51","slug":"america-latina-la-region-mas-letal-del-mundo-para-defensores-del-territorio","status":"publish","type":"post","link":"https:\/\/radiozapatista.org\/?p=46259","title":{"rendered":"Am\u00e9rica Latina, la regi\u00f3n m\u00e1s letal del mundo para defensores del territorio"},"content":{"rendered":"<p>[:es]Fuente: <a href=\"https:\/\/avispa.org\/america-latina-la-region-mas-letal-del-mundo-para-defensores-del-territorio\/\">Avispa Midia<\/a><\/p>\n<div class=\"tdb-block-inner td-fix-index\">\n<p><em><sup>En portada: <\/sup><\/em><em><sup>M\u00e1s del 70\u00a0% de los asesinatos de personas defensoras de la tierra y el medioambiente de 2022 ocurrieron en tan solo tres\u00a0pa\u00edses: Colombia, Brasil y M\u00e9xico. Felipe Luna\/Global Witness<\/sup><\/em><\/p>\n<p>Am\u00e9rica Latina contin\u00faa siendo la regi\u00f3n m\u00e1s letal para las personas defensoras de la tierra y el medio ambiente, alerta la organizaci\u00f3n de derechos humanos <em>Global Witness<\/em>. De acuerdo con documentaci\u00f3n realizada por la organizaci\u00f3n en 18 pa\u00edses de todo el mundo, al menos 177 personas defensoras perdieron la vida en 2022, 88% de los asesinatos ocurrieron en Am\u00e9rica Latina.<\/p>\n<p>M\u00e1s de un tercio, el 36%, de las personas defensoras asesinadas eran ind\u00edgenas, y el 7%, afrodescendientes. M\u00e1s de una quinta parte, el 22%, se dedicaban a la agricultura a peque\u00f1a escala. Todas ellas depend\u00edan de sus tierras y recursos naturales para vivir.<\/p>\n<p><em>Global Witness<\/em> ha documentado la violencia y asesinatos contra defensores de la tierra desde 2012. \u201cEl mundo ha cambiado radicalmente desde que empezamos esta labor, en 2012. Lo que permanece inmutable es la persistencia de los asesinatos\u201d, sostiene la organizaci\u00f3n en el informe que divulga el resultado de la documentaci\u00f3n.<\/p>\n<p>Desde 2012, registraron 1,910 asesinatos, siendo que el 70%, 1,335 asesinatos, ocurrieron en Latinoam\u00e9rica. Adem\u00e1s, la organizaci\u00f3n registr\u00f3 que, de los 1,910 asesinatos, 1,390 tuvieron lugar entre la aprobaci\u00f3n del Acuerdo de Par\u00eds, el 12 de diciembre de 2015 y el 31 de diciembre de 2022.<\/p>\n<p>Las cifras de 2022 son poco menores comparadas al 2021, cuando fueron asesinadas 200 personas. Sin embargo, la situaci\u00f3n no ha mejorado sustancialmente, alerta la organizaci\u00f3n. \u201cEl agravamiento de la crisis clim\u00e1tica y la creciente demanda de productos agr\u00edcolas, combustibles y minerales no har\u00e1n sino intensificar la presi\u00f3n que se ejerce sobre el medioambiente y sobre quienes arriesgan su vida para defenderlo. Adem\u00e1s, para silenciar a las personas defensoras cada vez es m\u00e1s frecuente el uso de estrategias no letales, como la criminalizaci\u00f3n, el acoso y los ataques digitales\u201d.<\/p>\n<p>A\u00f1o tras a\u00f1o, la mayor\u00eda de los asesinatos se concentra en los mismos pa\u00edses. M\u00e1s del 70% de los casos &#8211; 125 asesinatos de un total de 177 &#8211; ocurrieron en tres pa\u00edses: Colombia, Brasil y M\u00e9xico.<\/p>\n<p>Colombia encabeza la clasificaci\u00f3n mundial con 60 asesinatos. Esta cifra supone casi el doble de asesinatos que, en 2021, cuando perdieron la vida 33 personas defensoras. Los pueblos ind\u00edgenas y las comunidades afrodescendientes, quienes se dedican a la agricultura a peque\u00f1a escala y las personas que defienden el medioambiente, \u201chan sido duramente golpeados\u201d.<\/p>\n<p>En Brasil perdieron la vida 34 personas defensoras, frente a las 26 de 2021. \u201cLas personas defensoras brasile\u00f1as tuvieron que hacer frente a una hostilidad implacable por parte del gobierno del entonces presidente Jair Bolsonaro, cuyas pol\u00edticas han expuesto la Amazonia a la explotaci\u00f3n y la destrucci\u00f3n, han debilitado las instituciones ambientales y han incitado a invasiones ilegales de tierras ind\u00edgenas\u201d, dice el documento.<\/p>\n<figure class=\"wp-block-image size-full\"><a class=\"td-modal-image\" href=\"https:\/\/avispa.org\/wp-content\/uploads\/2023\/09\/GettyImages-Standing-Firm-Yanomami-Territory-1.width-929.jpg\"><img loading=\"lazy\" decoding=\"async\" class=\"wp-image-103282 td-animation-stack-type0-2\" src=\"https:\/\/avispa.org\/wp-content\/uploads\/2023\/09\/GettyImages-Standing-Firm-Yanomami-Territory-1.width-929.jpg\" sizes=\"auto, (max-width: 929px) 100vw, 929px\" srcset=\"https:\/\/avispa.org\/wp-content\/uploads\/2023\/09\/GettyImages-Standing-Firm-Yanomami-Territory-1.width-929.jpg 929w, https:\/\/avispa.org\/wp-content\/uploads\/2023\/09\/GettyImages-Standing-Firm-Yanomami-Territory-1.width-929-300x200.jpg 300w, https:\/\/avispa.org\/wp-content\/uploads\/2023\/09\/GettyImages-Standing-Firm-Yanomami-Territory-1.width-929-768x512.jpg 768w, https:\/\/avispa.org\/wp-content\/uploads\/2023\/09\/GettyImages-Standing-Firm-Yanomami-Territory-1.width-929-696x464.jpg 696w, https:\/\/avispa.org\/wp-content\/uploads\/2023\/09\/GettyImages-Standing-Firm-Yanomami-Territory-1.width-929-630x420.jpg 630w\" alt=\"\" width=\"929\" height=\"619\" \/><\/a><figcaption class=\"wp-element-caption\"><em><sup>Explotaci\u00f3n minera ilegal en el territorio ind\u00edgena Yanomami (Brasil), 2023. Foto: Alan Chaves<\/sup><\/em><\/figcaption><\/figure>\n<p>M\u00e9xico, el pa\u00eds con el mayor n\u00famero de asesinatos en 2021, registr\u00f3 una ca\u00edda, ya que pas\u00f3 de 54 homicidios en 2021 a 31 en 2022. Al menos 16 de las personas asesinadas eran ind\u00edgenas, mientras que cuatro eran abogados. \u201cNo obstante, la situaci\u00f3n general en M\u00e9xico no dej\u00f3 de ser alarmante para las personas defensoras de la tierra y el medioambiente, y las agresiones sin consecuencias mortales (entre ellas, la intimidaci\u00f3n, las amenazas, el desplazamiento forzoso, el acoso y la criminalizaci\u00f3n) siguieron dificultando en gran medida su trabajo\u201d, se\u00f1ala la organizaci\u00f3n.<\/p>\n<p>En Honduras fueron registrados 14 asesinatos en 2022, el mayor n\u00famero de\u00a0personas defensoras asesinadas per c\u00e1pita del mundo. \u201cXiomara Castro, la primera presidenta de Honduras, se ha comprometido a proteger a las personas defensoras. Sin embargo, las primeras tendencias de 2023 apuntan a la persistencia de una violencia generalizada, ya que se han denunciado asesinatos y agresiones no mortales en todo el pa\u00eds\u201d, sostiene la organizaci\u00f3n.<\/p>\n<figure class=\"wp-block-image size-full\"><a class=\"td-modal-image\" href=\"https:\/\/avispa.org\/wp-content\/uploads\/2023\/09\/Defenders-Standing-Firm-Julia-Francisco-Martin.width-929.jpg\"><img loading=\"lazy\" decoding=\"async\" class=\"wp-image-103280 td-animation-stack-type0-2\" src=\"https:\/\/avispa.org\/wp-content\/uploads\/2023\/09\/Defenders-Standing-Firm-Julia-Francisco-Martin.width-929.jpg\" sizes=\"auto, (max-width: 929px) 100vw, 929px\" srcset=\"https:\/\/avispa.org\/wp-content\/uploads\/2023\/09\/Defenders-Standing-Firm-Julia-Francisco-Martin.width-929.jpg 929w, https:\/\/avispa.org\/wp-content\/uploads\/2023\/09\/Defenders-Standing-Firm-Julia-Francisco-Martin.width-929-300x200.jpg 300w, https:\/\/avispa.org\/wp-content\/uploads\/2023\/09\/Defenders-Standing-Firm-Julia-Francisco-Martin.width-929-768x512.jpg 768w, https:\/\/avispa.org\/wp-content\/uploads\/2023\/09\/Defenders-Standing-Firm-Julia-Francisco-Martin.width-929-696x464.jpg 696w, https:\/\/avispa.org\/wp-content\/uploads\/2023\/09\/Defenders-Standing-Firm-Julia-Francisco-Martin.width-929-630x420.jpg 630w\" alt=\"\" width=\"929\" height=\"619\" \/><\/a><figcaption class=\"wp-element-caption\"><em><sup>Julia\u00a0Francisco\u00a0Mart\u00ednez, viuda del defensor de los derechos humanos Francisco\u00a0Mart\u00ednez\u00a0M\u00e1rquez, miembro del grupo en defensa de los derechos ind\u00edgenas MILPAH que apareci\u00f3 asesinado en 2015. Giles Clarke\/Global Witness<\/sup><\/em><\/figcaption><\/figure>\n<p class=\"has-vivid-cyan-blue-color has-text-color\">Te puede interesar \u2013 <a href=\"https:\/\/avispa.org\/industria-de-palma-aceitera-boicotea-convenio-para-devolucion-de-tierras-campesinas-en-el-bajo-aguan\/\" target=\"_blank\" rel=\"noreferrer noopener\">I<\/a><a href=\"https:\/\/avispa.org\/industria-de-palma-aceitera-boicotea-convenio-para-devolucion-de-tierras-campesinas-en-el-bajo-aguan\/\">ndustria de la palma aceitera boicotea convenio para devoluci\u00f3n de tierras campesinas en el Bajo Agu\u00e1n<\/a><\/p>\n<p>La organizaci\u00f3n subraya que las cifras solo contabilizan los asesinatos de los que se tiene conocimiento, dado que la falta de denuncia es un problema generalizado. \u201cPor desgracia, se habr\u00e1n perdido muchas m\u00e1s vidas que no est\u00e1n incluidas en nuestros datos\u201d.<\/p>\n<\/div>\n<p>[:]<\/p>\n","protected":false},"excerpt":{"rendered":"<p>[:es]Fuente: Avispa Midia En portada: M\u00e1s del 70\u00a0% de los asesinatos de personas defensoras de la tierra y el medioambiente de 2022 ocurrieron en tan solo tres\u00a0pa\u00edses: Colombia, Brasil y M\u00e9xico. Felipe Luna\/Global Witness Am\u00e9rica Latina contin\u00faa siendo la regi\u00f3n m\u00e1s letal para las personas defensoras de la tierra y el medio ambiente, alerta la [&hellip;]<\/p>\n","protected":false},"author":21,"featured_media":46260,"comment_status":"open","ping_status":"closed","sticky":false,"template":"","format":"standard","meta":{"footnotes":""},"categories":[957,51,1284,826,958,962,935],"tags":[79,58,53,1305,567,147,23,37,545,87,148,27,483],"class_list":["post-46259","post","type-post","status-publish","format-standard","has-post-thumbnail","hentry","category-autonomia","category-autor","category-latinoamerica","category-medios-libres-2","category-megaproyectos","category-presos","category-temas","tag-autonomia","tag-derechos-humanos","tag-justicia","tag-latinoamerica","tag-megaproyectos","tag-militarizacion","tag-paramilitares","tag-presos-politicos","tag-pueblos-indigenas","tag-represion","tag-resistencia","tag-solidaridad","tag-tierra-y-territorio"],"_links":{"self":[{"href":"https:\/\/radiozapatista.org\/index.php?rest_route=\/wp\/v2\/posts\/46259","targetHints":{"allow":["GET"]}}],"collection":[{"href":"https:\/\/radiozapatista.org\/index.php?rest_route=\/wp\/v2\/posts"}],"about":[{"href":"https:\/\/radiozapatista.org\/index.php?rest_route=\/wp\/v2\/types\/post"}],"author":[{"embeddable":true,"href":"https:\/\/radiozapatista.org\/index.php?rest_route=\/wp\/v2\/users\/21"}],"replies":[{"embeddable":true,"href":"https:\/\/radiozapatista.org\/index.php?rest_route=%2Fwp%2Fv2%2Fcomments&post=46259"}],"version-history":[{"count":1,"href":"https:\/\/radiozapatista.org\/index.php?rest_route=\/wp\/v2\/posts\/46259\/revisions"}],"predecessor-version":[{"id":46261,"href":"https:\/\/radiozapatista.org\/index.php?rest_route=\/wp\/v2\/posts\/46259\/revisions\/46261"}],"wp:featuredmedia":[{"embeddable":true,"href":"https:\/\/radiozapatista.org\/index.php?rest_route=\/wp\/v2\/media\/46260"}],"wp:attachment":[{"href":"https:\/\/radiozapatista.org\/index.php?rest_route=%2Fwp%2Fv2%2Fmedia&parent=46259"}],"wp:term":[{"taxonomy":"category","embeddable":true,"href":"https:\/\/radiozapatista.org\/index.php?rest_route=%2Fwp%2Fv2%2Fcategories&post=46259"},{"taxonomy":"post_tag","embeddable":true,"href":"https:\/\/radiozapatista.org\/index.php?rest_route=%2Fwp%2Fv2%2Ftags&post=46259"}],"curies":[{"name":"wp","href":"https:\/\/api.w.org\/{rel}","templated":true}]}}