{"id":46242,"date":"2023-09-15T19:29:18","date_gmt":"2023-09-16T01:29:18","guid":{"rendered":"https:\/\/radiozapatista.org\/?p=46242"},"modified":"2023-09-15T19:33:00","modified_gmt":"2023-09-16T01:33:00","slug":"jornada-de-carteo-por-la-libertad-de-los-presos-politicos-en-chiapas","status":"publish","type":"post","link":"https:\/\/radiozapatista.org\/?p=46242","title":{"rendered":"[:es]Jornada de carteo por la libertad de los presos pol\u00edticos en Chiapas[:]"},"content":{"rendered":"<p>[:es]<\/p>\n<div id=\"magicdomid55\" class=\"ace-line text-align-justify\" aria-live=\"assertive\"><strong><span class=\"author-a-s9z72zsaz90zsz77z5z66zz82z7z67z3jz66z\">Las jornadas de carteo a personas presas son acciones que grupos de acompa\u00f1antes anti carcelarios realizan para romper el aislamiento y darles rostro a quienes se encuentran privadas de su libertad por parte del Estado.<\/span><\/strong><\/div>\n<div id=\"magicdomid58\" class=\"ace-line text-align-justify\" aria-live=\"assertive\"><span class=\"author-a-s9z72zsaz90zsz77z5z66zz82z7z67z3jz66z\">\u00a0<\/span><\/div>\n<div id=\"magicdomid59\" class=\"ace-line text-align-justify\" aria-live=\"assertive\"><span class=\"author-a-s9z72zsaz90zsz77z5z66zz82z7z67z3jz66z\">En M\u00e9xico, pese a que se tiene derecho a la comunicaci\u00f3n con el exterior, y a que hay recomendaciones al respecto, hay dificultades para la entrega de las cartas. Sin embargo, como acto de solidaridad y sensibilizaci\u00f3n de sus casos es efectiva, adem\u00e1s de que se suman sus familiares para la reivindicaci\u00f3n solidaria.<\/span><\/div>\n<div id=\"magicdomid60\" class=\"ace-line text-align-justify\" aria-live=\"assertive\"><span class=\"author-a-s9z72zsaz90zsz77z5z66zz82z7z67z3jz66z\">\u00a0<\/span><\/div>\n<div id=\"magicdomid61\" class=\"ace-line text-align-justify\" aria-live=\"assertive\"><span class=\"author-a-s9z72zsaz90zsz77z5z66zz82z7z67z3jz66z\">Esta acci\u00f3n se va a realizar el pr\u00f3ximo <strong>27 de septiembre en el Paliacate espacio Cultural <\/strong>-Calle 5 de mayo #20, Colonia Centro, San Crist\u00f3bal de Las Casas, Chiapas-, en donde en conjunto con actividades culturales se vender\u00e1n tambi\u00e9n materiales para ayudar a la autogesti\u00f3n, adem\u00e1s de que estar\u00e1n presentes familiares para que vendan sus productos y vender artesan\u00edas de los compa\u00f1eros presos.\u00a0\u00a0\u00a0<\/span><\/div>\n<div id=\"magicdomid62\" class=\"ace-line text-align-justify\" aria-live=\"assertive\"><span class=\"author-a-s9z72zsaz90zsz77z5z66zz82z7z67z3jz66z\">\u00a0<\/span><\/div>\n<div id=\"magicdomid63\" class=\"ace-line text-align-justify\" aria-live=\"assertive\"><span class=\"author-a-s9z72zsaz90zsz77z5z66zz82z7z67z3jz66z\"><strong>Hacemos un llamado para que a partir del 18 de septiembre compa\u00f1eras solidarias de todas las geograf\u00edas rebeldes lleven a cabo una acci\u00f3n de carteo masivo<\/strong> que haremos llegar a los compas presos en resistencia en distintos Centro Estatales de Reinserci\u00f3n Social para Sentenciados (CERSS) de Chiapas:<\/span><\/div>\n<div id=\"magicdomid64\" class=\"ace-line text-align-justify\" aria-live=\"assertive\"><span class=\"author-a-s9z72zsaz90zsz77z5z66zz82z7z67z3jz66z\">\u00a0<\/span><\/div>\n<div id=\"magicdomid65\" class=\"ace-line text-align-justify\" aria-live=\"assertive\"><span class=\"author-a-s9z72zsaz90zsz77z5z66zz82z7z67z3jz66z\">a) Manuel G\u00f3mez V\u00e1zquez, preso desde diciembre de 2020. Joven maya tseltal, Base de Apoyo del EZLN, acusado de un delito que no cometi\u00f3 a base de fabricaci\u00f3n de pruebas, tortura, adem\u00e1s desaparecido forzadamente\u00a0 y procesado penalmente en complicidad de la Fiscal\u00eda de Justicia Ind\u00edgena.<\/span><\/div>\n<div id=\"magicdomid66\" class=\"ace-line text-align-justify\" aria-live=\"assertive\"><span class=\"author-a-s9z72zsaz90zsz77z5z66zz82z7z67z3jz66z\">\u00a0<\/span><\/div>\n<div id=\"magicdomid67\" class=\"ace-line text-align-justify\" aria-live=\"assertive\"><span class=\"author-a-s9z72zsaz90zsz77z5z66zz82z7z67z3jz66z\">b) Los 5 de San Juan Cancuc -Manuel Santiz Cruz, Agust\u00edn P\u00e9rez Dom\u00ednguez, Juan Velasco Aguilar, Mart\u00edn P\u00e9rez Dom\u00ednguez y Agust\u00edn P\u00e9rez Velasco- privados de su libertad desde mayo de 2022. Han resistido a la imposici\u00f3n de proyectos de infraestructura carretera y la militarizaci\u00f3n de su territorio. Se les fabricaron pruebas y fueron condenados por homicidio calificado.<\/span><\/div>\n<div id=\"magicdomid68\" class=\"ace-line text-align-justify\" aria-live=\"assertive\"><span class=\"author-a-s9z72zsaz90zsz77z5z66zz82z7z67z3jz66z\">\u00a0<\/span><\/div>\n<div id=\"magicdomid90\" class=\"ace-line text-align-justify\" aria-live=\"assertive\"><span class=\"author-a-s9z72zsaz90zsz77z5z66zz82z7z67z3jz66z\">c) Jos\u00e9 D\u00edaz, ind\u00edgena Ch&#8217;ol y campesino, Base de Apoyo del EZLN, detenido arbitrariamente con uso excesivo de la fuerza, fue torturado, desaparecido e incomunicado por parte de elementos de la polic\u00eda especializada adscritos a la Fiscal\u00eda del Distrito Selva.\u00a0<\/span><\/div>\n<div id=\"magicdomid182\" class=\"ace-line text-align-justify\" aria-live=\"assertive\"><\/div>\n<div id=\"magicdomid183\" class=\"ace-line text-align-justify\" aria-live=\"assertive\"><strong><span class=\"author-a-s9z72zsaz90zsz77z5z66zz82z7z67z3jz66z\">Manda tus cartas al correo: noestamostodxs@riseup.net<\/span><\/strong><\/div>\n<div id=\"magicdomid72\" class=\"ace-line text-align-justify\" aria-live=\"assertive\"><span class=\"author-a-s9z72zsaz90zsz77z5z66zz82z7z67z3jz66z\">\u00a0<\/span><\/div>\n<div id=\"magicdomid73\" class=\"ace-line text-align-justify\" aria-live=\"assertive\"><span class=\"author-a-s9z72zsaz90zsz77z5z66zz82z7z67z3jz66z\">Gu\u00eda b\u00e1sica para carteo a compas presxs:\u00a0<\/span><\/div>\n<div id=\"magicdomid74\" class=\"ace-line text-align-justify\" aria-live=\"assertive\"><span class=\"author-a-s9z72zsaz90zsz77z5z66zz82z7z67z3jz66z\">\u00a0<\/span><\/div>\n<div id=\"magicdomid75\" class=\"ace-line text-align-justify\" aria-live=\"assertive\"><span class=\"author-a-s9z72zsaz90zsz77z5z66zz82z7z67z3jz66z\">&#8211; Nombre. Utilizar un pseud\u00f3nimo para salvaguardar identidad, de no ser as\u00ed esta en la libertad de dar su verdadero nombre, o el nombre de nuestrx coletivx u organizaci\u00f3n.<\/span><\/div>\n<div id=\"magicdomid76\" class=\"ace-line text-align-justify\" aria-live=\"assertive\"><span class=\"author-a-s9z72zsaz90zsz77z5z66zz82z7z67z3jz66z\">&#8211; El contenido de las cartas depende de qui\u00e9n sea nuestro interlocutor, en una primera carta es importante que nos presentemos.<\/span><\/div>\n<div id=\"magicdomid77\" class=\"ace-line text-align-justify\" aria-live=\"assertive\"><span class=\"author-a-s9z72zsaz90zsz77z5z66zz82z7z67z3jz66z\">-Tambi\u00e9n es esencial contarles un poco qui\u00e9nes somos.<\/span><\/div>\n<div id=\"magicdomid78\" class=\"ace-line text-align-justify\" aria-live=\"assertive\"><span class=\"author-a-s9z72zsaz90zsz77z5z66zz82z7z67z3jz66z\">&#8211; Utilizar letra clara posible, discurso sea breve y sencillo.<\/span><\/div>\n<div id=\"magicdomid79\" class=\"ace-line text-align-justify\" aria-live=\"assertive\"><span class=\"author-a-s9z72zsaz90zsz77z5z66zz82z7z67z3jz66z\">&#8211; Informarnos lo m\u00e1s posible de quien es la persona presa a cartear.\u00a0\u00a0<\/span><\/div>\n<div id=\"magicdomid80\" class=\"ace-line text-align-justify\" aria-live=\"assertive\"><span class=\"author-a-s9z72zsaz90zsz77z5z66zz82z7z67z3jz66z\">&#8211; No hacer promesas, ni intentar enamorarles, esto \u00faltimo es especialmente cruel, puesto que son personas que se encuentran en una situaci\u00f3n de vulnerabilidad.<\/span><\/div>\n<div id=\"magicdomid92\" class=\"ace-line text-align-justify\" aria-live=\"assertive\"><span class=\"author-a-s9z72zsaz90zsz77z5z66zz82z7z67z3jz66z\">&#8211; Lo m\u00e1s importante es mostrar empat\u00eda y solidaridad; las personas presas sufren de un aislamiento provocado por el Estado a conciencia, que puede destruirles a muchos niveles.<\/span><\/div>\n<div class=\"ace-line text-align-justify\" aria-live=\"assertive\"><\/div>\n<div class=\"ace-line text-align-justify\" aria-live=\"assertive\">\n<p><img loading=\"lazy\" decoding=\"async\" class=\"align-center\" src=\"https:\/\/frayba.org.mx\/sites\/default\/files\/inline-images\/signal-2023-09-15-094839_002.jpeg\" alt=\"Jornada de Carteo en el Paliacate, SCLC, Chiapas\" width=\"521\" height=\"651\" data-entity-type=\"file\" data-entity-uuid=\"388aa25b-7e55-426f-9c64-fbb2c1102a43\" \/><\/p>\n<\/div>\n<p>[:]<\/p>\n","protected":false},"excerpt":{"rendered":"<p>[:es] Las jornadas de carteo a personas presas son acciones que grupos de acompa\u00f1antes anti carcelarios realizan para romper el aislamiento y darles rostro a quienes se encuentran privadas de su libertad por parte del Estado. \u00a0 En M\u00e9xico, pese a que se tiene derecho a la comunicaci\u00f3n con el exterior, y a que hay [&hellip;]<\/p>\n","protected":false},"author":21,"featured_media":46247,"comment_status":"open","ping_status":"closed","sticky":false,"template":"","format":"standard","meta":{"footnotes":""},"categories":[957,51,6,955,55,962,935],"tags":[79,917,36,58,53,567,147,23,37,545,148,27,483],"class_list":["post-46242","post","type-post","status-publish","format-standard","has-post-thumbnail","hentry","category-autonomia","category-autor","category-chiapas","category-ezln-temas","category-frayba","category-presos","category-temas","tag-autonomia","tag-chiapas","tag-comunidades-zapatistas","tag-derechos-humanos","tag-justicia","tag-megaproyectos","tag-militarizacion","tag-paramilitares","tag-presos-politicos","tag-pueblos-indigenas","tag-resistencia","tag-solidaridad","tag-tierra-y-territorio"],"_links":{"self":[{"href":"https:\/\/radiozapatista.org\/index.php?rest_route=\/wp\/v2\/posts\/46242","targetHints":{"allow":["GET"]}}],"collection":[{"href":"https:\/\/radiozapatista.org\/index.php?rest_route=\/wp\/v2\/posts"}],"about":[{"href":"https:\/\/radiozapatista.org\/index.php?rest_route=\/wp\/v2\/types\/post"}],"author":[{"embeddable":true,"href":"https:\/\/radiozapatista.org\/index.php?rest_route=\/wp\/v2\/users\/21"}],"replies":[{"embeddable":true,"href":"https:\/\/radiozapatista.org\/index.php?rest_route=%2Fwp%2Fv2%2Fcomments&post=46242"}],"version-history":[{"count":2,"href":"https:\/\/radiozapatista.org\/index.php?rest_route=\/wp\/v2\/posts\/46242\/revisions"}],"predecessor-version":[{"id":46246,"href":"https:\/\/radiozapatista.org\/index.php?rest_route=\/wp\/v2\/posts\/46242\/revisions\/46246"}],"wp:featuredmedia":[{"embeddable":true,"href":"https:\/\/radiozapatista.org\/index.php?rest_route=\/wp\/v2\/media\/46247"}],"wp:attachment":[{"href":"https:\/\/radiozapatista.org\/index.php?rest_route=%2Fwp%2Fv2%2Fmedia&parent=46242"}],"wp:term":[{"taxonomy":"category","embeddable":true,"href":"https:\/\/radiozapatista.org\/index.php?rest_route=%2Fwp%2Fv2%2Fcategories&post=46242"},{"taxonomy":"post_tag","embeddable":true,"href":"https:\/\/radiozapatista.org\/index.php?rest_route=%2Fwp%2Fv2%2Ftags&post=46242"}],"curies":[{"name":"wp","href":"https:\/\/api.w.org\/{rel}","templated":true}]}}