{"id":46235,"date":"2023-09-15T13:32:47","date_gmt":"2023-09-15T19:32:47","guid":{"rendered":"https:\/\/radiozapatista.org\/?p=46235"},"modified":"2023-09-15T13:34:19","modified_gmt":"2023-09-15T19:34:19","slug":"gira-europea-del-cni-y-el-frayba-por-un-clima-de-la-rebeldia-defendamos-las-comunidades-indigenas-y-la-lucha","status":"publish","type":"post","link":"https:\/\/radiozapatista.org\/?p=46235","title":{"rendered":"[:es]Gira europea del CNI y el Frayba: Por un Clima de Rebeld\u00eda \u2026 Defendamos las comunidades ind\u00edgenas y la lucha[:]"},"content":{"rendered":"<p>[:es]En M\u00e9xico se lleva a cabo una guerra no visibilizada en contra de los Ind\u00edgenas.<br \/>\nLas comunidades aut\u00f3nomas zapatistas en Chiapas est\u00e1n siendo atacadas por grupos paramilitares que les disparan y los cercan, les destruyen sus Milpas y sus casas y les cortan el agua<br \/>\nEl Gobierno deja actuar libremente a los grupos armados y promulga supuestas reformas sociales que destruyen la tierra comunal y a trav\u00e9s de las cuales se promueve el robo de la tierra a mano armada.<br \/>\nEl Gobierno mexicano niega la guerra en Chiapas e intenta presentarla como un conflicto entre Ind\u00edgenas. Todo lo anterior es para nosotros un motivo para invitar a la Delegaci\u00f3n del Congreso Nacional Ind\u00edgena, CNI, a una concentraci\u00f3n solidar\u00eda.<\/p>\n<p>Durante la concentraci\u00f3n que se llevar\u00e1 a cabo de las 4:00 a las 5:30 pm, en el marco de la fiesta Schanzenfest, unos Compas van a hablar sobre la situaci\u00f3n en sus territorios, sobre sus luchas, sobre la violaci\u00f3n a los derechos humanos y sobre la guerra en Chiapas.<\/p>\n<p>La concentraci\u00f3n es parte del programa de la Tribuna principal. Las participaciones se van a traducir al alem\u00e1n.<br \/>\nLa vista de la Delegaci\u00f3n en la fiesta Schanzenfest es el comienzo y al mismo tiempo, parte de un viaje por la Europa insumisa durante el cual se quiere sacar a la luz publica la guerra en contra los pueblos ind\u00edgenas. Nosotros apoyamos y con la concentraci\u00f3n enviamos al mundo una muestra de solidaridad.<\/p>\n<p>Los Zapatistas as\u00ed como otras muchas comunidades ind\u00edgenas en M\u00e9xico, se encuentran desde 1994 en lucha y en resistencia por su autonom\u00eda y por su auto-organizaci\u00f3n. Ellas fueron y son una inspiraci\u00f3n para el movimiento critico a la globalizaci\u00f3n en todo el mundo. Los cimientos de la autonom\u00eda y de la resistencia de las bases de los movimientos sociales los combaten cuando se dispara a las escuelas, cuando prende fuego a las Milpas, cuando los Zapatistas son secuestrados, asesinados o heridos de gravedad.<\/p>\n<p>La visita de la Delegaci\u00f3n a la Fiesta Schanzenfest es parte del comienzo de un viaje por Europa durante el cual los niveles de violencia as\u00ed como la guerra que no ha sido visibilizada, se pondr\u00e1n a la luz p\u00fablica.<br \/>\nNosotros queremos apoyar esto y con la concentraci\u00f3n queremos env\u00edas una muestra de una solidaridad fuerte a todo el mundo.<\/p>\n<p><strong>Lxs Zapatistas no est\u00e1n solos!<\/strong><br \/>\nMientras las consecuencias del cambio clim\u00e1tico, ocasionadas por el hombre, son visibilizadas y claras en todos lados, muchas personas en todo el mundo se encuentran en resistencia contra Megaproyectos, los ataques a ambientalistas aumentan. En el a\u00f1o 2020 hubo en M\u00e9xico 30 ataques mortales a ambientalistas, la mitad de ellos eran ind\u00edgenas.<br \/>\nEsto no es una casualidad. M\u00e9xico es uno de los pa\u00edses con la mayor cantidad de licencias a consorcios nacionales y transnacionales para la miner\u00eda. Los cuales son de manera directa o indirecta responsables por el asesinato a ambientalistas. A trav\u00e9s de pagar a asesinos a sueldo o por medio de poner armas a disposici\u00f3n de grupos de seguridad privada se ahuyenta a les ambientalistas para de esta manera romper la resistencia en las comunidades afectadas.<\/p>\n<p>Las y los Ind\u00edgenas est\u00e1n en estos momentos en la primera l\u00ednea de las luchas sociales en tiempos del cambio clim\u00e1tico en todo el Sur global. Elles est\u00e1n siendo afectadas por el robo de sus tierras, el cual es impulsado por la continuidad del colonialismo, por la corrupci\u00f3n y por los intereses econ\u00f3micos, por el del aniquilamiento del medio ambiente y la explotaci\u00f3n de los recursos naturales a trav\u00e9s un capitalismo sin l\u00edmites. Recursos Naturales que en realidad les perteneces s\u00f3lo a elles, como el agua, las selvas y los bosques est\u00e1n siendo privatizados y saqueados.<\/p>\n<p>Las comunidades ind\u00edgenas en resistencia aportan mucho conocimiento y experiencia, pero no son escuchadas. En el Norte global, en las mesas redondas de los expertos en la pol\u00edtica oficial o en el capitalismo verde no se encuentran las soluciones para la contenci\u00f3n del cambio clim\u00e1tico ocasionado por el hombre, sino en la organizaci\u00f3n desde abajo y en el empoderamiento de todes nosotres como actores.<\/p>\n<p>Nosotros estamos cansados de escuchar las mismas explicaciones y las mismas discusiones de van de acuerdo a la circunstancia pol\u00edtica, para determinar cu\u00e1ntos grados no se han cumplido dentro de los objetivos clim\u00e1ticos, por qu\u00e9 se afirma que el crucero supuestamente est\u00e1 lleno y por qu\u00e9 una vida mejor no es econ\u00f3micamente posible dada la situaci\u00f3n actual. Nosotros mejor escuchamos a las y los que se encuentran en resistencia, a los que luchan por otras realidades.<\/p>\n<p><strong>Las luchas clim\u00e1ticas son luchas sociales con alcance global<\/strong><\/p>\n<p>Mientras en Alemania se prometen cada vez m\u00e1s respuestas a la crisis clim\u00e1tica provenientes del \u201ccapitalismo verde\u201d y de la \u201capertura tecnol\u00f3gica\u201d, otras regiones del mundo sufren las consecuencias de estas estrategias. Las materias primas y los recursos naturales provenientes del Sur global se siguen aprovechando y utilizando para la producci\u00f3n y venta de productos y mercanc\u00edas. El sistema capitalista no se pone en tela de juicio mas bien se defiende y se fomenta su desarrollo a trav\u00e9s del uso de la violencia.<\/p>\n<p>Consorcios alemanes y europeos presentan una imagen verde, mientras tanto en M\u00e9xico los sindicalistas de izquierda, ambientalistas, periodistas cr\u00edticos son asesinados, mientras como en el caso del Tren Maya en Yucat\u00e1n, M\u00e9xico, en cooperaci\u00f3n con el Deutsche Bahn, deja una vereda de devastaci\u00f3n por la selva para que la regi\u00f3n sea integrada al turismo y para que los recursos naturales sean saqueados.<\/p>\n<p>La imposici\u00f3n de Megaproyectos y la debilitaci\u00f3n provocada a la resistencia de las bases son parte de la guerra contra los ind\u00edgenas en M\u00e9xico. Las causas y la ra\u00edz del conflicto llegan hasta el d\u00eda de hoy al puerto de Hamburgo como Ciudad Puertear\u00eda y como torniquete para mercanc\u00edas, maquinar\u00eda y armas.<\/p>\n<p><strong>Derribar la continuidad colonial de sus pedestales<\/strong><\/p>\n<p>Hace exactamente 140 a\u00f1os la C\u00e1mara de Comercio de Hamburgo se acerc\u00f3 al que fuera el Canciller del Imperio Bismarck, pidi\u00e9ndole el favor de poner el patrimonio de los comerciantes alemanes bajo la protecci\u00f3n de Imperio alem\u00e1n de manera oficial. Un a\u00f1o m\u00e1s tarde naci\u00f3 el imperio colonial. En honor y como agradecimiento a la protecci\u00f3n colonial se edific\u00f3 el monumento a Bismarck en el barrio de St.Pauli.<br \/>\nEl que la historia y el crimen del colonialismo, como una atracci\u00f3n mar\u00edtima, se siga reconociendo, se puso de manifiesto cuando en julio de 2023, en el d\u00eda luctuoso de Bismarck se restaurara el monumento, lo que tuvo un costo de 10 millones de euros. Este acontecimiento describe no s\u00f3lo la negaci\u00f3n a reconocer los crimines del colonialismo alem\u00e1n y de trabajarlo desde una perspectiva critica, sino que es parte de la actualidad para aferrarse a las injusticias postcoloniales del comercio global.<\/p>\n<p>Mientras que las fronteras estatales en el marco de la globalizaci\u00f3n se abren a los mercados y a las mercanc\u00edas, las personas son sometidas a reg\u00edmenes cada vez m\u00e1s autoritarios.<br \/>\nDesde 2014, 25.000 personas han perdido la vida o no han sido localizadas en el mar mediterr\u00e1neo. A pesar de todo, el salvavidas mar\u00edtimo es criminalizado y limitado en su trabajo por leyes cada vez m\u00e1s restrictivas, como con el Tratado GRAS\/CEAS.<\/p>\n<p>Las muertes de Refugiados en el mar mediterr\u00e1neo se han vuelto parte de la cotidianidad en beneficio de la ganancia m\u00e1xima para Europa. El Derecho de Asilo lo hacen cada vez<br \/>\nmas restrictivo y va de acuerdo con la voluntad pol\u00edtica y en beneficio de multitudes destinadas al mercado laboral barato.<\/p>\n<p>Los intereses utilitarios son los que deciden qu\u00e9 es Humanidad, Justicia y Prudencia, son los que deducen cu\u00e1les son los \u00faltimos nichos de bosques tropicales de la periferia o de la Metr\u00f3poli y son los que regulan nuestra vida en comunidad , nuestros deseos y nuestro comercio.<\/p>\n<p><strong>Alto CEAS \u2013 not people!<\/strong><\/p>\n<p>En Europa es necesario repudiar las econom\u00edas privilegiadas y el empoderamiento, sabotear el funcionamiento normal de un mundo que convierte a las personas en consumidores y productores. En cabio debemos unirnos, organizarnos en la vida cotidiana y aprender de diversas experiencias.<br \/>\nPorque una cosa es segura: as\u00ed como est\u00e1 todo, no es una alternativa. No nos vemos parte de los supuestos acuerdos y certezas imperantes en defensa de una historia y un presente de explotaci\u00f3n global que ha sido escrita por muchos durante demasiado tiempo. Estamos del lado de los pueblos ind\u00edgenas en resistencia y de todos aquellos que luchan contra las condiciones actuales; que intentan saltar las fronteras y tratar de reimaginar su futuro en lugar de adherirse a leyes y reglas que destruyen este futuro y exacerban y cimientan las injusticias sociales.<\/p>\n<p><strong>\u00a1Otro mundo es posible!<\/strong><\/p>\n<p><strong>Por las luchas sociales contra los Megaproyectos y la Hidra del capitalismo global!<br \/>\nAlto a la guerra contra los Zapatistas!<br \/>\nAlto a la guerra contra las comunidades zapatistas!<\/strong><\/p>\n<p>M\u00e1s informaci\u00f3n en <a href=\"https:\/\/schanzenfest.blackblogs.org\">https:\/\/schanzenfest.blackblogs.org<\/a><br \/>\nFlyer en formato pdf: <a href=\"https:\/\/schanzenfest.blackblogs.org\/wp-content\/uploads\/sites\/2247\/2023\/07\/Zapatista-Solidarity-Kundgebung-09092023.pdf\">https:\/\/schanzenfest.blackblogs.org\/wp-content\/uploads\/sites\/2247\/2023\/07\/Zapatista-Solidarity-Kundgebung-09092023.pdf<\/a>[:]<\/p>\n","protected":false},"excerpt":{"rendered":"<p>[:es]En M\u00e9xico se lleva a cabo una guerra no visibilizada en contra de los Ind\u00edgenas. Las comunidades aut\u00f3nomas zapatistas en Chiapas est\u00e1n siendo atacadas por grupos paramilitares que les disparan y los cercan, les destruyen sus Milpas y sus casas y les cortan el agua El Gobierno deja actuar libremente a los grupos armados y [&hellip;]<\/p>\n","protected":false},"author":21,"featured_media":46236,"comment_status":"open","ping_status":"closed","sticky":false,"template":"","format":"standard","meta":{"footnotes":""},"categories":[957,51,6,1024,826,958,954,935],"tags":[79,917,36,58,926,925,53,147,23,37,545,87,483],"class_list":["post-46235","post","type-post","status-publish","format-standard","has-post-thumbnail","hentry","category-autonomia","category-autor","category-chiapas","category-cni-temas","category-medios-libres-2","category-megaproyectos","category-mexico","category-temas","tag-autonomia","tag-chiapas","tag-comunidades-zapatistas","tag-derechos-humanos","tag-ezln","tag-frayba","tag-justicia","tag-militarizacion","tag-paramilitares","tag-presos-politicos","tag-pueblos-indigenas","tag-represion","tag-tierra-y-territorio"],"_links":{"self":[{"href":"https:\/\/radiozapatista.org\/index.php?rest_route=\/wp\/v2\/posts\/46235","targetHints":{"allow":["GET"]}}],"collection":[{"href":"https:\/\/radiozapatista.org\/index.php?rest_route=\/wp\/v2\/posts"}],"about":[{"href":"https:\/\/radiozapatista.org\/index.php?rest_route=\/wp\/v2\/types\/post"}],"author":[{"embeddable":true,"href":"https:\/\/radiozapatista.org\/index.php?rest_route=\/wp\/v2\/users\/21"}],"replies":[{"embeddable":true,"href":"https:\/\/radiozapatista.org\/index.php?rest_route=%2Fwp%2Fv2%2Fcomments&post=46235"}],"version-history":[{"count":2,"href":"https:\/\/radiozapatista.org\/index.php?rest_route=\/wp\/v2\/posts\/46235\/revisions"}],"predecessor-version":[{"id":46238,"href":"https:\/\/radiozapatista.org\/index.php?rest_route=\/wp\/v2\/posts\/46235\/revisions\/46238"}],"wp:featuredmedia":[{"embeddable":true,"href":"https:\/\/radiozapatista.org\/index.php?rest_route=\/wp\/v2\/media\/46236"}],"wp:attachment":[{"href":"https:\/\/radiozapatista.org\/index.php?rest_route=%2Fwp%2Fv2%2Fmedia&parent=46235"}],"wp:term":[{"taxonomy":"category","embeddable":true,"href":"https:\/\/radiozapatista.org\/index.php?rest_route=%2Fwp%2Fv2%2Fcategories&post=46235"},{"taxonomy":"post_tag","embeddable":true,"href":"https:\/\/radiozapatista.org\/index.php?rest_route=%2Fwp%2Fv2%2Ftags&post=46235"}],"curies":[{"name":"wp","href":"https:\/\/api.w.org\/{rel}","templated":true}]}}