{"id":46160,"date":"2023-08-24T22:02:07","date_gmt":"2023-08-25T04:02:07","guid":{"rendered":"https:\/\/radiozapatista.org\/?p=46160"},"modified":"2023-08-24T22:02:07","modified_gmt":"2023-08-25T04:02:07","slug":"en-mexico-asamblea-para-defensa-del-agua-exige-alto-al-despojo","status":"publish","type":"post","link":"https:\/\/radiozapatista.org\/?p=46160","title":{"rendered":"En M\u00e9xico, asamblea para defensa del agua exige alto al despojo"},"content":{"rendered":"<p>Fuente: <a href=\"https:\/\/avispa.org\/en-mexico-asamblea-para-defensa-del-agua-exige-alto-al-despojo\/\">Avispa Midia<\/a><\/p>\n<div class=\"tdb-block-inner td-fix-index\">\n<p><em><sup>Foto de portada: Asamblea por el Agua y la Vida<\/sup><\/em><\/p>\n<p>El despojo del agua, los actores y m\u00e9todos para su apropiaci\u00f3n, as\u00ed como su defensa y las luchas emprendidas por los pueblos fueron temas centrales de la tercera Asamblea Nacional por el Agua y la Vida, efectuada mediados de agosto en el pueblo originario de San Gregorio Atlapulco, alcald\u00eda Xochimilco, en la Ciudad de M\u00e9xico.<\/p>\n<p class=\"has-vivid-cyan-blue-color has-text-color\"><a href=\"https:\/\/avispa.org\/crece-resistencia-contra-la-privatizacion-del-agua-en-mexico\/\" target=\"_blank\" rel=\"noreferrer noopener\">Te puede<\/a><a href=\"https:\/\/avispa.org\/crece-resistencia-contra-la-privatizacion-del-agua-en-mexico\/\"> interesar &#8211; Crece resistencia contra la privatizaci\u00f3n del agua en M\u00e9xico<\/a><\/p>\n<p>La asamblea cont\u00f3 con la participaci\u00f3n de 834 personas, provenientes de 209 organizaciones, colectivas, redes, pueblos originarios y comunidades ind\u00edgenas residentes, medios libres e individualidades, procedentes de 21 estados de la rep\u00fablica mexicana, as\u00ed como invitados de nueve pa\u00edses.<\/p>\n<p>Las participaciones se\u00f1alaron las armas que son utilizadas para imponer el despojo del agua. Entre ellas, destacan la manipulaci\u00f3n y divisi\u00f3n de comunidades; la privatizaci\u00f3n y mercantilizaci\u00f3n, as\u00ed como estrategias de remunicipalizaci\u00f3n. Tambi\u00e9n las concesiones \u201cque privilegian a empresas privadas e industria, la cooptaci\u00f3n de comit\u00e9s comunitarios del agua, y los planes y programas de reordenamiento territorial\u201d, enfatiza la declaraci\u00f3n de la asamblea.<\/p>\n<figure class=\"wp-block-image size-full\"><a class=\"td-modal-image\" href=\"https:\/\/avispa.org\/wp-content\/uploads\/2023\/08\/3raAsambleaAgua.jpg\"><img loading=\"lazy\" decoding=\"async\" class=\"wp-image-102368\" src=\"https:\/\/avispa.org\/wp-content\/uploads\/2023\/08\/3raAsambleaAgua.jpg\" sizes=\"auto, (max-width: 800px) 100vw, 800px\" srcset=\"https:\/\/avispa.org\/wp-content\/uploads\/2023\/08\/3raAsambleaAgua.jpg 800w, https:\/\/avispa.org\/wp-content\/uploads\/2023\/08\/3raAsambleaAgua-300x108.jpg 300w, https:\/\/avispa.org\/wp-content\/uploads\/2023\/08\/3raAsambleaAgua-768x277.jpg 768w, https:\/\/avispa.org\/wp-content\/uploads\/2023\/08\/3raAsambleaAgua-696x251.jpg 696w\" alt=\"\" width=\"800\" height=\"289\" \/><\/a><figcaption class=\"wp-element-caption\"><em><sup>Foto: Asamblea por el Agua y la Vida<\/sup><\/em><\/figcaption><\/figure>\n<p>Adem\u00e1s, se\u00f1alan a diversos actores que participan en la legitimaci\u00f3n del saqueo, entre ellos acad\u00e9micos y expertos cuyos discursos enarbolan conceptos como: agroecolog\u00eda, conservaci\u00f3n ambiental, desarrollo sustentable, tecnolog\u00edas verdes y justicia\u00a0clim\u00e1tica, \u201cpara que los poderosos no se enojen y den financiamiento por medio de\u00a0Ong\u00b4s\u00a0y est\u00edmulos econ\u00f3micos\u00a0que fragmentan y dividen a las comunidades\u201d.<\/p>\n<h3 id=\"h-guerras-de-exterminio\" class=\"wp-block-heading has-black-color has-text-color\"><strong>Guerras de exterminio<\/strong><\/h3>\n<p>Una de las principales denuncias es la guerra de exterminio contra los pueblos zapatistas en Chiapas, la comunidad nahua de Ostula, en Michoac\u00e1n, as\u00ed como la violencia y represi\u00f3n contra pueblos originarios del Valle de M\u00e9xico, Tlaxcala, Quer\u00e9taro, entre otras geograf\u00edas.<\/p>\n<p>Mediante la declaratoria, los participantes se\u00f1alaron la violencia de grupos paramilitares como la Organizaci\u00f3n de Cafeticultores de Ocosingo (ORCAO), la invasi\u00f3n de programas\u00a0gubernamentales para la destrucci\u00f3n y divisi\u00f3n comunitaria como \u201csembrando vida\u201d, el desplazamiento forzado\u00a0de familias y comunidades enteras Bases de Apoyo Zapatistas; as\u00ed como el encarcelamiento de Manuel G\u00f3mez V\u00e1zquez\u00a0y\u00a0el intento de asesinato de Jorge L\u00f3pez Santiz,\u00a0hechos que mantienen en alerta a todos los caracoles zapatistas en Chiapas.<\/p>\n<p class=\"has-vivid-cyan-blue-color has-text-color\"><a href=\"https:\/\/avispa.org\/arrecian-ataques-contra-comunidades-zapatistas-y-amlo-lo-niega\/\" target=\"_blank\" rel=\"noreferrer noopener\">Te puede interesar &#8211; Arrecian ataques contra comunidades zapatistas y AMLO lo niega<\/a><\/p>\n<p class=\"has-black-color has-text-color\">Tambi\u00e9n se refirieron a la desaparici\u00f3n y asesinato del ind\u00edgena nahua Lorenzo\u00a0Froyl\u00e1n\u00a0de la Cruz R\u00edos, integrante de la Guardia Comunal de Santa Mar\u00eda\u00a0Ostula, municipio de Aquila, Michoac\u00e1n, cuyo cuerpo fue encontrado sin vida y con huellas de tortura tras nueve d\u00edas de su desaparici\u00f3n, a principios de agosto.<\/p>\n<p>\u201cLos responsables materiales que gozan de toda impunidad y complicidad del Estado y de los gobiernos estatales son: los integrantes del Cartel Jalisco Nueva Generaci\u00f3n, y el\u00a0narcogobierno\u00a0de Michoac\u00e1n, encabezado por el gobernador, Alfredo Ram\u00edrez Bedolla, quien acaba de anunciar que esta guardia es ilegal. Esto representa un nuevo golpe de represi\u00f3n, adem\u00e1s se agrega un orden de desalojo por el Tribunal Unitario Agrario 38, adem\u00e1s de solicitar la presencia de la Marina en el territorio aut\u00f3nomo de Santa Mar\u00eda Ostula\u201d, denuncia la declaratoria.<\/p>\n<p class=\"has-vivid-cyan-blue-color has-text-color\"><a href=\"https:\/\/avispa.org\/comuneros-de-michoacan-responden-amenaza-de-criminalizar-a-su-guardia-comunal\/\" target=\"_blank\" rel=\"noreferrer noopener\">T<\/a><a href=\"https:\/\/avispa.org\/comuneros-de-michoacan-responden-amenaza-de-criminalizar-a-su-guardia-comunal\/\">e puede interesar &#8211; Comuneros de Michoac\u00e1n responden amenaza de criminalizar a su Guardia Comunal<\/a><\/p>\n<p>Otro de los casos referidos es de la comunidad de Calpulalpan, Tlaxcala, donde en mayo de este a\u00f1o, mujeres, ni\u00f1os y personas de la tercera edad sufrieron represi\u00f3n f\u00edsica y psicol\u00f3gica por su labor en la defensa del agua. Tambi\u00e9n exigieron la liberaci\u00f3n de los defensores del territorio, Raymundo\u00a0Cahuatzi\u00a0Mel\u00e9ndez y Sa\u00fal Rosales Mel\u00e9ndez, de la comunidad de San Pedro Tlalcuapan, Tlaxcala, as\u00ed como un alto a la iniciativa de ley de aguas en Tlaxcala.<\/p>\n<p class=\"has-vivid-cyan-blue-color has-text-color\"><a href=\"https:\/\/avispa.org\/a-pesar-de-la-privatizacion-colectividades-remarcan-la-defensa-del-agua-en-queretaro\/\" target=\"_blank\" rel=\"noreferrer noopener\">Te puede inte<\/a><a href=\"https:\/\/avispa.org\/a-pesar-de-la-privatizacion-colectividades-remarcan-la-defensa-del-agua-en-queretaro\/\">resar &#8211; A pesar de la privatizaci\u00f3n, colectividades remarcan la defensa del agua en Quer\u00e9taro<\/a><\/p>\n<p>Reiteraron el alto a la violencia sistem\u00e1tica en Quer\u00e9taro contra las personas que defienden el agua, manantiales y el territorio, \u201ccomo es el caso de la Comunidad de Escol\u00e1sticas, quien fue brutalmente reprimida el pasado 13 de junio. Denunciamos la intensificaci\u00f3n de la violencia desde la aprobaci\u00f3n de la ley que concesiona el servicio de agua en Quer\u00e9taro. Exigimos\u00a0su\u00a0abrogaci\u00f3n o eliminaci\u00f3n\u201d.<\/p>\n<figure class=\"wp-block-image size-large\"><a class=\"td-modal-image\" href=\"https:\/\/avispa.org\/wp-content\/uploads\/2023\/08\/3ra-asamblea-agua-2.jpg\"><img loading=\"lazy\" decoding=\"async\" class=\"wp-image-102366\" src=\"https:\/\/avispa.org\/wp-content\/uploads\/2023\/08\/3ra-asamblea-agua-2-1024x683.jpg\" sizes=\"auto, (max-width: 1024px) 100vw, 1024px\" srcset=\"https:\/\/avispa.org\/wp-content\/uploads\/2023\/08\/3ra-asamblea-agua-2-1024x683.jpg 1024w, https:\/\/avispa.org\/wp-content\/uploads\/2023\/08\/3ra-asamblea-agua-2-300x200.jpg 300w, https:\/\/avispa.org\/wp-content\/uploads\/2023\/08\/3ra-asamblea-agua-2-768x512.jpg 768w, https:\/\/avispa.org\/wp-content\/uploads\/2023\/08\/3ra-asamblea-agua-2-696x464.jpg 696w, https:\/\/avispa.org\/wp-content\/uploads\/2023\/08\/3ra-asamblea-agua-2-1068x712.jpg 1068w, https:\/\/avispa.org\/wp-content\/uploads\/2023\/08\/3ra-asamblea-agua-2-630x420.jpg 630w, https:\/\/avispa.org\/wp-content\/uploads\/2023\/08\/3ra-asamblea-agua-2.jpg 1449w\" alt=\"\" width=\"1024\" height=\"683\" \/><\/a><figcaption class=\"wp-element-caption\"><em><sup>Foto: Asamblea por el Agua y la Vida<\/sup><\/em><\/figcaption><\/figure>\n<p>Denunciaron que, en los\u00a0pueblos originarios del valle de M\u00e9xico, como Xochimilco, Tl\u00e1huac, Milpa Alta, Iztacalco y Coyoac\u00e1n tambi\u00e9n se viven procesos de exterminio. En ellos, las mujeres son afectadas por la imposici\u00f3n de complejos\u00a0megaurbanizadores, habitacionales y comerciales \u201cque se\u00a0 roban nuestra agua, quintuplicando las jornadas de trabajo para nosotras, destruyendo nuestros saberes y rest\u00e1ndonos autonom\u00eda, provocando mayor violencia sexual y econ\u00f3mica hacia nosotras hasta llegar al deplorable aumento de los feminicidios de mujeres de origen campesino, no obstante, gracias a las mujeres que luchan y resisten, nuestros feminismos ancestrales se levantan\u201d, sostienen en la declaratoria.<\/p>\n<p>Resaltan los casos de violencia de g\u00e9nero que enfrentan mujeres de pueblos en Xochimilco por parte de la Alcald\u00eda. \u201cA las mujeres autoridades tradicionales de San Gregorio Atlapulco, as\u00ed como a las mujeres del \u00fanico Concejo Aut\u00f3nomo de Gobierno en Xochimilco\u00a0(San Luis Tlaxialtemalco), a quienes\u00a0nos han difamado a trav\u00e9s de las redes sociales, golpeado f\u00edsicamente, lastimado social y psicol\u00f3gicamente, con amenazas de muerte, incitando al linchamiento\u201d, acusan.<\/p>\n<p class=\"has-vivid-cyan-blue-color has-text-color\"><a href=\"https:\/\/avispa.org\/el-despojo-que-se-anuncia-en-mercado-libre\/\" target=\"_blank\" rel=\"noreferrer noopener\">Te puede interesar \u2013 El despojo que se anuncia en Mercado Libre<\/a><\/p>\n<p>En su conjunto, los participantes exigieron detener la criminalizaci\u00f3n contra Patricia Gonz\u00e1lez Guzm\u00e1n,\u00a0presidenta\u00a0del comit\u00e9\u00a0Pro-pante\u00f3n\u00a0de San Gregorio Atlapulco, as\u00ed como el cese al\u00a0despojo del agua, la tierra y el territorio de todos los pueblos originarios de la regi\u00f3n, por lo cual demandan la restauraci\u00f3n del ciclo natural del agua en la microcuenca Tl\u00e1huac-Xochimilco, Milpa Alta-Chalco.<\/p>\n<h3 id=\"h-acciones\" class=\"wp-block-heading has-black-color has-text-color\">Acciones<\/h3>\n<p>Aseguraron que seguir\u00e1n ejerciendo y fortaleciendo su derecho a la libre determinaci\u00f3n, el camino hacia la autonom\u00eda. \u201cLa resistencia y las rebeld\u00edas son las herramientas para recuperar\u00a0nuestra historia, nuestro territorio, nuestra madre tierra y la vida; como pueblos, recuperaremos\u00a0nuestra cosmovisi\u00f3n y espiritualidad que nos ha sido robada y ratificamos tambi\u00e9n, que No nos rendimos, No nos vendemos y No Claudicamos\u201d.<\/p>\n<p>Al finalizar la tercera Asamblea Nacional por el Agua y la Vida, se acordaron una serie de acciones, tales como la realizaci\u00f3n de una posterior reuni\u00f3n en Tlaxcala entre los meses\u00a0de febrero y marzo de 2024. Tambi\u00e9n se convoc\u00f3 a realizar manifestaciones contra la Comisi\u00f3n Nacional del Agua para el 25 de septiembre de este a\u00f1o, as\u00ed como a participar en la movilizaci\u00f3n nacional en\u00a0contra de la guerra que enfrentan los\u00a0pueblos\u00a0zapatistas para el pr\u00f3ximo 12 de octubre.<\/p>\n<p class=\"has-vivid-cyan-blue-color has-text-color\"><a href=\"https:\/\/www.congresonacionalindigena.org\/2023\/08\/15\/declaracion-de-la-3a-asambalea-nacional-por-el-agua-y-la-vida\/\">Consulta \u00edntegra la declaratoria final aqu\u00ed.<\/a><\/p>\n<\/div>\n<p><\/p>","protected":false},"excerpt":{"rendered":"<p>Fuente: Avispa Midia Foto de portada: Asamblea por el Agua y la Vida El despojo del agua, los actores y m\u00e9todos para su apropiaci\u00f3n, as\u00ed como su defensa y las luchas emprendidas por los pueblos fueron temas centrales de la tercera Asamblea Nacional por el Agua y la Vida, efectuada mediados de agosto en el [&hellip;]<\/p>\n","protected":false},"author":21,"featured_media":46161,"comment_status":"open","ping_status":"closed","sticky":false,"template":"","format":"standard","meta":{"footnotes":""},"categories":[957,51,826,958,954,935],"tags":[79,58,53,567,147,23,545,87,148,27,483],"class_list":["post-46160","post","type-post","status-publish","format-standard","has-post-thumbnail","hentry","category-autonomia","category-autor","category-medios-libres-2","category-megaproyectos","category-mexico","category-temas","tag-autonomia","tag-derechos-humanos","tag-justicia","tag-megaproyectos","tag-militarizacion","tag-paramilitares","tag-pueblos-indigenas","tag-represion","tag-resistencia","tag-solidaridad","tag-tierra-y-territorio"],"_links":{"self":[{"href":"https:\/\/radiozapatista.org\/index.php?rest_route=\/wp\/v2\/posts\/46160","targetHints":{"allow":["GET"]}}],"collection":[{"href":"https:\/\/radiozapatista.org\/index.php?rest_route=\/wp\/v2\/posts"}],"about":[{"href":"https:\/\/radiozapatista.org\/index.php?rest_route=\/wp\/v2\/types\/post"}],"author":[{"embeddable":true,"href":"https:\/\/radiozapatista.org\/index.php?rest_route=\/wp\/v2\/users\/21"}],"replies":[{"embeddable":true,"href":"https:\/\/radiozapatista.org\/index.php?rest_route=%2Fwp%2Fv2%2Fcomments&post=46160"}],"version-history":[{"count":1,"href":"https:\/\/radiozapatista.org\/index.php?rest_route=\/wp\/v2\/posts\/46160\/revisions"}],"predecessor-version":[{"id":46162,"href":"https:\/\/radiozapatista.org\/index.php?rest_route=\/wp\/v2\/posts\/46160\/revisions\/46162"}],"wp:featuredmedia":[{"embeddable":true,"href":"https:\/\/radiozapatista.org\/index.php?rest_route=\/wp\/v2\/media\/46161"}],"wp:attachment":[{"href":"https:\/\/radiozapatista.org\/index.php?rest_route=%2Fwp%2Fv2%2Fmedia&parent=46160"}],"wp:term":[{"taxonomy":"category","embeddable":true,"href":"https:\/\/radiozapatista.org\/index.php?rest_route=%2Fwp%2Fv2%2Fcategories&post=46160"},{"taxonomy":"post_tag","embeddable":true,"href":"https:\/\/radiozapatista.org\/index.php?rest_route=%2Fwp%2Fv2%2Ftags&post=46160"}],"curies":[{"name":"wp","href":"https:\/\/api.w.org\/{rel}","templated":true}]}}