{"id":46125,"date":"2023-08-21T19:07:17","date_gmt":"2023-08-22T01:07:17","guid":{"rendered":"https:\/\/radiozapatista.org\/?p=46125"},"modified":"2023-08-21T19:07:17","modified_gmt":"2023-08-22T01:07:17","slug":"reconocen-a-las-abejas-como-sujeto-de-derecho-y-a-los-mayas-como-sus-guardianes","status":"publish","type":"post","link":"https:\/\/radiozapatista.org\/?p=46125","title":{"rendered":"Reconocen a las abejas como sujeto de derecho y a los mayas como sus guardianes"},"content":{"rendered":"<p>Fuente: <a href=\"https:\/\/avispa.org\/reconocen-a-las-abejas-como-sujeto-de-derecho-y-a-los-mayas-como-sus-guardianes\/\">Avispa Midia<\/a><\/p>\n<p>Por Sare Frabes<\/p>\n<div class=\"tdb-block-inner td-fix-index\">\n<p class=\"has-text-align-right\"><sup>Foto: Kai-Wenzel \/ Unsplash<\/sup><\/p>\n<p>La justicia del estado de Campeche, M\u00e9xico, otorg\u00f3 la suspensi\u00f3n definitiva a las actividades que han generado mortandad de las abejas en comunidades mayas del municipio de Hopelch\u00e9n, adem\u00e1s de reconocer a las abejas como sujetos de derechos y a las comunidades mayas como sus guardianas.<\/p>\n<p>El anuncio fue hecho por las organizaciones Alianza Maya por las Abejas Kabnalo \u0301on y el Colectivo de Comunidades Mayas de los Chenes por medio de un comunicado a la prensa.<\/p>\n<p>El d\u00eda 20 de mayo pasado, representantes de\u00a0diversos pueblos mayas de Hopelch\u00e9n presentaron un juicio de amparo, por las graves omisiones de los gobiernos federal, estatal y municipal que han ocasionado la muerte de millones de abejas\u00a0en la entidad como consecuencia de la deforestaci\u00f3n inmoderada y el uso excesivo de agrot\u00f3xicos. La decisi\u00f3n es v\u00e1lida hasta que se culmine el juicio de amparo.<\/p>\n<p>La determinaci\u00f3n es contra los actos y omisiones reclamados a las autoridades responsables de la Secretar\u00eda de Medio Ambiente y Recursos Naturales (Semarnat), contra el presidente de M\u00e9xico y contra la Comisi\u00f3n Federal para la Pretecci\u00f3n de Riesgos Sanitarios.<\/p>\n<p>Entre los puntos reclamados est\u00e1 la omisi\u00f3n de las autoridades de gobierno por no dar respuesta a las m\u00faltiples solicitudes, denuncias y peticiones realizadas para que establezcan medidas de protecci\u00f3n para las abejas en relaci\u00f3n a la deforestaci\u00f3n y uso indiscriminado de agrot\u00f3xico. Adem\u00e1s, por la omisi\u00f3n de aplicar una pol\u00edtica ambiental que proteja a las abejas y que atienda y prevenga la problem\u00e1tica de la mortandad y la disminuci\u00f3n de las colmenas.<\/p>\n<p><strong>Te puede interesar \u2013\u00a0<a href=\"https:\/\/avispa.org\/intoxicacion-masiva-por-insecticida-provoco-la-muerte-de-millares-de-abejas-en-campeche\/\">Intoxicaci\u00f3n masica por insecticida provoc\u00f3 la muerte de millares de abejas en Campeche<\/a><\/strong><\/p>\n<p>Como parte de la demanda, los apicultores y apicultoras mayas solicitaron al juzgado la suspensi\u00f3n para el efecto de que las autoridades responsables\u00a0no otorguen autorizaciones, concesiones o asignaciones sobre proyectos de infraestructura a gran escala que puedan generar impactos socioecol\u00f3gicos negativos sobre el patrimonio biocultural en el municipio de Hopelch\u00e9n, incluyendo la suspensi\u00f3n de desmontes y fumigaciones.<\/p>\n<p>De esta manera, las autoridades responsables\u00a0deber\u00e1n adoptar todas las medidas necesarias para evitar o mitigar el riesgo al medio ambiente.<\/p>\n<p><strong>Causa de la suspensi\u00f3n<\/strong><\/p>\n<p>La suspensi\u00f3n definitiva otorgada a favor de las comunidades\u00a0se da como consecuencia de la evidencia probatoria presentada en el juicio\u00a0que demuestra el incremento de la mortandad de abejas en la regi\u00f3n asociada a las fumigaciones y a la deforestaci\u00f3n.<\/p>\n<p>En el primer caso, destacan las organizaciones en el comunicado, existen m\u00faltiples an\u00e1lisis realizados por instituciones federales y centros de investigaci\u00f3n, que acreditan que la utilizaci\u00f3n de pesticidas como\u00a0el fipronil, prohibido en 36 pa\u00edses, incluyendo la Uni\u00f3n Europea, es uno de los principales causantes, aunque no el \u00fanico, del envenenamiento de las abejas.<\/p>\n<p>En el caso de la deforestaci\u00f3n,\u00a0Hopelch\u00e9n es de los municipios m\u00e1s afectados\u00a0por este fen\u00f3meno a nivel nacional, a pesar de las m\u00faltiples denuncias presentadas ante la\u00a0Procuradur\u00eda Federal de Protecci\u00f3n al Ambiente (Profepa), quien ha omitido cumplir con su obligaci\u00f3n de investigaci\u00f3n y sanci\u00f3n, sostienen las organizaciones.<\/p>\n<p><strong>Sujeto de derecho<\/strong><\/p>\n<p>Recuerdan que la suspensi\u00f3n se enmarca en una demanda de amparo cuyo fin \u00faltimo es que se reconozca a las abejas como sujetos de derechos y a las comunidades mayas como sus guardianas, con lo cual se tendr\u00edan que establecer medidas, junto con esas comunidades, para construir pol\u00edticas p\u00fablicas con una l\u00f3gica ecoc\u00e9ntrica y desde la mirada de las comunidades y en ejercicio de su libre determinaci\u00f3n y autonom\u00eda.<\/p>\n<p>Se\u00f1alan que las abejas y los polinizadores no s\u00f3lo son indispensables para la econom\u00eda de la regi\u00f3n, pues la apicultura es una de las principales actividades y fuente de ingreso de muchos pueblos mayas en la Pen\u00ednsula de Yucat\u00e1n, sino que tiene un alto valor cultural para el Pueblo Maya por ser una pr\u00e1ctica prehisp\u00e1nica.<\/p>\n<p>\u201cDeclarar judicialmente a las abejas como sujetos de derechos y a los pueblos mayas como sus guardianes, abrir\u00eda la puerta para construir, desde una perspectiva ecoc\u00e9ntrica, un nuevo paradigma en donde el respeto al patrimonio biocultural sea el eje de la pol\u00edtica p\u00fablica en la regi\u00f3n\u201d, defienden.<\/p>\n<\/div>\n<p><\/p>","protected":false},"excerpt":{"rendered":"<p>Fuente: Avispa Midia Por Sare Frabes Foto: Kai-Wenzel \/ Unsplash La justicia del estado de Campeche, M\u00e9xico, otorg\u00f3 la suspensi\u00f3n definitiva a las actividades que han generado mortandad de las abejas en comunidades mayas del municipio de Hopelch\u00e9n, adem\u00e1s de reconocer a las abejas como sujetos de derechos y a las comunidades mayas como sus [&hellip;]<\/p>\n","protected":false},"author":21,"featured_media":46126,"comment_status":"open","ping_status":"closed","sticky":false,"template":"","format":"standard","meta":{"footnotes":""},"categories":[957,51,826,958,954,935],"tags":[79,58,53,171,567,147,545,87,148,27,483],"class_list":["post-46125","post","type-post","status-publish","format-standard","has-post-thumbnail","hentry","category-autonomia","category-autor","category-medios-libres-2","category-megaproyectos","category-mexico","category-temas","tag-autonomia","tag-derechos-humanos","tag-justicia","tag-medio-ambiente","tag-megaproyectos","tag-militarizacion","tag-pueblos-indigenas","tag-represion","tag-resistencia","tag-solidaridad","tag-tierra-y-territorio"],"_links":{"self":[{"href":"https:\/\/radiozapatista.org\/index.php?rest_route=\/wp\/v2\/posts\/46125","targetHints":{"allow":["GET"]}}],"collection":[{"href":"https:\/\/radiozapatista.org\/index.php?rest_route=\/wp\/v2\/posts"}],"about":[{"href":"https:\/\/radiozapatista.org\/index.php?rest_route=\/wp\/v2\/types\/post"}],"author":[{"embeddable":true,"href":"https:\/\/radiozapatista.org\/index.php?rest_route=\/wp\/v2\/users\/21"}],"replies":[{"embeddable":true,"href":"https:\/\/radiozapatista.org\/index.php?rest_route=%2Fwp%2Fv2%2Fcomments&post=46125"}],"version-history":[{"count":1,"href":"https:\/\/radiozapatista.org\/index.php?rest_route=\/wp\/v2\/posts\/46125\/revisions"}],"predecessor-version":[{"id":46127,"href":"https:\/\/radiozapatista.org\/index.php?rest_route=\/wp\/v2\/posts\/46125\/revisions\/46127"}],"wp:featuredmedia":[{"embeddable":true,"href":"https:\/\/radiozapatista.org\/index.php?rest_route=\/wp\/v2\/media\/46126"}],"wp:attachment":[{"href":"https:\/\/radiozapatista.org\/index.php?rest_route=%2Fwp%2Fv2%2Fmedia&parent=46125"}],"wp:term":[{"taxonomy":"category","embeddable":true,"href":"https:\/\/radiozapatista.org\/index.php?rest_route=%2Fwp%2Fv2%2Fcategories&post=46125"},{"taxonomy":"post_tag","embeddable":true,"href":"https:\/\/radiozapatista.org\/index.php?rest_route=%2Fwp%2Fv2%2Ftags&post=46125"}],"curies":[{"name":"wp","href":"https:\/\/api.w.org\/{rel}","templated":true}]}}