{"id":46120,"date":"2023-08-19T20:05:18","date_gmt":"2023-08-20T02:05:18","guid":{"rendered":"https:\/\/radiozapatista.org\/?p=46120"},"modified":"2023-08-19T20:07:38","modified_gmt":"2023-08-20T02:07:38","slug":"ixil-no-se-vende-no-se-renta-ni-se-rinde","status":"publish","type":"post","link":"https:\/\/radiozapatista.org\/?p=46120","title":{"rendered":"Ixil no se vende, no se renta ni se rinde!"},"content":{"rendered":"<p><\/p>\n<h6 id=\"viewer-3tfsn\" class=\"xVISr Y9Dpf bCMSCT OZy-3 lnyWN yMZv8w bCMSCT public-DraftStyleDefault-block-depth0 fixed-tab-size public-DraftStyleDefault-text-ltr\"><span class=\"B2EFF public-DraftStyleDefault-ltr\"><em>Foto Tribuna de Campeche<\/em><br role=\"presentation\" \/><\/span><\/h6>\n<div data-hook=\"rcv-block3\"><\/div>\n<p id=\"viewer-7887f\" class=\"xVISr Y9Dpf bCMSCT OZy-3 UETKq O29H43 bCMSCT public-DraftStyleDefault-block-depth0 fixed-tab-size public-DraftStyleDefault-text-rtl\"><span class=\"B2EFF public-DraftStyleDefault-ltr\"><strong>YUCAT\u00c1N A 19 DE AGOSTO DE 2023.<\/strong><\/span><\/p>\n<div data-hook=\"rcv-block4\">\u00a0<span class=\"B2EFF public-DraftStyleDefault-ltr\"><strong>COMUNICADO<\/strong><\/span><\/div>\n<p id=\"viewer-1eblg\" class=\"xVISr Y9Dpf bCMSCT OZy-3 cDpYU ok2w4y bCMSCT public-DraftStyleDefault-block-depth0 fixed-tab-size public-DraftStyleDefault-text-ltr\"><span class=\"B2EFF public-DraftStyleDefault-ltr\"><strong>\u201cIXIL NO SE VENDE, NO SE RENTA NI SE RINDE\u201d<\/strong><\/span><\/p>\n<p>&nbsp;<\/p>\n<p class=\"xVISr Y9Dpf bCMSCT OZy-3 cDpYU ok2w4y bCMSCT public-DraftStyleDefault-block-depth0 fixed-tab-size public-DraftStyleDefault-text-ltr\"><span class=\"B2EFF public-DraftStyleDefault-ltr\"><strong>A LOS MEDIOS DE COMUNICACI\u00d3N NACIONALES.<\/strong><\/span><\/p>\n<div data-hook=\"rcv-block11\"><span class=\"B2EFF public-DraftStyleDefault-ltr\"><strong>A LOS PUEBLOS Y COMUNIDADES QUE DEFIENDEN SU TERRITORIO.<\/strong><\/span><\/div>\n<div data-hook=\"rcv-block11\"><\/div>\n<p id=\"viewer-elaup\" class=\"xVISr Y9Dpf bCMSCT OZy-3 _40ACk Ecq9kg bCMSCT public-DraftStyleDefault-block-depth0 fixed-tab-size public-DraftStyleDefault-text-ltr\"><span class=\"B2EFF public-DraftStyleDefault-ltr\">Las comunidades mayas que integramos la Asamblea de Defensores del Territorio Maya M\u00fauch\u2019 X\u00edimbal condenamos la violencia ejercida por parte de elementos de la polic\u00eda estatal pertenecientes a la Secretar\u00eda de Seguridad P\u00fablica del gobierno del Estado de Yucat\u00e1n en contra de pobladores mayas de la comunidad de Ixil, el pasado 17 de agosto.<\/span><\/p>\n<p id=\"viewer-7qu1g\" class=\"xVISr Y9Dpf bCMSCT OZy-3 _40ACk Ecq9kg bCMSCT public-DraftStyleDefault-block-depth0 fixed-tab-size public-DraftStyleDefault-text-ltr\"><span class=\"B2EFF public-DraftStyleDefault-ltr\">Los pobladores de Ixil organizados para defender sus tierras en contra del despojo y de la especulaci\u00f3n inmobiliaria, una vez m\u00e1s est\u00e1n siendo agredidos y amenazados por proteger la integridad de su territorio de los intereses empresariales.<\/span><\/p>\n<p id=\"viewer-169jl\" class=\"xVISr Y9Dpf bCMSCT OZy-3 _40ACk Ecq9kg bCMSCT public-DraftStyleDefault-block-depth0 fixed-tab-size public-DraftStyleDefault-text-ltr\"><span class=\"B2EFF public-DraftStyleDefault-ltr\">En los \u00faltimos a\u00f1os la comunidad maya de Ixil Yucat\u00e1n ha sido objeto de varios intentos de despojo de sus tierras; primero por la instalaci\u00f3n de proyectos de energ\u00eda e\u00f3lica a gran escala, despu\u00e9s por la especulaci\u00f3n inmobiliaria, bajo enga\u00f1os les han querido arrebatar sus tierras y las han recuperado; ahora nuevamente les quieren despojar m\u00e1s de 300 hect\u00e1reas que utilizan para proyectos comunitarios, el pasado 17 de agosto la polic\u00eda estatal de Yucat\u00e1n les impidi\u00f3 el acceso a sus tierras por una supuesta venta que hab\u00edan realizado y que los ejidatarios niegan haber vendido.<\/span><\/p>\n<p id=\"viewer-1b18i\" class=\"xVISr Y9Dpf bCMSCT OZy-3 _40ACk Ecq9kg bCMSCT public-DraftStyleDefault-block-depth0 fixed-tab-size public-DraftStyleDefault-text-ltr\"><span class=\"B2EFF public-DraftStyleDefault-ltr\">Los hechos de violencia ocurridos en la comunidad de Ixil el jueves 17 de agosto de 2023, muestran una vez que el gobierno de Yucat\u00e1n presidido por el Lic. Mauricio Vila Dosal est\u00e1 del lado de los empresarios que son despojadores de tierras, ya que la polic\u00eda estatal agredi\u00f3 a los ciudadanos que est\u00e1n en defensa de sus tierras, por los hechos represivos ejercidos en contra de nuestros hermanos mayas de Ixil, las comunidades que integramos la Asamblea de Defensores del Territorio Maya M\u00fauch\u00b4 X\u00edimbal <strong>DENUNCIAMOS<\/strong> las agresiones f\u00edsicas que la polic\u00eda estatal de Yucat\u00e1n ejerci\u00f3 sobre los pobladores de la comunidad maya de Ixil, <strong>DENUNCIAMOS<\/strong> el intento de despojo de las tierras de la comunidad de Ixil producto de la especulaci\u00f3n inmobiliaria ocasionada por la construcci\u00f3n del mal llamado tren maya en nuestro territorio, proyecto prioritario del gobierno federal presidido por Andr\u00e9s Manuel L\u00f3pez Obrador, <strong>DENUNCIAMOS<\/strong> las amenazas y cualquier acto represivo en contra de los pobladores de Ixil.<\/span><\/p>\n<p id=\"viewer-cfi4o\" class=\"xVISr Y9Dpf bCMSCT OZy-3 _40ACk Ecq9kg bCMSCT public-DraftStyleDefault-block-depth0 fixed-tab-size public-DraftStyleDefault-text-ltr\"><span class=\"B2EFF public-DraftStyleDefault-ltr\"><strong>EXIGIMOS<\/strong> el cese de las agresiones y violencia gubernamental en contra de mujeres, de ni\u00f1os y de la comunidad maya de Ixil que defienden su territorio de este gobierno que encabeza al empresariado conquistador y colonizador. <\/span><\/p>\n<p id=\"viewer-85k5j\" class=\"xVISr Y9Dpf bCMSCT OZy-3 _40ACk Ecq9kg bCMSCT public-DraftStyleDefault-block-depth0 fixed-tab-size public-DraftStyleDefault-text-ltr\"><span class=\"B2EFF public-DraftStyleDefault-ltr\"><strong>ACUSAMOS<\/strong> a este gobierno de violar las garant\u00edas individuales y la integridad f\u00edsica de las mujeres y ni\u00f1os mayas de esta comunidad que tiene como \u00fanico delito, defender su tierra de los colonizadores asociados al poder gubernamental.<\/span><\/p>\n<p id=\"viewer-5g7ib\" class=\"xVISr Y9Dpf bCMSCT OZy-3 _40ACk Ecq9kg bCMSCT public-DraftStyleDefault-block-depth0 fixed-tab-size public-DraftStyleDefault-text-ltr\"><span class=\"B2EFF public-DraftStyleDefault-ltr\"><strong>RESPONSABILIZAMOS<\/strong> al gobierno del Estado de Yucat\u00e1n, a los empresarios especuladores de tierras y a la secretar\u00eda de seguridad p\u00fablica de Yucat\u00e1n de las agresiones, amenazas y despojo de las tierras de la comunidad maya de Ixil. <\/span><\/p>\n<p>&nbsp;<\/p>\n<p id=\"viewer-23tss\" class=\"xVISr Y9Dpf bCMSCT OZy-3 cDpYU ok2w4y bCMSCT public-DraftStyleDefault-block-depth0 fixed-tab-size public-DraftStyleDefault-text-ltr\"><span class=\"B2EFF public-DraftStyleDefault-ltr\"><strong>LA TIERRA NO SE VENDE NI SE RENTA, SE DEFIENDE<\/strong><\/span><\/p>\n<p><a href=\"https:\/\/radiozapatista.org\/?attachment_id=46123\" rel=\"attachment wp-att-46123\"><img loading=\"lazy\" decoding=\"async\" class=\"alignnone size-medium wp-image-46123\" src=\"https:\/\/radiozapatista.org\/wp-content\/uploads\/2023\/08\/muuch-xiimbal-350x270.jpeg\" alt=\"\" width=\"350\" height=\"270\" srcset=\"https:\/\/radiozapatista.org\/wp-content\/uploads\/2023\/08\/muuch-xiimbal-350x270.jpeg 350w, https:\/\/radiozapatista.org\/wp-content\/uploads\/2023\/08\/muuch-xiimbal-768x593.jpeg 768w, https:\/\/radiozapatista.org\/wp-content\/uploads\/2023\/08\/muuch-xiimbal-1024x791.jpeg 1024w\" sizes=\"auto, (max-width: 350px) 100vw, 350px\" \/><\/a><\/p>","protected":false},"excerpt":{"rendered":"<p>Foto Tribuna de Campeche YUCAT\u00c1N A 19 DE AGOSTO DE 2023. \u00a0COMUNICADO \u201cIXIL NO SE VENDE, NO SE RENTA NI SE RINDE\u201d &nbsp; A LOS MEDIOS DE COMUNICACI\u00d3N NACIONALES. A LOS PUEBLOS Y COMUNIDADES QUE DEFIENDEN SU TERRITORIO. Las comunidades mayas que integramos la Asamblea de Defensores del Territorio Maya M\u00fauch\u2019 X\u00edimbal condenamos la violencia [&hellip;]<\/p>\n","protected":false},"author":21,"featured_media":46121,"comment_status":"open","ping_status":"closed","sticky":false,"template":"","format":"standard","meta":{"footnotes":""},"categories":[957,51,826,958,954,935],"tags":[79,58,53,567,147,545,87,148,27,483,1347],"class_list":["post-46120","post","type-post","status-publish","format-standard","has-post-thumbnail","hentry","category-autonomia","category-autor","category-medios-libres-2","category-megaproyectos","category-mexico","category-temas","tag-autonomia","tag-derechos-humanos","tag-justicia","tag-megaproyectos","tag-militarizacion","tag-pueblos-indigenas","tag-represion","tag-resistencia","tag-solidaridad","tag-tierra-y-territorio","tag-yucatan"],"_links":{"self":[{"href":"https:\/\/radiozapatista.org\/index.php?rest_route=\/wp\/v2\/posts\/46120","targetHints":{"allow":["GET"]}}],"collection":[{"href":"https:\/\/radiozapatista.org\/index.php?rest_route=\/wp\/v2\/posts"}],"about":[{"href":"https:\/\/radiozapatista.org\/index.php?rest_route=\/wp\/v2\/types\/post"}],"author":[{"embeddable":true,"href":"https:\/\/radiozapatista.org\/index.php?rest_route=\/wp\/v2\/users\/21"}],"replies":[{"embeddable":true,"href":"https:\/\/radiozapatista.org\/index.php?rest_route=%2Fwp%2Fv2%2Fcomments&post=46120"}],"version-history":[{"count":2,"href":"https:\/\/radiozapatista.org\/index.php?rest_route=\/wp\/v2\/posts\/46120\/revisions"}],"predecessor-version":[{"id":46124,"href":"https:\/\/radiozapatista.org\/index.php?rest_route=\/wp\/v2\/posts\/46120\/revisions\/46124"}],"wp:featuredmedia":[{"embeddable":true,"href":"https:\/\/radiozapatista.org\/index.php?rest_route=\/wp\/v2\/media\/46121"}],"wp:attachment":[{"href":"https:\/\/radiozapatista.org\/index.php?rest_route=%2Fwp%2Fv2%2Fmedia&parent=46120"}],"wp:term":[{"taxonomy":"category","embeddable":true,"href":"https:\/\/radiozapatista.org\/index.php?rest_route=%2Fwp%2Fv2%2Fcategories&post=46120"},{"taxonomy":"post_tag","embeddable":true,"href":"https:\/\/radiozapatista.org\/index.php?rest_route=%2Fwp%2Fv2%2Ftags&post=46120"}],"curies":[{"name":"wp","href":"https:\/\/api.w.org\/{rel}","templated":true}]}}