{"id":45865,"date":"2023-07-24T11:12:08","date_gmt":"2023-07-24T17:12:08","guid":{"rendered":"https:\/\/radiozapatista.org\/?p=45865"},"modified":"2023-07-24T11:12:08","modified_gmt":"2023-07-24T17:12:08","slug":"ecuador-recurre-al-ejercito-para-que-empresa-canadiense-pueda-explotar-oro","status":"publish","type":"post","link":"https:\/\/radiozapatista.org\/?p=45865","title":{"rendered":"Ecuador recurre al ej\u00e9rcito para que empresa canadiense pueda explotar oro"},"content":{"rendered":"<p>Fuente: <a href=\"https:\/\/avispa.org\/ecuador-recurre-al-ejercito-para-que-empresa-canadiense-pueda-explotar-oro\/\">Avispa Midia<\/a><\/p>\n<p>Por \u00d1an\u00ed Pinto<\/p>\n<p>Comunidades ind\u00edgenas y campesinas de Ecuador denuncian al gobierno por el uso de las fuerzas armadas para ejecutar una supuesta \u201cconsulta ambiental\u201d, propuesta emitida por el mandatario de este pa\u00eds, Guillermo Lasso, mediante el decreto 754, para dar paso a la explotaci\u00f3n del proyecto minero La Plata, en manos de la empresa canadiense Atico Mining.<\/p>\n<p>Los habitantes de la parroquia de Palo Quemado en la provincia del Cotopaxi, regi\u00f3n central de Ecuador, junto a la Confederaci\u00f3n de Nacionalidades Ind\u00edgenas del Ecuador (CONAIE), han denunciado que el gobierno de Lasso ha militarizado la regi\u00f3n para llevar acabo esta consulta que permitir\u00e1 a la canadiense Atico Mining explotar oro, cobre, plata y zinc en un \u00e1rea que comprende 2 mil 222 hect\u00e1reas, entre las comunidades San Pablo de La Plata y Las Minas.<\/p>\n<p>Cabe destacar que en est\u00e1 regi\u00f3n confluyen 10 cuerpos h\u00eddricos, esteros y quebradas, y un ecosistema de bosque que hace parte de la Cordillera Occidental de los Andes, del cual dependen diversas poblaciones.<\/p>\n<p>Las acciones contra estas comunidades comenzaron desde el 9 de julio en la parroquia Palo Quemado y se mantienen hasta el cierre de este reportaje. Los inconformes denuncian que el gobierno \u201cbusca imponer por la fuerza una consulta ambiental ilegal, propuesta mediante el decreto 754 que permite la inmersi\u00f3n minera en los territorios\u201d.<\/p>\n<p>Estas comunidades han calificado el decreto 754 como \u201cinconstitucional\u201d porque, arguyen, \u201cfacilita a las empresas mineras el despojo de los territorios sin importarles la opini\u00f3n y decisi\u00f3n de las comunidades inconsultas\u201d.<\/p>\n<p>Tras esta imposici\u00f3n diversas expresiones de resistencia se han sumado al rechazo de este proyecto, como activistas, artistas y personalidades reconocidas en Ecuador. La organizaci\u00f3n Acci\u00f3n Ecol\u00f3gica se ha pronunciado en unidad \u201cpara exigir que se detenga esta consulta ilegal. As\u00ed tambi\u00e9n el retiro inmediato de la Fuerza P\u00fablica que ha tomado posesi\u00f3n de la parroquia originando tensi\u00f3n y miedo en la poblaci\u00f3n y en las comunidades aleda\u00f1as como Las Pampas, Gal\u00e1pagos, La Florida, Las Juntas, Campo Alegre Alto y Bajo\u201d, han denunciado en un comunicado.<\/p>\n<h3 id=\"h-la-plata\" class=\"has-black-color has-text-color\"><strong>La\u00a0<\/strong><strong>P<\/strong><strong>lata<\/strong><\/h3>\n<p>El proyecto minero La Plata es un proyecto de sulfuros masivos volcanog\u00e9nicos que tiene proyectado extraer 12,9 gramos de oro por cada tonelada extra\u00edda de roca y otros componentes minerales. Con el m\u00e9todo de la minera subterr\u00e1nea, que va perforando mediante t\u00faneles y va rellenado con una mezcla de cemento, la empresa tiene proyectado extraer 900 toneladas diariamente.<\/p>\n<p>La empresa canadiense por su parte ha informado que ya ha invertido m\u00e1s de 16 millones de d\u00f3lares para actividades previas, realizadas \u201ccon altos est\u00e1ndares t\u00e9cnicos y con maquinaria m\u00ednimamente invasiva\u201d. No obstante, las comunidades afectadas se han movilizado para rechazar este proyecto minero por los posibles impactos negativos hacia toda la regi\u00f3n, por ello se han declarado en \u201calerta\u201d.<\/p>\n<p>Solo en la provincia del Cotopaxi existen alrededor de 250 concesiones mineras ubicadas en tres cantones.<\/p>\n<p>Por tanto, comunica la CONAIE, \u201cexigimos al gobierno nacional de Guillermo Lasso la derogatoria del decreto754 que es inconstitucional, retirar a la fuerza p\u00fablica del territorio comunitario y que \u00e9ste contingente salga a enfrentar a la inseguridad del pa\u00eds y no sirva para amedrentar a agricultores, campesinos y familias que sostienen la soberan\u00eda alimentaria en el pa\u00eds\u201d.<\/p>","protected":false},"excerpt":{"rendered":"<p>Fuente: Avispa Midia Por \u00d1an\u00ed Pinto Comunidades ind\u00edgenas y campesinas de Ecuador denuncian al gobierno por el uso de las fuerzas armadas para ejecutar una supuesta \u201cconsulta ambiental\u201d, propuesta emitida por el mandatario de este pa\u00eds, Guillermo Lasso, mediante el decreto 754, para dar paso a la explotaci\u00f3n del proyecto minero La Plata, en manos [&hellip;]<\/p>\n","protected":false},"author":21,"featured_media":45866,"comment_status":"open","ping_status":"closed","sticky":false,"template":"","format":"standard","meta":{"footnotes":""},"categories":[957,51,1284,826,958,935],"tags":[58,53,1305,567,147,23,37,545,148,483],"class_list":["post-45865","post","type-post","status-publish","format-standard","has-post-thumbnail","hentry","category-autonomia","category-autor","category-latinoamerica","category-medios-libres-2","category-megaproyectos","category-temas","tag-derechos-humanos","tag-justicia","tag-latinoamerica","tag-megaproyectos","tag-militarizacion","tag-paramilitares","tag-presos-politicos","tag-pueblos-indigenas","tag-resistencia","tag-tierra-y-territorio"],"_links":{"self":[{"href":"https:\/\/radiozapatista.org\/index.php?rest_route=\/wp\/v2\/posts\/45865","targetHints":{"allow":["GET"]}}],"collection":[{"href":"https:\/\/radiozapatista.org\/index.php?rest_route=\/wp\/v2\/posts"}],"about":[{"href":"https:\/\/radiozapatista.org\/index.php?rest_route=\/wp\/v2\/types\/post"}],"author":[{"embeddable":true,"href":"https:\/\/radiozapatista.org\/index.php?rest_route=\/wp\/v2\/users\/21"}],"replies":[{"embeddable":true,"href":"https:\/\/radiozapatista.org\/index.php?rest_route=%2Fwp%2Fv2%2Fcomments&post=45865"}],"version-history":[{"count":1,"href":"https:\/\/radiozapatista.org\/index.php?rest_route=\/wp\/v2\/posts\/45865\/revisions"}],"predecessor-version":[{"id":45867,"href":"https:\/\/radiozapatista.org\/index.php?rest_route=\/wp\/v2\/posts\/45865\/revisions\/45867"}],"wp:featuredmedia":[{"embeddable":true,"href":"https:\/\/radiozapatista.org\/index.php?rest_route=\/wp\/v2\/media\/45866"}],"wp:attachment":[{"href":"https:\/\/radiozapatista.org\/index.php?rest_route=%2Fwp%2Fv2%2Fmedia&parent=45865"}],"wp:term":[{"taxonomy":"category","embeddable":true,"href":"https:\/\/radiozapatista.org\/index.php?rest_route=%2Fwp%2Fv2%2Fcategories&post=45865"},{"taxonomy":"post_tag","embeddable":true,"href":"https:\/\/radiozapatista.org\/index.php?rest_route=%2Fwp%2Fv2%2Ftags&post=45865"}],"curies":[{"name":"wp","href":"https:\/\/api.w.org\/{rel}","templated":true}]}}