{"id":45854,"date":"2023-07-20T13:26:53","date_gmt":"2023-07-20T19:26:53","guid":{"rendered":"https:\/\/radiozapatista.org\/?p=45854"},"modified":"2023-07-20T13:26:53","modified_gmt":"2023-07-20T19:26:53","slug":"31-julio-1-agosto-cdmx-invitacion-foro-nacional-contra-la-guerra-del-horror-de-la-guerra-a-la-resistencia-por-la-vida","status":"publish","type":"post","link":"https:\/\/radiozapatista.org\/?p=45854","title":{"rendered":"[31 julio &#8211; 1 agosto, CDMX] INVITACI\u00d3N Foro Nacional Contra la Guerra. Del Horror de la Guerra a la Resistencia por la Vida."},"content":{"rendered":"<p>Con este foro buscamos proveer informaci\u00f3n y convocar a la sociedad a reconocer que, en M\u00e9xico, y particularmente en Chiapas, se vive una guerra. Violencia, Justicia, Paz y Arte, son los ejes tem\u00e1ticos que ser\u00e1n analizados en cuatro mesas de trabajo, con el fin de aportar herramientas que permitan combatir las violencias y promover la justicia y la paz con autonom\u00eda, desde abajo!<\/p>\n<p style=\"text-align: center;\"><strong>31 de julio y 1 de agosto<\/strong><br \/>\n<strong> Centro ProDH, Ciudad de M\u00e9xico.<\/strong><\/p>\n<p style=\"text-align: center;\">CONVOCA Coordinaci\u00f3n Nacional Alto a la Guerra Contra los Pueblos Zapatistas<\/p>\n<p style=\"text-align: center;\"><a href=\"https:\/\/radiozapatista.org\/wp-content\/uploads\/2023\/07\/photo_2023-07-20_13-22-58.jpg\"><img loading=\"lazy\" decoding=\"async\" class=\"aligncenter size-large wp-image-45855\" src=\"https:\/\/radiozapatista.org\/wp-content\/uploads\/2023\/07\/photo_2023-07-20_13-22-58-1024x1024.jpg\" alt=\"\" width=\"1024\" height=\"1024\" srcset=\"https:\/\/radiozapatista.org\/wp-content\/uploads\/2023\/07\/photo_2023-07-20_13-22-58-1024x1024.jpg 1024w, https:\/\/radiozapatista.org\/wp-content\/uploads\/2023\/07\/photo_2023-07-20_13-22-58-150x150.jpg 150w, https:\/\/radiozapatista.org\/wp-content\/uploads\/2023\/07\/photo_2023-07-20_13-22-58-300x300.jpg 300w, https:\/\/radiozapatista.org\/wp-content\/uploads\/2023\/07\/photo_2023-07-20_13-22-58-768x768.jpg 768w, https:\/\/radiozapatista.org\/wp-content\/uploads\/2023\/07\/photo_2023-07-20_13-22-58.jpg 1280w\" sizes=\"auto, (max-width: 1024px) 100vw, 1024px\" \/><\/a><\/p>\n<p><\/p>","protected":false},"excerpt":{"rendered":"<p>Con este foro buscamos proveer informaci\u00f3n y convocar a la sociedad a reconocer que, en M\u00e9xico, y particularmente en Chiapas, se vive una guerra. Violencia, Justicia, Paz y Arte, son los ejes tem\u00e1ticos que ser\u00e1n analizados en cuatro mesas de trabajo, con el fin de aportar herramientas que permitan combatir las violencias y promover la [&hellip;]<\/p>\n","protected":false},"author":1,"featured_media":0,"comment_status":"open","ping_status":"closed","sticky":false,"template":"","format":"standard","meta":{"footnotes":""},"categories":[6,955,954,183],"tags":[917,926,204,260,23],"class_list":["post-45854","post","type-post","status-publish","format-standard","hentry","category-chiapas","category-ezln-temas","category-mexico","category-blog","tag-chiapas","tag-ezln","tag-guerra","tag-orcao","tag-paramilitares"],"_links":{"self":[{"href":"https:\/\/radiozapatista.org\/index.php?rest_route=\/wp\/v2\/posts\/45854","targetHints":{"allow":["GET"]}}],"collection":[{"href":"https:\/\/radiozapatista.org\/index.php?rest_route=\/wp\/v2\/posts"}],"about":[{"href":"https:\/\/radiozapatista.org\/index.php?rest_route=\/wp\/v2\/types\/post"}],"author":[{"embeddable":true,"href":"https:\/\/radiozapatista.org\/index.php?rest_route=\/wp\/v2\/users\/1"}],"replies":[{"embeddable":true,"href":"https:\/\/radiozapatista.org\/index.php?rest_route=%2Fwp%2Fv2%2Fcomments&post=45854"}],"version-history":[{"count":1,"href":"https:\/\/radiozapatista.org\/index.php?rest_route=\/wp\/v2\/posts\/45854\/revisions"}],"predecessor-version":[{"id":45856,"href":"https:\/\/radiozapatista.org\/index.php?rest_route=\/wp\/v2\/posts\/45854\/revisions\/45856"}],"wp:attachment":[{"href":"https:\/\/radiozapatista.org\/index.php?rest_route=%2Fwp%2Fv2%2Fmedia&parent=45854"}],"wp:term":[{"taxonomy":"category","embeddable":true,"href":"https:\/\/radiozapatista.org\/index.php?rest_route=%2Fwp%2Fv2%2Fcategories&post=45854"},{"taxonomy":"post_tag","embeddable":true,"href":"https:\/\/radiozapatista.org\/index.php?rest_route=%2Fwp%2Fv2%2Ftags&post=45854"}],"curies":[{"name":"wp","href":"https:\/\/api.w.org\/{rel}","templated":true}]}}