{"id":45829,"date":"2023-07-20T09:22:25","date_gmt":"2023-07-20T15:22:25","guid":{"rendered":"https:\/\/radiozapatista.org\/?p=45829"},"modified":"2023-07-20T09:25:48","modified_gmt":"2023-07-20T15:25:48","slug":"adolfo-gilly-subcomandante-marcos-carlo-ginzburg-discusion-sobre-la-historia","status":"publish","type":"post","link":"https:\/\/radiozapatista.org\/?p=45829","title":{"rendered":"[:es]Adolfo Gilly, Subcomandante Marcos, Carlo Ginzburg: Discusi\u00f3n sobre la historia[:]"},"content":{"rendered":"<p>[:es]En homenaje al reci\u00e9n fallecido compa\u00f1ero Adolfo Gilly, quien tanto aport\u00f3 al pensamiento cr\u00edtico en nuestro pa\u00eds, compartimos aqu\u00ed el libro <strong><em><a href=\"https:\/\/radiozapatista.org\/wp-content\/uploads\/2023\/07\/Discuci\u00f3n-sobre-la-historia.pdf\" target=\"_blank\" rel=\"noopener\">Discusi\u00f3n sobre la historia<\/a><\/em><\/strong>, por Adolfo Gilly, Subcomandante Insurgente Marcos y Carlo Ginzburg. Agradecimientos a Archivo Obrero por compartir la obra, que a\u00f1adimos a nuestra colecci\u00f3n de <a href=\"https:\/\/radiozapatista.org\/?page_id=20465\"><strong>libros para descargar<\/strong><\/a>.<\/p>\n<p style=\"text-align: center;\"><a href=\"https:\/\/radiozapatista.org\/wp-content\/uploads\/2023\/07\/Discuci%C3%B3n-sobre-la-historia.pdf\" target=\"_blank\" rel=\"noopener\"><img loading=\"lazy\" decoding=\"async\" class=\"alignnone size-large\" src=\"https:\/\/radiozapatista.org\/wp-content\/uploads\/2023\/07\/gilly-marcos.jpg\" width=\"150\" height=\"234\" \/><br \/>\nLee o descarga el libro aqu\u00ed.<\/a><\/p>\n<p><em><a href=\"https:\/\/radiozapatista.org\/wp-content\/uploads\/2023\/07\/Discuci\u00f3n-sobre-la-historia.pdf\" target=\"_blank\" rel=\"noopener\">Discusi\u00f3n sobre la historia<\/a><\/em> es el resultado de un intercambio epistolar en torno al ensayo del historiador italiano Carlo Ginzburg, \u201cSe\u00f1ales, Ra\u00edces de un paradigma indiciario\u201d. Gilly hizo llegar este ensayo al Subcomandante Marcos. En octubre de 1994, \u00e9ste respondi\u00f3 con un extenso comentario. En febrero de 1995, Gilly escribi\u00f3 a su vez al Subcomandante sus opiniones y razones sobre el trabajo del historiador italiano. En este libro se presentan los tres escritos. Un ap\u00e9ndice cierra el volumen: la historia de Marcos y de los or\u00edgenes de la implantaci\u00f3n zapatista entre la scomunidades ind\u00edgenas de Chiapas, contada por el Subcomandante a Tessa Brisac y Carmen Castillo.[:]<\/p>\n","protected":false},"excerpt":{"rendered":"<p>[:es]En homenaje al reci\u00e9n fallecido compa\u00f1ero Adolfo Gilly, quien tanto aport\u00f3 al pensamiento cr\u00edtico en nuestro pa\u00eds, compartimos aqu\u00ed el libro Discusi\u00f3n sobre la historia, por Adolfo Gilly, Subcomandante Insurgente Marcos y Carlo Ginzburg. Agradecimientos a Archivo Obrero por compartir la obra, que a\u00f1adimos a nuestra colecci\u00f3n de libros para descargar. Lee o descarga el [&hellip;]<\/p>\n","protected":false},"author":1,"featured_media":45836,"comment_status":"open","ping_status":"closed","sticky":false,"template":"","format":"standard","meta":{"footnotes":""},"categories":[957,6,955,953,190],"tags":[1424,1101,219],"class_list":["post-45829","post","type-post","status-publish","format-standard","has-post-thumbnail","hentry","category-autonomia","category-chiapas","category-ezln-temas","category-mundo","category-radiozapatista","tag-historia","tag-libros","tag-subcomandante-marcos"],"_links":{"self":[{"href":"https:\/\/radiozapatista.org\/index.php?rest_route=\/wp\/v2\/posts\/45829","targetHints":{"allow":["GET"]}}],"collection":[{"href":"https:\/\/radiozapatista.org\/index.php?rest_route=\/wp\/v2\/posts"}],"about":[{"href":"https:\/\/radiozapatista.org\/index.php?rest_route=\/wp\/v2\/types\/post"}],"author":[{"embeddable":true,"href":"https:\/\/radiozapatista.org\/index.php?rest_route=\/wp\/v2\/users\/1"}],"replies":[{"embeddable":true,"href":"https:\/\/radiozapatista.org\/index.php?rest_route=%2Fwp%2Fv2%2Fcomments&post=45829"}],"version-history":[{"count":3,"href":"https:\/\/radiozapatista.org\/index.php?rest_route=\/wp\/v2\/posts\/45829\/revisions"}],"predecessor-version":[{"id":45838,"href":"https:\/\/radiozapatista.org\/index.php?rest_route=\/wp\/v2\/posts\/45829\/revisions\/45838"}],"wp:featuredmedia":[{"embeddable":true,"href":"https:\/\/radiozapatista.org\/index.php?rest_route=\/wp\/v2\/media\/45836"}],"wp:attachment":[{"href":"https:\/\/radiozapatista.org\/index.php?rest_route=%2Fwp%2Fv2%2Fmedia&parent=45829"}],"wp:term":[{"taxonomy":"category","embeddable":true,"href":"https:\/\/radiozapatista.org\/index.php?rest_route=%2Fwp%2Fv2%2Fcategories&post=45829"},{"taxonomy":"post_tag","embeddable":true,"href":"https:\/\/radiozapatista.org\/index.php?rest_route=%2Fwp%2Fv2%2Ftags&post=45829"}],"curies":[{"name":"wp","href":"https:\/\/api.w.org\/{rel}","templated":true}]}}