{"id":45812,"date":"2023-07-19T17:11:12","date_gmt":"2023-07-19T23:11:12","guid":{"rendered":"https:\/\/radiozapatista.org\/?p=45812"},"modified":"2023-07-20T08:11:39","modified_gmt":"2023-07-20T14:11:39","slug":"49-anos-en-busqueda-de-la-verdad-y-la-justicia","status":"publish","type":"post","link":"https:\/\/radiozapatista.org\/?p=45812","title":{"rendered":"[:es]\u00a149 a\u00f1os en b\u00fasqueda de la verdad y la justicia![:en]\u00a149 A\u00d1OS EN B\u00daSQUEDA DE LA VERDAD Y LA JUSTICIA![:]"},"content":{"rendered":"<p>[:es]A LA COMISI\u00d3N INTERAMERICANA DE DERECHOS HUMANOS<br \/>\nA LOS MEDIOS DE COMUNICACI\u00d3N<br \/>\nA LOS PUEBLOS DEL MUNDO<br \/>\nAL PUEBLO DE M\u00c9XICO<\/p>\n<p>Comunidades ind\u00edgenas a 19 de julio de 2023<\/p>\n<p>Han transcurrido 49 a\u00f1os de impunidad e injusticia, casi medio siglo en el que comunidades ind\u00edgenas incansablemente siguen buscando memoria, verdad y justicia para los desaparecidos del pueblo p\u2019urh\u00e9pecha:\u00a0 Jos\u00e9 de Jes\u00fas Guzm\u00e1n Jim\u00e9nez; y sus hijos Amafer, Sol\u00f3n Adenauer, Armando y Venustiano Guzm\u00e1n Cruz, los cinco originarios de la comunidad ind\u00edgena de Tarejero en Zacapu, Michoac\u00e1n, M\u00e9xico.<\/p>\n<p>Ellos fueron detenidos, torturados y desaparecidos en el mes de julio de 1974 por el Ej\u00e9rcito Mexicano y la entonces polic\u00eda pol\u00edtica, la Direcci\u00f3n Federal de Seguridad (DFS), siendo trasladados a la XXI Zona Militar en Morelia y posteriormente al Campo Militar No.1 en CDMX, por ser luchadores sociales, opositores pol\u00edticos y so\u00f1adores de un mundo mejor.<\/p>\n<p>Por casi cinco d\u00e9cadas, sus familiares, organizaciones no gubernamentales de los derechos humanos y comunidades originarias han exigido justicia para la familia Guzm\u00e1n Cruz, pero el Gobierno Federal ha respondido con negaci\u00f3n, indiferencia y represi\u00f3n.<\/p>\n<p>Hoy, el gobierno de la llamada 4T, contin\u00faa sin resolver las desapariciones forzadas por motivos pol\u00edticos ocurridas durante la segunda mitad del Siglo XX, las desapariciones de los defensores de los bosques y del territorio de las comunidades ind\u00edgenas y mucho menos, las miles de desapariciones acontecidas en los \u00faltimos sexenios. La impunidad e injusticia imperan en nuestro pa\u00eds y d\u00eda a d\u00eda la grave crisis de los derechos humanos aumenta. Si no hay justicia para los desaparecidos del pasado, mucho menos lo habr\u00e1 para los del presente.<\/p>\n<p><!--more-->Las desapariciones de 5 integrantes de la familia Guzm\u00e1n Cruz, fueron denunciadas ante instancias locales, estatales, nacionales e internacionales, a la fecha, el caso se encuentra en la Comisi\u00f3n Interamericana de Derechos Humanos #CIDH quien declar\u00f3 admisible el caso el 12 de julio de 2013, posteriormente, el 7\u00a0julio de 2017 se llevaron a cabo las audiencias de fondo y actualmente, el caso se encuentra en espera del dictamen final. 10 a\u00f1os lleva la familia Guzm\u00e1n luchando en instancias internacionales.<\/p>\n<p>Hoy como Congreso Nacional Ind\u00edgena #CNI y Concejo Ind\u00edgena de Gobierno #CIG, hacemos un llamado atento, en\u00e9rgico y urgente a la CIDH para que emita su resoluci\u00f3n de fondo, toda vez que la justicia retrasada, es justicia denegada. Ni perd\u00f3n ni olvido.<\/p>\n<p align=\"center\"><b>COMISI\u00d3N DE COORDINACI\u00d3N Y SEGUIMIENTO DEL<\/b><br \/>\n<b>CONGRESO NACIONAL IND\u00cdGENA Y CONCEJO IND\u00cdGENA DE GOBIERNO<\/b><\/p>\n<p>[:]<\/p>\n","protected":false},"excerpt":{"rendered":"<p>[:es]A LA COMISI\u00d3N INTERAMERICANA DE DERECHOS HUMANOS A LOS MEDIOS DE COMUNICACI\u00d3N A LOS PUEBLOS DEL MUNDO AL PUEBLO DE M\u00c9XICO Comunidades ind\u00edgenas a 19 de julio de 2023 Han transcurrido 49 a\u00f1os de impunidad e injusticia, casi medio siglo en el que comunidades ind\u00edgenas incansablemente siguen buscando memoria, verdad y justicia para los desaparecidos [&hellip;]<\/p>\n","protected":false},"author":21,"featured_media":37977,"comment_status":"open","ping_status":"closed","sticky":false,"template":"","format":"standard","meta":{"footnotes":""},"categories":[51,1024,943,1095,954,935],"tags":[58,53,147,23,545,87,148,27,483],"class_list":["post-45812","post","type-post","status-publish","format-standard","has-post-thumbnail","hentry","category-autor","category-cni-temas","category-cni","category-concejo-indigena-de-gobierno","category-mexico","category-temas","tag-derechos-humanos","tag-justicia","tag-militarizacion","tag-paramilitares","tag-pueblos-indigenas","tag-represion","tag-resistencia","tag-solidaridad","tag-tierra-y-territorio"],"_links":{"self":[{"href":"https:\/\/radiozapatista.org\/index.php?rest_route=\/wp\/v2\/posts\/45812","targetHints":{"allow":["GET"]}}],"collection":[{"href":"https:\/\/radiozapatista.org\/index.php?rest_route=\/wp\/v2\/posts"}],"about":[{"href":"https:\/\/radiozapatista.org\/index.php?rest_route=\/wp\/v2\/types\/post"}],"author":[{"embeddable":true,"href":"https:\/\/radiozapatista.org\/index.php?rest_route=\/wp\/v2\/users\/21"}],"replies":[{"embeddable":true,"href":"https:\/\/radiozapatista.org\/index.php?rest_route=%2Fwp%2Fv2%2Fcomments&post=45812"}],"version-history":[{"count":2,"href":"https:\/\/radiozapatista.org\/index.php?rest_route=\/wp\/v2\/posts\/45812\/revisions"}],"predecessor-version":[{"id":45820,"href":"https:\/\/radiozapatista.org\/index.php?rest_route=\/wp\/v2\/posts\/45812\/revisions\/45820"}],"wp:featuredmedia":[{"embeddable":true,"href":"https:\/\/radiozapatista.org\/index.php?rest_route=\/wp\/v2\/media\/37977"}],"wp:attachment":[{"href":"https:\/\/radiozapatista.org\/index.php?rest_route=%2Fwp%2Fv2%2Fmedia&parent=45812"}],"wp:term":[{"taxonomy":"category","embeddable":true,"href":"https:\/\/radiozapatista.org\/index.php?rest_route=%2Fwp%2Fv2%2Fcategories&post=45812"},{"taxonomy":"post_tag","embeddable":true,"href":"https:\/\/radiozapatista.org\/index.php?rest_route=%2Fwp%2Fv2%2Ftags&post=45812"}],"curies":[{"name":"wp","href":"https:\/\/api.w.org\/{rel}","templated":true}]}}