{"id":45806,"date":"2023-07-19T10:56:48","date_gmt":"2023-07-19T16:56:48","guid":{"rendered":"https:\/\/radiozapatista.org\/?p=45806"},"modified":"2023-07-19T10:56:48","modified_gmt":"2023-07-19T16:56:48","slug":"ecuador-no-es-consulta-es-violencia-minera","status":"publish","type":"post","link":"https:\/\/radiozapatista.org\/?p=45806","title":{"rendered":"Ecuador | No es consulta, es violencia minera"},"content":{"rendered":"<p>NO ES CONSULTA, ES VIOLENCIA MINERA<\/p>\n<p>Mientras la Corte Constitucional del Ecuador decida revisar la demanda de inconstitucionalidad interpuesta por la CONAIE, el gobierno de Lasso ha desplegado centenares de polic\u00edas y militares que intimiden y sometan a los pueblos del subtr\u00f3pico ecuatoriano cantones de Las Naves y Sigchos y con ello dar luz verde para la explotaci\u00f3n de los proyectos Curipamba &#8211; El Domo y La Plata.<\/p>\n<p>Proyectos ilegales e ileg\u00edtimos que han desencadenado un grave conflicto social y una amenaza para la provisi\u00f3n de agua de las comunidades y ciudades, la soberan\u00eda alimentaria y las econom\u00edas locales. Desde inicios de junio, con la ejecuci\u00f3n del #Decreto754 el Estado ecuatoriano ha cometido actos violentos que atentan contra los derechos humanos de las poblaciones campesinas, organizadas para defender el territorio frente al embate minero.<\/p>\n<p>Para imponerlo por medio de la fuerza y sin la existencia de una \u201cLey\u201d que viabilice una \u201cConsulta Ambiental\u201d con todas las garant\u00edas y par\u00e1metros ordenados por la ley, la Corte\u00a0 Constitucional y los tratados internacionales. El gobierno servil a los intereses de las transnacionales mineras, pretende convertir nuestro derecho a ser consultados de manera previa, libre e informada; en un tr\u00e1mite \u201cexpress\u201d y de esa manera explotar territorios en RESISTENCIA y oposici\u00f3n a la declaratoria de zonas de sacrificio minero.<\/p>\n<p>Una vez m\u00e1s, ante los ojos del Ecuador y el mundo, se evidencia que la violencia es una condici\u00f3n necesaria de la miner\u00eda y que no es sino a sangre y fuego la manera en la que se abre paso. Por tal motivo continuamos denunciando y haciendo p\u00fablico nuestro rechazo a las medidas de car\u00e1cter<br \/>\ndictatorial ejercidas por Lasso, el despliegue de los cuerpos de polic\u00edas y militares y el uso de la fuerza para sostener una proceso ilegal e inconstitucional, la persecuci\u00f3n y criminalizaci\u00f3n de comuneras y comuneros que defienden los derechos, el agua, el territorio, la soberan\u00eda alimentaria y la vida misma.<\/p>\n<p>Por ello responsabilizamos al gobierno de Lasso por la integridad, la seguridad y las vidas de las y los comuneros del cant\u00f3n Sigchos donde se prev\u00e9 esta semana imponer por la fuerza el decreto 754. Exhortamos a la Corte Constitucional del Ecuador SUSPENDER DE MANERA INMEDIATA los efectos del decreto 754, porque atenta contra la vida y la paz de miles de poblaciones ind\u00edgenas y campesinas amenazadas por la ilegalidad y violencia minera.<\/p>\n<p>Frente Nacional Antiminero<br \/>\n18 de julio de 2023<\/p>","protected":false},"excerpt":{"rendered":"<p>NO ES CONSULTA, ES VIOLENCIA MINERA Mientras la Corte Constitucional del Ecuador decida revisar la demanda de inconstitucionalidad interpuesta por la CONAIE, el gobierno de Lasso ha desplegado centenares de polic\u00edas y militares que intimiden y sometan a los pueblos del subtr\u00f3pico ecuatoriano cantones de Las Naves y Sigchos y con ello dar luz verde [&hellip;]<\/p>\n","protected":false},"author":21,"featured_media":45811,"comment_status":"open","ping_status":"closed","sticky":false,"template":"","format":"standard","meta":{"footnotes":""},"categories":[957,51,1284,826,958,935],"tags":[53,1305,567,147,23,545,87,148,27,483],"class_list":["post-45806","post","type-post","status-publish","format-standard","has-post-thumbnail","hentry","category-autonomia","category-autor","category-latinoamerica","category-medios-libres-2","category-megaproyectos","category-temas","tag-justicia","tag-latinoamerica","tag-megaproyectos","tag-militarizacion","tag-paramilitares","tag-pueblos-indigenas","tag-represion","tag-resistencia","tag-solidaridad","tag-tierra-y-territorio"],"_links":{"self":[{"href":"https:\/\/radiozapatista.org\/index.php?rest_route=\/wp\/v2\/posts\/45806","targetHints":{"allow":["GET"]}}],"collection":[{"href":"https:\/\/radiozapatista.org\/index.php?rest_route=\/wp\/v2\/posts"}],"about":[{"href":"https:\/\/radiozapatista.org\/index.php?rest_route=\/wp\/v2\/types\/post"}],"author":[{"embeddable":true,"href":"https:\/\/radiozapatista.org\/index.php?rest_route=\/wp\/v2\/users\/21"}],"replies":[{"embeddable":true,"href":"https:\/\/radiozapatista.org\/index.php?rest_route=%2Fwp%2Fv2%2Fcomments&post=45806"}],"version-history":[{"count":3,"href":"https:\/\/radiozapatista.org\/index.php?rest_route=\/wp\/v2\/posts\/45806\/revisions"}],"predecessor-version":[{"id":45809,"href":"https:\/\/radiozapatista.org\/index.php?rest_route=\/wp\/v2\/posts\/45806\/revisions\/45809"}],"wp:featuredmedia":[{"embeddable":true,"href":"https:\/\/radiozapatista.org\/index.php?rest_route=\/wp\/v2\/media\/45811"}],"wp:attachment":[{"href":"https:\/\/radiozapatista.org\/index.php?rest_route=%2Fwp%2Fv2%2Fmedia&parent=45806"}],"wp:term":[{"taxonomy":"category","embeddable":true,"href":"https:\/\/radiozapatista.org\/index.php?rest_route=%2Fwp%2Fv2%2Fcategories&post=45806"},{"taxonomy":"post_tag","embeddable":true,"href":"https:\/\/radiozapatista.org\/index.php?rest_route=%2Fwp%2Fv2%2Ftags&post=45806"}],"curies":[{"name":"wp","href":"https:\/\/api.w.org\/{rel}","templated":true}]}}