{"id":45765,"date":"2023-07-12T19:52:38","date_gmt":"2023-07-13T01:52:38","guid":{"rendered":"https:\/\/radiozapatista.org\/?p=45765"},"modified":"2023-07-20T08:47:17","modified_gmt":"2023-07-20T14:47:17","slug":"invitacion-al-planton-alto-a-la-guerra-contra-las-comunidades-zapatistas-cdmx","status":"publish","type":"post","link":"https:\/\/radiozapatista.org\/?p=45765","title":{"rendered":"Invitaci\u00f3n al plant\u00f3n: Alto a la Guerra contra las comunidades Zapatistas, CDMX"},"content":{"rendered":"<p><\/p>\n<p align=\"center\"><a href=\"https:\/\/radiozapatista.org\/?attachment_id=45766\" rel=\"attachment wp-att-45766\"><img loading=\"lazy\" decoding=\"async\" class=\"alignnone size-medium wp-image-45766\" src=\"https:\/\/radiozapatista.org\/wp-content\/uploads\/2023\/07\/plantonxzapatistas-240x300.jpg\" alt=\"\" width=\"240\" height=\"300\" srcset=\"https:\/\/radiozapatista.org\/wp-content\/uploads\/2023\/07\/plantonxzapatistas-240x300.jpg 240w, https:\/\/radiozapatista.org\/wp-content\/uploads\/2023\/07\/plantonxzapatistas-768x960.jpg 768w, https:\/\/radiozapatista.org\/wp-content\/uploads\/2023\/07\/plantonxzapatistas.jpg 800w\" sizes=\"auto, (max-width: 240px) 100vw, 240px\" \/><\/a><\/p>\n<p>15 de Julio, 12 Hrs.<br \/>\nZ\u00f3calo, CDMX<\/p>\n<p>En el marco de la Acci\u00f3n Global \u201cDel HORROR de la GUERRA a la RESISTENCIA por la VIDA\u201d.<\/p>\n<p>INVITAMOS a los colectivos, redes, pueblos, comunidades e individu@s, a sumar su Arte, Resistencia y Rebeld\u00eda\u201d en contra de la Guerra que desde arriba imponen los due\u00f1os del poder y del dinero, a nuestr@s herman@s zapatistas. Te esperamos este 15 de julio, a partir de la 12:00 Hrs. y hasta que el cuerpo aguante, en el Z\u00f3calo de la CDMX, frente a Palacio Nacional, donde realizaremos diversas actividades y si quieres participar ap\u00fantate y comun\u00edcate por este medio.<\/p>\n<p>No olvidemos, que contra las Guerras Capitalistas: \u201cArte, Resistencia y Rebeld\u00eda\u201d<\/p>\n<p>Viva el #CNI, Viva el #CIG, Viva el #EZLN Alto a la GUERRA contra los Pueblos Zapatistas<\/p>\n<p>#ORCAOesPARAMILITAR<br \/>\n<\/p>","protected":false},"excerpt":{"rendered":"<p>15 de Julio, 12 Hrs. Z\u00f3calo, CDMX En el marco de la Acci\u00f3n Global \u201cDel HORROR de la GUERRA a la RESISTENCIA por la VIDA\u201d. INVITAMOS a los colectivos, redes, pueblos, comunidades e individu@s, a sumar su Arte, Resistencia y Rebeld\u00eda\u201d en contra de la Guerra que desde arriba imponen los due\u00f1os del poder y [&hellip;]<\/p>\n","protected":false},"author":21,"featured_media":45767,"comment_status":"open","ping_status":"closed","sticky":false,"template":"","format":"standard","meta":{"footnotes":""},"categories":[957,51,6,1024,955,826,958,954,935],"tags":[79,917,63,36,926,53,567,147,260,23,37,545,87,148,27,483],"class_list":["post-45765","post","type-post","status-publish","format-standard","has-post-thumbnail","hentry","category-autonomia","category-autor","category-chiapas","category-cni-temas","category-ezln-temas","category-medios-libres-2","category-megaproyectos","category-mexico","category-temas","tag-autonomia","tag-chiapas","tag-cni","tag-comunidades-zapatistas","tag-ezln","tag-justicia","tag-megaproyectos","tag-militarizacion","tag-orcao","tag-paramilitares","tag-presos-politicos","tag-pueblos-indigenas","tag-represion","tag-resistencia","tag-solidaridad","tag-tierra-y-territorio"],"_links":{"self":[{"href":"https:\/\/radiozapatista.org\/index.php?rest_route=\/wp\/v2\/posts\/45765","targetHints":{"allow":["GET"]}}],"collection":[{"href":"https:\/\/radiozapatista.org\/index.php?rest_route=\/wp\/v2\/posts"}],"about":[{"href":"https:\/\/radiozapatista.org\/index.php?rest_route=\/wp\/v2\/types\/post"}],"author":[{"embeddable":true,"href":"https:\/\/radiozapatista.org\/index.php?rest_route=\/wp\/v2\/users\/21"}],"replies":[{"embeddable":true,"href":"https:\/\/radiozapatista.org\/index.php?rest_route=%2Fwp%2Fv2%2Fcomments&post=45765"}],"version-history":[{"count":2,"href":"https:\/\/radiozapatista.org\/index.php?rest_route=\/wp\/v2\/posts\/45765\/revisions"}],"predecessor-version":[{"id":45826,"href":"https:\/\/radiozapatista.org\/index.php?rest_route=\/wp\/v2\/posts\/45765\/revisions\/45826"}],"wp:featuredmedia":[{"embeddable":true,"href":"https:\/\/radiozapatista.org\/index.php?rest_route=\/wp\/v2\/media\/45767"}],"wp:attachment":[{"href":"https:\/\/radiozapatista.org\/index.php?rest_route=%2Fwp%2Fv2%2Fmedia&parent=45765"}],"wp:term":[{"taxonomy":"category","embeddable":true,"href":"https:\/\/radiozapatista.org\/index.php?rest_route=%2Fwp%2Fv2%2Fcategories&post=45765"},{"taxonomy":"post_tag","embeddable":true,"href":"https:\/\/radiozapatista.org\/index.php?rest_route=%2Fwp%2Fv2%2Ftags&post=45765"}],"curies":[{"name":"wp","href":"https:\/\/api.w.org\/{rel}","templated":true}]}}