{"id":45756,"date":"2023-07-07T15:41:33","date_gmt":"2023-07-07T21:41:33","guid":{"rendered":"https:\/\/radiozapatista.org\/?p=45756"},"modified":"2023-07-07T15:41:33","modified_gmt":"2023-07-07T21:41:33","slug":"la-megamineria-ha-demostrado-el-fracaso-en-toda-la-argentina","status":"publish","type":"post","link":"https:\/\/radiozapatista.org\/?p=45756","title":{"rendered":"La megaminer\u00eda ha demostrado el fracaso en toda la Argentina"},"content":{"rendered":"<p>Fuente: <a href=\"https:\/\/avispa.org\/la-megamineria-ha-demostrado-el-fracaso-en-toda-la-argentina\/\">Avispa Midia<\/a><\/p>\n<div class=\"tdb-block-inner td-fix-index\">\n<p><em><sup>por Dar\u00edo Aranda<\/sup><\/em><\/p>\n<p>Andalgal\u00e1 es el caso testigo de la megaminer\u00eda en Argentina. All\u00ed se instal\u00f3, en pleno menemismo, Minera Alumbrera. Fueron m\u00e1s de 25 a\u00f1os de explotaci\u00f3n sin cumplir las promesas de trabajo, desarrollo local, ni cuidado del ambiente. Andalgal\u00e1 tambi\u00e9n es un epicentro de la resistencia: desde hace m\u00e1s de veinte a\u00f1os se movilizan en rechazo al extractivismo. Llevan 696 caminatas (cada s\u00e1bado) en defensa del agua y la vida. Y est\u00e1n en alerta por la llegada de la multinacional Pan American Silver (PAS), que intenta explotar el cuestionado proyecto MARA (Minera Agua Rica-Alumbrera), a s\u00f3lo 17 kil\u00f3metros de la ciudad y donde nacen los r\u00edos que brindan agua a la regi\u00f3n.<\/p>\n<p>El cartel es enorme, blanco con letras negras y ubicado en un lugar estrat\u00e9gico, en la esquina de la plaza 9 de Julio, pleno centro de Andalgal\u00e1: \u201cEn defensa del agua y de la vida. Andalgal\u00e1 libre de megaminer\u00eda\u201d. Y debajo de una bandera de Argentina, aporta otro concepto: \u201cM\u00e1s letal que el Covid-19 es la corrupci\u00f3n de los gobiernos y de las mineras\u201d. Resume el clima que se palpa en esta ciudad, la segunda en cantidad de poblaci\u00f3n (luego de la capital provincial). El mensaje refleja buena parte del sentir de la poblaci\u00f3n, que -desde la llegada de la actividad- sufri\u00f3 una decena de represiones, judicializaci\u00f3n y la modificaci\u00f3n radical de su forma tradicional de vida.<\/p>\n<p>En ese contexto, se conoci\u00f3 que la multinacional canadiense Pan American Silver (la mayor empresa de plata del mundo) adquiri\u00f3 a la minera Yamana Gold, principal accionista del proyecto MARA. El comunicado corporativo informa: \u201cSe complet\u00f3 la adquisici\u00f3n de Yamana Gold. Se espera un aumento significativo en la producci\u00f3n de plata y oro y mejores m\u00e1rgenes operativos\u201d. El proyecto MARA (antes llamado solo Agua Rica) estaba en manos del consorcio de Yamana Gold, Glencore y Newmon. La incorporaci\u00f3n de PAS intentar\u00eda darle impulso.<\/p>\n<p>Sergio Mart\u00ednez, de la Asamblea El Algarrobo -hist\u00f3rico espacio en lucha por la defensa del agua- recuerda que el proyecto minero MARA es \u201cilegal\u201d porque est\u00e1 en zona protegida por la Ley Nacional de Glaciares (26.639) y precisa la vigencia de la ordenanza 029 que protege los r\u00edos de Andalgal\u00e1. \u201cSiempre les decimos a estas empresas, sea PAS o sea Yamana, que no permitiremos la explotaci\u00f3n de estos proyectos, porque violan derechos humanos, porque est\u00e1 en juego nuestra el agua y la vida del pueblo\u201d, afirma.<\/p>\n<p class=\"has-luminous-vivid-orange-color has-text-color\"><a href=\"https:\/\/avispa.org\/el-costo-social-y-ambiental-de-la-megamineria-de-litio-en-argentina\/\" target=\"_blank\" rel=\"noreferrer noopener\">T<\/a><a href=\"https:\/\/avispa.org\/el-costo-social-y-ambiental-de-la-megamineria-de-litio-en-argentina\/\">e puede interesar &#8211; El costo social y ambiental de la megaminer\u00eda de litio en Argentina<\/a><\/p>\n<p>La organizaci\u00f3n canadiense <em>Mining Watch<\/em> sigue de cerca el accionar de la empresa y emiti\u00f3 un comunicado en el marco de la reuni\u00f3n anual de accionistas de la empresa: \u201cPan American Silver adquiere m\u00e1s activos t\u00f3xicos con la fusi\u00f3n con Yamana. La empresa ha declarado un compromiso con los derechos humanos, pero este discurso es contrario a su patr\u00f3n de adquisici\u00f3n de activos con historial de violaciones de derechos ind\u00edgenas, violencia y fuerte oposici\u00f3n local\u201d.<\/p>\n<p>El malestar contra la megaminer\u00eda en Andalgal\u00e1 tuvo un punto alto en abril de 2021, cuando ardi\u00f3 la sede de Yamana Gold. Sobrevino m\u00e1s represi\u00f3n: una decena de vecinos y vecinas (la mayor parte integrantes de la Asamblea El Algarrobo) fueron apresados durante dos semanas, sin ninguna prueba de haber sido culpables del incendio. En mayo de 2022 tambi\u00e9n hubo dos represiones en la vecina localidad de Choya, donde cerraban el paso a la minera. El Poder Judicial volvi\u00f3 a criminalizar a los vecinos: hubo decenas de judicializados. No es casual que en Andalgal\u00e1 se afirma, por el incumplimiento de derechos, de la vigencia de una \u201cdictadura minera\u201d.<\/p>\n<p>Rosa Far\u00edas, abuela y parte de Asamblea El Algarrobo, remarca que seguir\u00e1 la lucha contra la megaminer\u00eda porque saben que el proyecto MARA pone en riesgo a toda la poblaci\u00f3n de Andalgal\u00e1. \u201cNo es agradable enterarse de la llegada de PAS, sabemos que es una empresa poderosa y que tiene el aval del Gobierno, ambos hacen como que no existimos, no nos escuchan, pero haremos respetar nuestros derechos, de nuestros hijos y nietos\u201d, advierte.<\/p>\n<p>\u201cFuera, fuera, fuera las mineras\u201d, es el grito que resuena cada s\u00e1bado al atardecer en Andalgal\u00e1. Desde hace m\u00e1s de 10 a\u00f1os es un rito el caminar alrededor de la Plaza 9 de Julio con decenas de pancartas y banderas que grafican el rechazo al extractivismo. Sergio Mart\u00ednez resume el pasado y presente: \u201cLa megaminer\u00eda ha demostrado el fracaso en toda la Argentina, no solo con Alumbrera en Andalgal\u00e1. No pueden demostrar que no destruyen, que no contaminan y que no nos saquean. Es un sistema de destrucci\u00f3n, contaminaci\u00f3n y saqueo que no es viable como modelo de desarrollo para Andalgal\u00e1 ni para ning\u00fan lugar del pa\u00eds\u201d.<\/p>\n<p class=\"has-luminous-vivid-orange-color has-text-color\"><a href=\"https:\/\/avispa.org\/prometieron-sacar-de-la-pobreza-a-argentina-con-el-fracking-ahora-son-mas-pobres\/\" target=\"_blank\" rel=\"noreferrer noopener\">Te puede int<\/a><a href=\"https:\/\/avispa.org\/prometieron-sacar-de-la-pobreza-a-argentina-con-el-fracking-ahora-son-mas-pobres\/\">eresar &#8211; Prometieron sacar de la pobreza a Argentina con el fracking; ahora son m\u00e1s pobres<\/a><\/p>\n<p>El mismo Mart\u00ednez aporta un dato m\u00e1s de \u201clas mentiras\u201d de empresas y gobiernos, en base al propio presupuesto oficial: las regal\u00edas por la megaminer\u00eda representan solo el 1,68 del presupuesto provincial. Recuerda que el 1 de julio se cumplieron 700 caminatas en Andalgal\u00e1, donde volvieron a flamear dos banderas hist\u00f3ricas: \u201cEl agua vale m\u00e1s que el oro\u201d y \u201cAndalgal\u00e1 no se vende. El Aconquija no se toca\u201d.<\/p>\n<p>Pan American Silver es una compa\u00f1\u00eda ya conocida en Argentina y Am\u00e9rica Latina. Desde hace 15 a\u00f1os intenta la explotaci\u00f3n en Chubut el proyecto de plata y plomo llamado Navidad. Cont\u00f3 con el apoyo de todos los gobiernos (provinciales y nacionales), pero no pudo avanzar por el amplio rechazo de la poblaci\u00f3n. Un hecho hist\u00f3rico se dio en diciembre de 2021, con una movilizaci\u00f3n popular conocida como \u201cel chubutazo\u201d, cuando tras siete d\u00edas de movilizaci\u00f3n en las calles (e incluso incendio parcial de la Casa de Gobierno), el gobernador Mariano Arcioni tuvo que dar marcha atr\u00e1s y restituir las restricciones a la megaminer\u00eda.<\/p>\n<p><em><a href=\"https:\/\/www.pagina12.com.ar\/565275-la-megamineria-ha-demostrado-el-fracaso-en-toda-la-argentina\" target=\"_blank\" rel=\"noreferrer noopener\"><sup>Una versi\u00f3n de ese texto se public\u00f3 en P\u00e1gina 12<\/sup><\/a><\/em><\/p>\n<\/div>\n<p><\/p>","protected":false},"excerpt":{"rendered":"<p>Fuente: Avispa Midia por Dar\u00edo Aranda Andalgal\u00e1 es el caso testigo de la megaminer\u00eda en Argentina. All\u00ed se instal\u00f3, en pleno menemismo, Minera Alumbrera. Fueron m\u00e1s de 25 a\u00f1os de explotaci\u00f3n sin cumplir las promesas de trabajo, desarrollo local, ni cuidado del ambiente. Andalgal\u00e1 tambi\u00e9n es un epicentro de la resistencia: desde hace m\u00e1s de [&hellip;]<\/p>\n","protected":false},"author":21,"featured_media":45757,"comment_status":"open","ping_status":"closed","sticky":false,"template":"","format":"standard","meta":{"footnotes":""},"categories":[51,1284,826,958,935],"tags":[58,53,1305,567,147,545,87,148,27,483],"class_list":["post-45756","post","type-post","status-publish","format-standard","has-post-thumbnail","hentry","category-autor","category-latinoamerica","category-medios-libres-2","category-megaproyectos","category-temas","tag-derechos-humanos","tag-justicia","tag-latinoamerica","tag-megaproyectos","tag-militarizacion","tag-pueblos-indigenas","tag-represion","tag-resistencia","tag-solidaridad","tag-tierra-y-territorio"],"_links":{"self":[{"href":"https:\/\/radiozapatista.org\/index.php?rest_route=\/wp\/v2\/posts\/45756","targetHints":{"allow":["GET"]}}],"collection":[{"href":"https:\/\/radiozapatista.org\/index.php?rest_route=\/wp\/v2\/posts"}],"about":[{"href":"https:\/\/radiozapatista.org\/index.php?rest_route=\/wp\/v2\/types\/post"}],"author":[{"embeddable":true,"href":"https:\/\/radiozapatista.org\/index.php?rest_route=\/wp\/v2\/users\/21"}],"replies":[{"embeddable":true,"href":"https:\/\/radiozapatista.org\/index.php?rest_route=%2Fwp%2Fv2%2Fcomments&post=45756"}],"version-history":[{"count":1,"href":"https:\/\/radiozapatista.org\/index.php?rest_route=\/wp\/v2\/posts\/45756\/revisions"}],"predecessor-version":[{"id":45758,"href":"https:\/\/radiozapatista.org\/index.php?rest_route=\/wp\/v2\/posts\/45756\/revisions\/45758"}],"wp:featuredmedia":[{"embeddable":true,"href":"https:\/\/radiozapatista.org\/index.php?rest_route=\/wp\/v2\/media\/45757"}],"wp:attachment":[{"href":"https:\/\/radiozapatista.org\/index.php?rest_route=%2Fwp%2Fv2%2Fmedia&parent=45756"}],"wp:term":[{"taxonomy":"category","embeddable":true,"href":"https:\/\/radiozapatista.org\/index.php?rest_route=%2Fwp%2Fv2%2Fcategories&post=45756"},{"taxonomy":"post_tag","embeddable":true,"href":"https:\/\/radiozapatista.org\/index.php?rest_route=%2Fwp%2Fv2%2Ftags&post=45756"}],"curies":[{"name":"wp","href":"https:\/\/api.w.org\/{rel}","templated":true}]}}