{"id":45747,"date":"2023-07-06T20:07:23","date_gmt":"2023-07-07T02:07:23","guid":{"rendered":"https:\/\/radiozapatista.org\/?p=45747"},"modified":"2023-07-06T20:07:23","modified_gmt":"2023-07-07T02:07:23","slug":"jose-diaz-base-de-apoyo-del-ezln-es-victima-de-fabrica-de-culpables-por-la-fiscalia-de-chiapas","status":"publish","type":"post","link":"https:\/\/radiozapatista.org\/?p=45747","title":{"rendered":"Jos\u00e9 D\u00edaz, Base de Apoyo del EZLN, es v\u00edctima de f\u00e1brica de culpables por la Fiscal\u00eda de Chiapas"},"content":{"rendered":"<p><\/p>\n<div class=\"field field--name-body field--type-text-with-summary field--label-hidden field__item\">\n<p align=\"right\"><span lang=\"ES\" xml:lang=\"ES\">San Crist\u00f3bal de Las Casas, Chiapas<\/span><\/p>\n<p align=\"right\"><span lang=\"ES\" xml:lang=\"ES\">6 de julio de 2023<\/span><\/p>\n<p align=\"right\">\n<p align=\"right\"><b><span lang=\"ES\" xml:lang=\"ES\">Bolet\u00edn No. 16<\/span><\/b><\/p>\n<p>&nbsp;<\/p>\n<p>&nbsp;<\/p>\n<p align=\"center\"><b><span lang=\"ES\" xml:lang=\"ES\">Jos\u00e9 D\u00edaz, Base de Apoyo del EZLN, es v\u00edctima de f\u00e1brica de culpables por la FGE<\/span><\/b><\/p>\n<p>&nbsp;<\/p>\n<ul>\n<li><b><span lang=\"ES\" xml:lang=\"ES\">Ocho meses Privado Arbitrariamente de su Libertad, sin garant\u00eda de una defensa adecuada y juicio justo por parte del Poder Judicial del Estado de Chiapas.<\/span><\/b><\/li>\n<li><b><span lang=\"ES\" xml:lang=\"ES\">Cuatro BAEZLN en riesgo inminente de ser arbitrariamente detenidos.<\/span><\/b><\/li>\n<\/ul>\n<p>&nbsp;<\/p>\n<p><span lang=\"ES\" xml:lang=\"ES\">El Centro de Derechos Humanos Fray Bartolom\u00e9 de Las Casas (Frayba), exige la libertad inmediata del Base de Apoyo del Ej\u00e9rcito Zapatista de Liberaci\u00f3n Nacional (BAEZLN) Jos\u00e9 D\u00edaz G\u00f3mez (Jos\u00e9 D\u00edaz), quien lleva ocho meses Privado Arbitrariamente de su Libertad en el Centro Estatal de Reinserci\u00f3n Social de Sentenciados No. 17 &#8220;El Bamb\u00fa&#8221;, en Catazaj\u00e1, Chiapas.<\/span><\/p>\n<p><span lang=\"ES\" xml:lang=\"ES\">Jos\u00e9 D\u00edaz<\/span><span lang=\"ES\" xml:lang=\"ES\">, ind\u00edgena Cho\u00b4l, originario de la Rancher\u00eda \u201cEl Trapiche\u201d, ubicado en el municipio oficial de Salto de agua, perteneciente al municipio aut\u00f3nomo Francisco Villa, Junta de Buen Gobierno \u201cQue habla para todos\u201d, Caracol V, Roberto Barrios, es un campesino detenido de manera arbitraria y con se\u00f1ales de uso excesivo de la fuerza, tortura, tratos crueles, inhumanos y degradantes, en su momento desaparecido forzadamente e incomunicado por parte de elementos de la polic\u00eda especializada adscritos a la Fiscal\u00eda del Distrito Selva quienes llevaron a cabo la orden aprehensi\u00f3n. <\/span><\/p>\n<p><span lang=\"ES\" xml:lang=\"ES\">El Poder Judicial del Estado de Chiapas, le ha vulnerado la garant\u00eda al debido proceso, acusado del delito de robo ejecutado con violencia. Adem\u00e1s, existen \u00f3rdenes de aprehensi\u00f3n por el mismo delito en contra de otros cuatro BAEZLN, que los ponen en inminente riesgo a su dignidad y derecho humano a la libertad, lo anterior, como una forma de intimidaci\u00f3n y acoso a la autonom\u00eda zapatista.<\/span><\/p>\n<p><span lang=\"ES\" xml:lang=\"ES\">El Frayba document\u00f3 que el 25 de noviembre de 2022<a id=\"_ftnref1\" title=\"\" href=\"https:\/\/frayba.org.mx\/boletin_16_jose_diaz_BAEZLN#_ftn1\" name=\"_ftnref1\"><span class=\"Ancladenotaalpie\">[1]<\/span><\/a>, Jos\u00e9 D\u00edaz fue detenido aproximadamente a las 16:00 horas, en el municipio de Salto de Agua, Chiapas. En compa\u00f1\u00eda de un familiar, fueron interceptados por una camioneta de color negra, con polic\u00edas abordo, le ense\u00f1aron una supuesta orden de aprehensi\u00f3n, lo subieron a la g\u00f3ndola de la camioneta, esposado, vendado de los ojos, golpeado en varias partes de su cuerpo, fue despojado de 1,400.00 pesos, cartera y su credencial.<\/span><\/p>\n<p><span lang=\"ES\" xml:lang=\"ES\">Fue trasladado a la Fiscal\u00eda en el municipio de Palenque, Chiapas donde le obligaron a poner su huella y firmar varios papeles en blanco, refiere que en todo momento no fue asistido por un traductor de su lengua originaria, ni mucho menos por un abogado. All\u00ed permaneci\u00f3 detenido los d\u00edas 25 y 26 de noviembre.<\/span> <span lang=\"ES\" xml:lang=\"ES\">El 27 de noviembre le realizaron una audiencia dando inicio su proceso judicial, ese d\u00eda le cambiaron de ropa, y ah\u00ed mismo se enter\u00f3 que lo acusan de un supuesto robo agravado por la cantidad de 22 mil pesos en septiembre de 2022.<\/span><\/p>\n<p><span lang=\"ES\" xml:lang=\"ES\">El Frayba evidenci\u00f3 la situaci\u00f3n jur\u00eddica, en donde existe contradicci\u00f3n de modo, tiempo y lugar frente a la detenci\u00f3n ejecutada por los polic\u00edas adscritos a la Fiscal\u00eda del Distrito Selva; en la Carpeta de Investigaci\u00f3n refiere que la detenci\u00f3n de Jos\u00e9 D\u00edaz fue el 27 de noviembre a las 21:05 horas en el municipio de Palenque, evidenci\u00e1ndose las contradicciones sobre su verdadera detenci\u00f3n, v<\/span><span lang=\"ES\" xml:lang=\"ES\">ulnerando sus derechos humanos, bajo una detenci\u00f3n ilegal, arbitrar\u00eda y con acciones de tortura, tratos crueles, inhumanos y degradantes, desaparici\u00f3n forzada e incomunicaci\u00f3n.<\/span><\/p>\n<p><span lang=\"ES\" xml:lang=\"ES\">Por otra parte, la Fiscal\u00eda del Distrito Selva solicit\u00f3 una orden de aprehensi\u00f3n con datos de prueba deficientes y sin apego a los principios <a id=\"__DdeLink__505_451188904\" name=\"__DdeLink__505_451188904\"><\/a>de eficacia, profesionalismo y objetividad, en la que no se encontraron mayores indicios para asumir la responsabilidad penal directa.<\/span><\/p>\n<p><span lang=\"ES\" xml:lang=\"ES\">Actualmente Jos\u00e9 D\u00edaz, est\u00e1 en espera de llevar a cabo su audiencia de etapa intermedia, ya que la Fiscal\u00eda solicit\u00f3 plazos de investigaci\u00f3n complementaria desde diciembre de 2022, sin embargo, la situaci\u00f3n de dilaci\u00f3n procesal, criminalizaci\u00f3n y contubernio de autoridades trae como consecuencia el riesgo de seguir privado ilegalmente de su libertad por m\u00e1s de 1 a\u00f1o.<\/span><\/p>\n<p><span lang=\"ES\" xml:lang=\"ES\">Exigimos a la Fiscal\u00eda el desistimiento de la acci\u00f3n penal perpetrada en contra de Jos\u00e9 D\u00edaz ind\u00edgena Cho\u00b4l, con fines de criminalizarlo de manera injusta y mantenerlo privado de su libertad.<\/span><\/p>\n<p><span lang=\"ES\" xml:lang=\"ES\">Hacemos un llamado a las personas, colectivos, organizaciones nacionales e internacionales a solidarizarse y a exigir a la Fiscal\u00eda General y Poder Judicial del Estado la Libertad Inmediata del compa\u00f1ero Jos\u00e9 D\u00edaz G\u00f3mez BAEZLN.<\/span><\/p>\n<p>&nbsp;<\/p>\n<p align=\"center\"><b><span lang=\"ES\" xml:lang=\"ES\">-*-<\/span><\/b><\/p>\n<p>&nbsp;<\/p>\n<div>\n<hr align=\"left\" size=\"1\" width=\"33%\" \/>\n<div id=\"ftn1\">\n<p><a id=\"_ftn1\" title=\"\" href=\"https:\/\/frayba.org.mx\/boletin_16_jose_diaz_BAEZLN#_ftnref1\" name=\"_ftn1\"><span lang=\"ES\" xml:lang=\"ES\">[1]<\/span><\/a> <span lang=\"ES\" xml:lang=\"ES\">(sobre la detenci\u00f3n hay un documento enviado por el Juez rural aut\u00f3nomo de Francisco Villa) citado textualmente: \u201cJos\u00e9<i> D\u00edaz es BAEZLN, edad 44 a\u00f1os viven en Trapiche municipio de salto de agua, Chiapas detenido el viernes 25 de noviembre a las 5 pm no sabemos porque motivo lo detuvieron que sea urgente la b\u00fasqueda<\/i>\u201d<\/span><\/p>\n<\/div>\n<\/div>\n<\/div>\n<div class=\"field field--name-field-adjunto field--type-file field--label-hidden field__item\"><span class=\"file file--mime-application-pdf file--application-pdf\"><a title=\"230706_jose_dias_boletin16.pdf\" href=\"https:\/\/frayba.org.mx\/sites\/default\/files\/2023-07\/230706_jose_dias_boletin16.pdf\" type=\"application\/pdf\">Descarga el Bolet\u00edn No. 16 en PDF<\/a><\/span>(145.34 KB)<\/div>\n<p><\/p>","protected":false},"excerpt":{"rendered":"<p>San Crist\u00f3bal de Las Casas, Chiapas 6 de julio de 2023 Bolet\u00edn No. 16 &nbsp; &nbsp; Jos\u00e9 D\u00edaz, Base de Apoyo del EZLN, es v\u00edctima de f\u00e1brica de culpables por la FGE &nbsp; Ocho meses Privado Arbitrariamente de su Libertad, sin garant\u00eda de una defensa adecuada y juicio justo por parte del Poder Judicial del [&hellip;]<\/p>\n","protected":false},"author":21,"featured_media":45748,"comment_status":"open","ping_status":"closed","sticky":false,"template":"","format":"standard","meta":{"footnotes":""},"categories":[957,51,6,955,55,958,935],"tags":[79,917,36,58,53,567,147,23,37,545,87,148,27,483],"class_list":["post-45747","post","type-post","status-publish","format-standard","has-post-thumbnail","hentry","category-autonomia","category-autor","category-chiapas","category-ezln-temas","category-frayba","category-megaproyectos","category-temas","tag-autonomia","tag-chiapas","tag-comunidades-zapatistas","tag-derechos-humanos","tag-justicia","tag-megaproyectos","tag-militarizacion","tag-paramilitares","tag-presos-politicos","tag-pueblos-indigenas","tag-represion","tag-resistencia","tag-solidaridad","tag-tierra-y-territorio"],"_links":{"self":[{"href":"https:\/\/radiozapatista.org\/index.php?rest_route=\/wp\/v2\/posts\/45747","targetHints":{"allow":["GET"]}}],"collection":[{"href":"https:\/\/radiozapatista.org\/index.php?rest_route=\/wp\/v2\/posts"}],"about":[{"href":"https:\/\/radiozapatista.org\/index.php?rest_route=\/wp\/v2\/types\/post"}],"author":[{"embeddable":true,"href":"https:\/\/radiozapatista.org\/index.php?rest_route=\/wp\/v2\/users\/21"}],"replies":[{"embeddable":true,"href":"https:\/\/radiozapatista.org\/index.php?rest_route=%2Fwp%2Fv2%2Fcomments&post=45747"}],"version-history":[{"count":1,"href":"https:\/\/radiozapatista.org\/index.php?rest_route=\/wp\/v2\/posts\/45747\/revisions"}],"predecessor-version":[{"id":45749,"href":"https:\/\/radiozapatista.org\/index.php?rest_route=\/wp\/v2\/posts\/45747\/revisions\/45749"}],"wp:featuredmedia":[{"embeddable":true,"href":"https:\/\/radiozapatista.org\/index.php?rest_route=\/wp\/v2\/media\/45748"}],"wp:attachment":[{"href":"https:\/\/radiozapatista.org\/index.php?rest_route=%2Fwp%2Fv2%2Fmedia&parent=45747"}],"wp:term":[{"taxonomy":"category","embeddable":true,"href":"https:\/\/radiozapatista.org\/index.php?rest_route=%2Fwp%2Fv2%2Fcategories&post=45747"},{"taxonomy":"post_tag","embeddable":true,"href":"https:\/\/radiozapatista.org\/index.php?rest_route=%2Fwp%2Fv2%2Ftags&post=45747"}],"curies":[{"name":"wp","href":"https:\/\/api.w.org\/{rel}","templated":true}]}}