{"id":45666,"date":"2023-06-27T20:43:12","date_gmt":"2023-06-28T02:43:12","guid":{"rendered":"https:\/\/radiozapatista.org\/?p=45666"},"modified":"2023-06-27T20:43:12","modified_gmt":"2023-06-28T02:43:12","slug":"carta-de-cgt-al-embajador-de-mexico-en-espana-contra-los-ataques-a-las-comunidades-zapatistas","status":"publish","type":"post","link":"https:\/\/radiozapatista.org\/?p=45666","title":{"rendered":"Carta de CGT al embajador de M\u00e9xico en Espa\u00f1a contra los ataques a las comunidades zapatistas"},"content":{"rendered":"<p><\/p>\n<div class=\"content\">\n<p>Madrid, a 26 de Junio de 2023<\/p>\n<p>A.A. \u2013 D. Quirino Ordaz Coppel<\/p>\n<p>Embajador de Los Estados Unidos Mexicanos en el Reino de Espa\u00f1a.<\/p>\n<p><strong>\u00a0<\/strong><\/p>\n<p>Nos dirigimos nuevamente a usted como m\u00e1ximo representante de Los Estados Unidos Mexicanos en el Reino de Espa\u00f1a, para trasladarle nuestra preocupaci\u00f3n, nuestro rechazo y tambi\u00e9n nuestra indignaci\u00f3n ante los nuevos y graves hostigamientos con violencia que se est\u00e1n desarrollando en el Estado de Chiapas y m\u00e1s concretamente contra las Comunidades Zapatistas.<\/p>\n<p>Como bien sabr\u00e1, la organizaci\u00f3n a la que represento, la Confederaci\u00f3n General del Trabajo (CGT), mantiene durante bastantes a\u00f1os una estrecha relaci\u00f3n con el Zapatismo. Durante todos estos a\u00f1os hemos podido conocer de primera mano y en el propio terreno las realidades y necesidades de las Comunidades Zapatistas y c\u00f3mo han ido desarrollando sus proyectos de vida comunitaria, bas\u00e1ndose en una organizaci\u00f3n democr\u00e1tica para satisfacer las necesidades b\u00e1sicas de todo ser humano como son la SALUD, JUSTICIA, DEMOCRACIA, TECHO, EDUCACI\u00d3N, TIERRA, PAZ, ALIMENTACI\u00d3N, TRABAJO COMUNICACI\u00d3N, INDEPENDENCIA, CULTURA. Al mismo tiempo, tambi\u00e9n hemos visto las respuestas gubernamentales de los diferentes gobiernos ante las justas propuestas de las Comunidades Zapatista, respuestas basadas en la militarizaci\u00f3n y la represi\u00f3n.<\/p>\n<p>Y es en la represi\u00f3n que est\u00e1 ejerciendo su gobierno donde queremos centrarnos, ya que no entendemos como un \u201cGobierno Progresista\u201d como el que dirige el presidente de su pa\u00eds D. Andr\u00e9s Manuel L\u00f3pez Obrador, puede estar reprimiendo de esa manera a su pueblo.<\/p>\n<p>Hace menos de un mes ya le enviamos una carta para manifestar nuestro rechazo a los ataques con arma de fuego realizados en la Comunidad Zapatista Mois\u00e9s Gandhi. En dicho ataque fue gravemente herido el compa\u00f1ero Jorge L\u00f3pez S\u00e1ntiz, con perforaci\u00f3n en el diafragma, tres orificios en el intestino grueso y perforaciones en el est\u00f3mago y en el bazo. Y ahora nos volvemos a dirigir a usted porque los hostigamientos, las balaceras y las agresiones no han cesado.<\/p>\n<p>El estado de salud de nuestro compa\u00f1ero, Base de Apoyo, Jorge L\u00f3pez S\u00e1nti contin\u00faa siendo d\u00e9bil. Necesita atenci\u00f3n especializada para su recuperaci\u00f3n y presenta una infecci\u00f3n que no fue advertida por el personal m\u00e9dico, as\u00ed como una herida abierta. El funcionamiento de su intestino sigue sin ser el adecuado y requiere de tratamientos, medicamentos y cuidados especializados para una adecuada cicatrizaci\u00f3n.<\/p>\n<p><strong>Como le coment\u00e1bamos anteriormente los hostigamientos y agresiones no han cesado. La Red Nacional de Organismos Civiles de Derechos Humanos \u201cTodos los Derechos para Todas y Todos\u201d reporta los siguientes hostigamientos en las \u00faltimas fechas:<\/strong><\/p>\n<ul>\n<li><strong>Del 19 al 22 de junio de 2023, integrantes de la Organizaci\u00f3n de Cafeticultores de Ocosingo (Orcao), realizan ataques con riesgo para las Comunidades Zapatistas Emiliano Zapata, San Isidro y Mois\u00e9s y Gandhi. Los ataques van desde la quema de parcelas hasta ataques armados.<\/strong><\/li>\n<li><strong>Desde el 19 de junio aproximadamente a las 14:00 horas, el grupo armado dispar\u00f3 desde San Felipe y San Antonio Las Flores. Se contabilizan 67 detonaciones de armas de fuego de alto calibre y 13 de bajo Tambi\u00e9n hay quema de las parcelas en las que trabajan las familias Bases de Apoyo del Ej\u00e9rcito Zapatista de Liberaci\u00f3n Nacional (EZLN).<\/strong><\/li>\n<li><strong>El 21 de junio de 2023, los ataques de la ORCAO comenzaron a las 12:50 horas, para las 18:50 horas sumaban al menos 716 disparos de diferentes calibres. Atacan simult\u00e1neamente las Comunidades Zapatistas de Emiliano Zapata, San Isidro y a Mois\u00e9s y En esta \u00faltima incendiaron la parcela adjunta a la Escuela Secundaria Aut\u00f3noma y que se encuentra a escasos 50 metros de las casas de las familias zapatistas.<\/strong><\/li>\n<li><strong>Hasta el 22 de junio, en la Junta de Buen Gobierno Nuevo Amanecer en Resistencia y Rebeld\u00eda por la Vida y la Humanidad, Caracol 10, Floreciendo la Semilla Rebelde, con sede en Patria Nueva, (municipio oficial de Ocosingo), Chiapas, han contabilizado 25 disparos alto calibre y 20 bajo<\/strong><\/li>\n<\/ul>\n<p>&nbsp;<\/p>\n<p>Ante semejante situaci\u00f3n de violencia no entendemos la pasividad gubernamental, no entendemos que esta violencia hacia las Comunidades Zapatistas se siga permitiendo cuando tienen la zona extremadamente militarizada. Seg\u00fan el Informe Frayba 2023 llamado \u201cChiapas un desastre. Entre\u00a0 la\u00a0 violencia\u00a0 criminal\u00a0 y\u00a0 la complicidad\u00a0 de\u00a0 un\u00a0 Estado\u201d,\u00a0 su\u00a0 gobierno mantiene en el Estado de Chiapas 71 campamentos militares con 8500 efectivos entre Secretar\u00eda de la Marina (Semar), Guardia Nacional (GN) y Secretar\u00eda de la Defensa Nacional (Sedena) y con previsi\u00f3n de aumentar la presencia militar en este a\u00f1o 2023. A lo que hay que a\u00f1adir los efectivos del Ej\u00e9rcito Mexicano. La cifra es escandalosa seg\u00fan datos que aporta el citado informe de Amnist\u00eda Internacional en el Estado de Chiapas mantienen casi la mitad de efectivos que en todo el pa\u00eds, no siendo Chiapas un estado de los m\u00e1s violentos.<\/p>\n<p>Pero lo m\u00e1s alarmante es que esta presencia militar no combate al crimen organizado, siendo incapaz de frenar los ataques\u00a0 de organizaciones paramilitares como la ORCAO a las Comunidades Zapatistas y que sin embargo, aumenta los niveles de alcoholismo, prostituci\u00f3n, consumo de drogas y el acoso y la violencia sexual a las mujeres por parte de los efectivos militares, contribuyendo as\u00ed a la fragmentaci\u00f3n del tejido social.<\/p>\n<p>Y es precisamente eso lo que llevan haciendo los diferentes gobiernos desde 1994, incluido el del Sr. L\u00f3pez Obrador, responder con guerra y violencia a todo un proceso organizativo desde abajo y pac\u00edfico.\u00a0 El pueblo se presenta con su palabra y ustedes le responden con represi\u00f3n: el \u00fanico lenguaje que conoce el poder.<\/p>\n<p><strong>Por todo lo expuesto les trasladamos las siguientes exigencias que requieren de urgencia:<\/strong><\/p>\n<ul>\n<li><strong>Garantizar de manera urgente la vida, seguridad e integridad f\u00edsica y psicol\u00f3gica de las familias Bases de Apoyo de la Regi\u00f3n de Mois\u00e9s y Gandh\u00ed.<\/strong><\/li>\n<li><strong>Que se contin\u00fae la atenci\u00f3n m\u00e9dica integral y de calidad de Jorge L\u00f3pez S\u00e1ntiz, a fin de salvaguardar su vida e integridad f\u00edsica y psicol\u00f3gica.<\/strong><\/li>\n<li><strong>Investigar y deslindar responsabilidades por el hecho delictivo de intento de homicidio y ataques armados perpetrados en contra de los habitantes de las comunidades que integran la Regi\u00f3n de Mois\u00e9s y Gandhi.<\/strong><\/li>\n<li><strong>El cese inmediato de los ataques armados contra las Bases de Apoyo del Ej\u00e9rcito Zapatista de Liberaci\u00f3n Nacional.<\/strong><\/li>\n<\/ul>\n<p>&nbsp;<\/p>\n<p>De toda esta degradaci\u00f3n social y del aumento de la violencia son ustedes responsables. La historia juzgar\u00e1 a su gobierno como c\u00f3mplice de la violencia y de llevar a la poblaci\u00f3n a una guerra civil. La historia colocar\u00e1 a su \u201cgobierno progresista\u201d alejado del pueblo y pr\u00f3ximo a un modelo desarrollista y de explotaci\u00f3n de empresas cuyo fin es consolidar un r\u00e9gimen totalitario disfrazado de progresismo.<\/p>\n<p><strong>Atentamente,<\/strong><\/p>\n<p><strong>David Blanco P\u00e9rez-Longares<\/strong><\/p>\n<p><strong>Secretario de Relaciones Internacionales de la CGT<\/strong><\/p>\n<\/div>\n<div class=\"alert alert-info d-block\"><a href=\"https:\/\/cgt.org.es\/wp-content\/uploads\/2023\/06\/Carta-Embajada-Mexico-1.pdf\" target=\"_blank\" rel=\"noopener\">\u00a0https:\/\/cgt.org.es\/wp-content\/uploads\/2023\/06\/Carta-Embajada-Mexico-1.pdf <\/a><\/div>\n<div class=\"float-left mt-30 p-2 border\"><img decoding=\"async\" src=\"https:\/\/cgt.org.es\/wp-content\/uploads\/2023\/06\/red-cgt-cartel8-junio-1-scaled-1100x0-c-default.jpg\" alt=\"Carta de CGT al embajador de M\u00e9xico en Espa\u00f1a contra los ataques a las comunidades zapatistas\" \/><\/div>\n<p><\/p>","protected":false},"excerpt":{"rendered":"<p>Madrid, a 26 de Junio de 2023 A.A. \u2013 D. Quirino Ordaz Coppel Embajador de Los Estados Unidos Mexicanos en el Reino de Espa\u00f1a. \u00a0 Nos dirigimos nuevamente a usted como m\u00e1ximo representante de Los Estados Unidos Mexicanos en el Reino de Espa\u00f1a, para trasladarle nuestra preocupaci\u00f3n, nuestro rechazo y tambi\u00e9n nuestra indignaci\u00f3n ante los [&hellip;]<\/p>\n","protected":false},"author":21,"featured_media":45667,"comment_status":"open","ping_status":"closed","sticky":false,"template":"","format":"standard","meta":{"footnotes":""},"categories":[957,51,6,955,826,958,954,953,935],"tags":[79,917,36,58,926,53,567,147,23,37,545,87,148,27,483],"class_list":["post-45666","post","type-post","status-publish","format-standard","has-post-thumbnail","hentry","category-autonomia","category-autor","category-chiapas","category-ezln-temas","category-medios-libres-2","category-megaproyectos","category-mexico","category-mundo","category-temas","tag-autonomia","tag-chiapas","tag-comunidades-zapatistas","tag-derechos-humanos","tag-ezln","tag-justicia","tag-megaproyectos","tag-militarizacion","tag-paramilitares","tag-presos-politicos","tag-pueblos-indigenas","tag-represion","tag-resistencia","tag-solidaridad","tag-tierra-y-territorio"],"_links":{"self":[{"href":"https:\/\/radiozapatista.org\/index.php?rest_route=\/wp\/v2\/posts\/45666","targetHints":{"allow":["GET"]}}],"collection":[{"href":"https:\/\/radiozapatista.org\/index.php?rest_route=\/wp\/v2\/posts"}],"about":[{"href":"https:\/\/radiozapatista.org\/index.php?rest_route=\/wp\/v2\/types\/post"}],"author":[{"embeddable":true,"href":"https:\/\/radiozapatista.org\/index.php?rest_route=\/wp\/v2\/users\/21"}],"replies":[{"embeddable":true,"href":"https:\/\/radiozapatista.org\/index.php?rest_route=%2Fwp%2Fv2%2Fcomments&post=45666"}],"version-history":[{"count":1,"href":"https:\/\/radiozapatista.org\/index.php?rest_route=\/wp\/v2\/posts\/45666\/revisions"}],"predecessor-version":[{"id":45668,"href":"https:\/\/radiozapatista.org\/index.php?rest_route=\/wp\/v2\/posts\/45666\/revisions\/45668"}],"wp:featuredmedia":[{"embeddable":true,"href":"https:\/\/radiozapatista.org\/index.php?rest_route=\/wp\/v2\/media\/45667"}],"wp:attachment":[{"href":"https:\/\/radiozapatista.org\/index.php?rest_route=%2Fwp%2Fv2%2Fmedia&parent=45666"}],"wp:term":[{"taxonomy":"category","embeddable":true,"href":"https:\/\/radiozapatista.org\/index.php?rest_route=%2Fwp%2Fv2%2Fcategories&post=45666"},{"taxonomy":"post_tag","embeddable":true,"href":"https:\/\/radiozapatista.org\/index.php?rest_route=%2Fwp%2Fv2%2Ftags&post=45666"}],"curies":[{"name":"wp","href":"https:\/\/api.w.org\/{rel}","templated":true}]}}