{"id":45645,"date":"2023-06-22T20:17:21","date_gmt":"2023-06-23T02:17:21","guid":{"rendered":"https:\/\/radiozapatista.org\/?p=45645"},"modified":"2023-06-22T20:20:57","modified_gmt":"2023-06-23T02:20:57","slug":"nuevos-ataques-armados-en-3-comunidades-autonomas-zapatistas-de-la-region-moises-y-gandhi","status":"publish","type":"post","link":"https:\/\/radiozapatista.org\/?p=45645","title":{"rendered":"Nuevos ataques armados en 3 comunidades aut\u00f3nomas zapatistas de la Regi\u00f3n Mois\u00e9s y Gandhi"},"content":{"rendered":"<p><\/p>\n<p class=\"has-text-align-right\" style=\"text-align: right;\"><strong>22 de junio de 2023<br \/>\n<\/strong><strong>Acci\u00f3n Urgente 010<\/strong><\/p>\n<p><strong><em><a href=\"https:\/\/redtdt.org.mx\/archivos\/18465\" rel=\"noopener\" target=\"_blank\">Firma la petici\u00f3n aqu\u00ed<\/a><\/em><\/strong>.<\/p>\n<p><strong>Contin\u00faa en riesgo la salud de Jorge L\u00f3pez S\u00e1ntiz, Base de Apoyo Zapatista<\/strong><\/p>\n<p>Del 19 al 22 de junio de 2023, integrantes de la Organizaci\u00f3n de Cafeticultores de Ocosingo (Orcao), realizaron una serie de ataques que ponen en riesgo a tres comunidades zapatistas<sup>: <\/sup>Emiliano Zapata, San Isidro y Mois\u00e9s y Gandhi, que forman parte de la Regi\u00f3n Mois\u00e9s y Gandhi y est\u00e1n ubicadas en el municipio de Ocosingo, Chiapas: los ataques van desde la quema de parcelas hasta ataques armados que al momento de la emisi\u00f3n de esta Acci\u00f3n Urgente, no han frenado.<\/p>\n<p>Desde el 19 de junio aproximadamente a las 14:00 horas, el grupo armado dispar\u00f3 desde San Felipe y San Antonio Las Flores, contabilizando al menos 67 detonaciones de armas de fuego de alto calibre y 13 de bajo calibre, adem\u00e1s de la quema de las parcelas en las que trabajan las familias Bases de Apoyo del Ej\u00e9rcito Zapatista de Liberaci\u00f3n Nacional (EZLN)<\/p>\n<p>El 21 de junio de 2023, los ataques de la ORCAO comenzaron a las 12:50 horas, para las 18:50 horas sumaban al menos 716 disparos de diferentes calibres, simult\u00e1neamente atacaron a las comunidades zapatistas de Emiliano Zapata, San Isidro y a Mois\u00e9s y Gandhi; en esta \u00faltima incendiaron la parcela adjunta a la Escuela Secundaria Aut\u00f3noma, misma que se encuentra a escasos 50 metros de las casas de las familias zapatistas.<\/p>\n<p>A la emisi\u00f3n de esta Acci\u00f3n Urgente -para el 22 de junio- se han contabilizado 25 disparos alto calibre y 20 bajo calibre, con informaci\u00f3n documentada por la Junta de Buen Gobierno Nuevo Amanecer en Resistencia y Rebeld\u00eda por la Vida y la Humanidad, Caracol 10, Floreciendo la Semilla Rebelde, con sede en Patria Nueva, (municipio oficial de Ocosingo), Chiapas.<\/p>\n<p>Este d\u00eda se cumple un mes del ataque en donde result\u00f3 herido el Base de Apoyo Jorge L\u00f3pez S\u00e1ntiz, que a\u00fan se encuentra en un estado de salud delicado con la necesidad de manejo especializado para dar continuidad a su proceso de recuperaci\u00f3n.<\/p>\n<p>Respecto al estado de salud del Base de Apoyo zapatista, Jorge L\u00f3pez S\u00e1ntiz, egres\u00f3 del Hospital G\u00f3mez Maza el 5 de junio de 2023, despu\u00e9s de 10 d\u00edas de estar en terapia intensiva y 4 d\u00edas de estar en hospitalizaci\u00f3n. A su egreso a\u00fan presenta una infecci\u00f3n que no fue advertida por el personal m\u00e9dico, as\u00ed como una herida abierta. Las secuelas son graves, pues el funcionamiento de su intestino qued\u00f3 afectado. El proceso de recuperaci\u00f3n es lento, pues las complicaciones derivadas de la cirug\u00eda necesitan cuidados especializados para una cicatrizaci\u00f3n adecuada, as\u00ed como manejo con medicamentos antibi\u00f3ticos y analg\u00e9sicos.<\/p>\n<p>Desde la Red Nacional de Organismos Civiles de Derechos Humanos \u201cTodos los Derechos para Todas y Todos\u201d continuaremos documentando las agresiones a comunidades que ejercen sus derechos a la autonom\u00eda y libre determinaci\u00f3n como pueblos originarios, y se\u00f1alando la complicidad del Estado mexicano.<\/p>\n<p>Ante estos hechos exigimos con urgencia:<\/p>\n<ul>\n<li>Garantizar de manera emergente la vida, seguridad e integridad f\u00edsica y psicol\u00f3gica de las familias Bases de Apoyo de la Regi\u00f3n de Mois\u00e9s y Gandh\u00ed.<\/li>\n<li>Se contin\u00fae la atenci\u00f3n m\u00e9dica integral y de calidad de Jorge L\u00f3pez S\u00e1ntiz, a fin de salvaguardar su vida e integridad f\u00edsica y psicol\u00f3gica.<\/li>\n<li>Investigar y deslindar responsabilidades por el hecho delictivo de intento de homicidio y ataques armados perpetrados en contra de los habitantes de las comunidades que integran la Regi\u00f3n de Mois\u00e9s y Gandhi.<\/li>\n<li>Cese inmediato de los ataques armados contra las Bases de Apoyo del Ej\u00e9rcito Zapatista de Liberaci\u00f3n Nacional.<\/li>\n<\/ul>\n<p><strong>Antecedentes:<\/strong><\/p>\n<p>El 23 de mayo de 2023 presentamos la <a href=\"https:\/\/redtdt.org.mx\/archivos\/18337\">Acci\u00f3n Urgente 009<\/a>, en donde solicitamos a las autoridades su atenci\u00f3n inmediata y un cese a la violencia dirigida en contra de las comunidades aut\u00f3nomas zapatistas.<\/p>\n<p>En mayo de 2022 emitimos la<a href=\"https:\/\/redtdt.org.mx\/archivos\/17334\"> Acci\u00f3n Urgente 002-2022<\/a> \u00a0en donde se documentan diversos hechos de violencia en la comunidad, as\u00ed como el aumento de ataques armados, robo de cosechas, destrucci\u00f3n de bienes y desplazamiento forzado, con base en los testimonios de las personas pobladoras de la regi\u00f3n.<\/p>\n<p><strong>Solicitamos enviar sus llamamientos urgentes a:<\/strong><\/p>\n<p><strong>Lic. Andr\u00e9s Manuel L\u00f3pez Obrador.\u00a0<\/strong><br \/>\nPresidente Constitucional de M\u00e9xico<br \/>\nResidencia Oficial de los Pinos. Casa Miguel Alem\u00e1n. Col. San Miguel Chapultepec, C.P. 11850 Ciudad de M\u00e9xico.<br \/>\nFax: (+52) 55 5093 4901. Twitter: @lopezobrador_<\/p>\n<p><!--more--><strong>Luisa Mar\u00eda Alcalde<\/strong><br \/>\nSecretaria de Gobernaci\u00f3n de M\u00e9xico<br \/>\nBucareli 99, 1er. piso. Col. Ju\u00e1rez. Delegaci\u00f3n Cuauht\u00e9moc, C.P. 06600 Ciudad de M\u00e9xico.<br \/>\nCorreo: secretario@segob.gob.mx<\/p>\n<p><strong>Lic. Alejandro Gertz Manero<\/strong><br \/>\nFiscal General de la Rep\u00fablica<br \/>\nAvenida Insurgentes, N\u00famero 20 de la Glorieta de Insurgentes, Col. Roma Norte, Ciudad de M\u00e9xico. C.P. 06700<br \/>\nTwitter: @FGRMexico<br \/>\nCorreo: ofproc@pgr.gob.mx<\/p>\n<p><strong>Lic. Alejandro Encinas Rodr\u00edguez<\/strong><br \/>\nSubsecretaria de Derechos Humanos, Migraci\u00f3n y Poblaci\u00f3n<br \/>\nTwitter: @A_Encinas_R<br \/>\najencinas@segob.gob.mx<br \/>\ncontacto@alejandroencinas.m<\/p>\n<p><strong>Lic. Rosario Piedra Ibarra<\/strong><br \/>\nPresidenta de la Comisi\u00f3n Nacional de Derechos Humanos<br \/>\nEdificio \u201cH\u00e9ctor Fix Zamudio\u201d, Blvd. Adolfo L\u00f3pez Mateos 1922, 6\u00b0piso. Col. Tlacopac San \u00c1ngel. Delegaci\u00f3n \u00c1lvaro Obreg\u00f3n. C.P. 01040; Ciudad de M\u00e9xico.<br \/>\nFax: (+52) 0155 36 68 07 67. Twitter: @CNDH<br \/>\nCorreo: presidencia.cndh@cndh.org.mx<\/p>\n<p><strong>Lic. Rutilio Escand\u00f3n Cadenas<\/strong><br \/>\nGobernador Constitucional del Estado de Chiapas<br \/>\nPalacio de Gobierno del Estado de Chiapas, 1er Piso Av. Central y Primera Oriente,<br \/>\nColonia Centro, C.P. 29009. Tuxtla Guti\u00e9rrez, Chiapas, M\u00e9xico<br \/>\nFax: +52 961 61 88088 \u2013 + 52 961 6188056; Extensi\u00f3n 21120. 21122;<br \/>\nTwitter: @JuntoscnRutilio<br \/>\nCorreo: secparticular@chiapas.gob.mx<\/p>\n<p><strong>Lic. Victoria Cecilia Flores P\u00e9rez<\/strong><br \/>\nSecretario General de Gobierno en Chiapas<br \/>\nPalacio De Gobierno, 2o. Piso, Centro C.P. 29000 Tuxtla Guti\u00e9rrez, Chiapas.<br \/>\nConmutador: (961) 61 8 74 60 Ext. 20003<br \/>\nCorreo: secretariaparticular.sgg@gmail.com<\/p>\n<p><strong>Lic. Olaf Gomez Hernandez<\/strong><br \/>\nFiscal General del Estado de Chiapas<br \/>\nLibramiento Norte y Rosa del Oriente n\u00famero 2010 colonia El Bosque, Tuxtla Guti\u00e9rrez, Chiapas, C.P. 29049<br \/>\nConmutador: (961) 61-72-300, Ext. 17258<br \/>\nTwitter: @FGEChiapas<br \/>\ncorreo: staff_secretarial@fge.chiapas.gob.mx<\/p>\n<p><strong>Lic. Juan Jos\u00e9 Zepeda Berm\u00fadez<\/strong><br \/>\nPresidente de la Comisi\u00f3n Estatal de Derechos Humanos<br \/>\nTel\u00e9fono: 01 (967) 67 465 94 Fax: 01 (967) 67 465 94<br \/>\nFax: (961) 60 2 57 84 Correo: presidencia@cedh-chiapas.org<\/p>","protected":false},"excerpt":{"rendered":"<p>22 de junio de 2023 Acci\u00f3n Urgente 010 Firma la petici\u00f3n aqu\u00ed. Contin\u00faa en riesgo la salud de Jorge L\u00f3pez S\u00e1ntiz, Base de Apoyo Zapatista Del 19 al 22 de junio de 2023, integrantes de la Organizaci\u00f3n de Cafeticultores de Ocosingo (Orcao), realizaron una serie de ataques que ponen en riesgo a tres comunidades zapatistas: [&hellip;]<\/p>\n","protected":false},"author":1,"featured_media":45646,"comment_status":"open","ping_status":"closed","sticky":false,"template":"","format":"standard","meta":{"footnotes":""},"categories":[6,955],"tags":[917,36,235,926,198,260,23],"class_list":["post-45645","post","type-post","status-publish","format-standard","has-post-thumbnail","hentry","category-chiapas","category-ezln-temas","tag-chiapas","tag-comunidades-zapatistas","tag-contrainsurgencia","tag-ezln","tag-impunidad","tag-orcao","tag-paramilitares"],"_links":{"self":[{"href":"https:\/\/radiozapatista.org\/index.php?rest_route=\/wp\/v2\/posts\/45645","targetHints":{"allow":["GET"]}}],"collection":[{"href":"https:\/\/radiozapatista.org\/index.php?rest_route=\/wp\/v2\/posts"}],"about":[{"href":"https:\/\/radiozapatista.org\/index.php?rest_route=\/wp\/v2\/types\/post"}],"author":[{"embeddable":true,"href":"https:\/\/radiozapatista.org\/index.php?rest_route=\/wp\/v2\/users\/1"}],"replies":[{"embeddable":true,"href":"https:\/\/radiozapatista.org\/index.php?rest_route=%2Fwp%2Fv2%2Fcomments&post=45645"}],"version-history":[{"count":4,"href":"https:\/\/radiozapatista.org\/index.php?rest_route=\/wp\/v2\/posts\/45645\/revisions"}],"predecessor-version":[{"id":45651,"href":"https:\/\/radiozapatista.org\/index.php?rest_route=\/wp\/v2\/posts\/45645\/revisions\/45651"}],"wp:featuredmedia":[{"embeddable":true,"href":"https:\/\/radiozapatista.org\/index.php?rest_route=\/wp\/v2\/media\/45646"}],"wp:attachment":[{"href":"https:\/\/radiozapatista.org\/index.php?rest_route=%2Fwp%2Fv2%2Fmedia&parent=45645"}],"wp:term":[{"taxonomy":"category","embeddable":true,"href":"https:\/\/radiozapatista.org\/index.php?rest_route=%2Fwp%2Fv2%2Fcategories&post=45645"},{"taxonomy":"post_tag","embeddable":true,"href":"https:\/\/radiozapatista.org\/index.php?rest_route=%2Fwp%2Fv2%2Ftags&post=45645"}],"curies":[{"name":"wp","href":"https:\/\/api.w.org\/{rel}","templated":true}]}}