{"id":45637,"date":"2023-06-22T07:06:32","date_gmt":"2023-06-22T13:06:32","guid":{"rendered":"https:\/\/radiozapatista.org\/?p=45637"},"modified":"2023-06-22T07:16:16","modified_gmt":"2023-06-22T13:16:16","slug":"jujuy-cronica-de-una-pueblada-en-defensa-de-la-vida-y-la-dignidad","status":"publish","type":"post","link":"https:\/\/radiozapatista.org\/?p=45637","title":{"rendered":"Jujuy: cr\u00f3nica de una pueblada en defensa de la vida y la dignidad"},"content":{"rendered":"<p><\/p>\n<div class=\"entry-content clearfix\">\n<p><em><a href=\"http:\/\/www.redeco.com.ar\/nacional\/masdelpais\/38841-jujuy-cr%C3%B3nica-de-una-pueblada-en-defensa-de-la-vida-y-la-dignidad\">Nota elaborada y publicada por Noelia Carrazana para Red Eco Alternativo y Mink\u2019a Comunicaci\u00f3n<\/a>.<br \/>\n<\/em><\/p>\n<p>Foto: Imagen C\u00edtrica<\/p>\n<p>A 15 d\u00edas de comenzadas las diferentes movilizaciones en la provincia de Jujuy, este lunes el gobernador Gerardo Morales manifest\u00f3 en conferencia de prensa que va a retirar los art\u00edculos 36 y 60 de la reforma de la Constituci\u00f3n, textos que afectan directamente a la vida y a la posesi\u00f3n de los territorios de las comunidades ind\u00edgenas.<\/p>\n<p>El mandatario tambi\u00e9n expres\u00f3 que van a mantener los art\u00edculos que limitan la protesta social, indicando que ya existe el derecho a circular (garantizado por la Constituci\u00f3n Nacional) y volvi\u00f3 a mencionar que cada persona que particip\u00f3 en la protesta pagar\u00e1 una multa de un mill\u00f3n y medio de pesos. Es decir, est\u00e1 \u201cgarantizado\u201d el derecho a protestar, pero hay que ser millonario para hacerlo.<\/p>\n<p>En respuesta a estas declaraciones, desde diferentes comunidades ind\u00edgenas solicitaron que para este martes se intensifiquen los cortes de ruta. Desde Sindicato de Empleados y Obreros Municipales de Jujuy (SEOM), se invit\u00f3 a todos los afiliados a continuar las medidas de fuerza con cortes en todas las rutas de la provincia, tal como lo vienen haciendo en los \u00faltimos d\u00edas.<\/p>\n<p>A trav\u00e9s de comunicados emitidos luego de la conferencia de prensa, aclararon que \u00abla lucha que llevamos adelante no es por uno o dos art\u00edculos, sino contra toda la reforma de la constituci\u00f3n provincial\u00bb.<\/p>\n<p><strong>Pero\u2026 \u00bfQu\u00e9 est\u00e1 pasando en Jujuy?<\/strong><\/p>\n<p>El d\u00eda 5 de junio, el Congreso Provincial de Asociaci\u00f3n de Educadores Provinciales (ADEP) convoc\u00f3 un paro en toda la provincia, para nivel inicial y primario en todas sus modalidades, en rechazo al aumento del 10% por el mes de mayo.<\/p>\n<p>El 9 de junio se realiz\u00f3 una multitudinaria Marcha de Antorchas convocada por los gremios de la Asociaci\u00f3n de Educadores Provinciales (Adep), el Centro de Docentes de Ense\u00f1anza Media y Superior (Cedems) y el Sindicato Argentino de Docentes Privados (Sadop). Las manifestaciones se replicaron en las localidades de El Carmen, Monterrico, Tilcara, Humahuaca, Perico, La Quiaca, Libertador San Mart\u00edn y otras localidades de la provincia en un reclamo un\u00e1nime de aumento salarial. A estas movilizaciones se unieron los empleados municipales, polic\u00eda en retiro y trabajadores feriantes que vienen sufriendo violentos desalojos con quita de sus productos en pos de \u201cun Jujuy ordenado y limpio\u201d.<\/p>\n<p>El mismo d\u00eda a trav\u00e9s del Decreto Acuerdo N\u00ba 8464-G\/2023, el gobernador Gerardo Morales modific\u00f3 el art\u00edculo 113 del C\u00f3digo Contravencional de Jujuy para aumentar las sanciones a las personas y organizaciones que participen de alguna protesta o movilizaci\u00f3n social, con el argumento de \u00abgarantizar en forma efectiva los derechos de libre tr\u00e1nsito y circulaci\u00f3n\u00bb. Esto se vivi\u00f3 como una coacci\u00f3n ya que las cifras a pagar son alt\u00edsimas, pero lejos de desistir en la lucha la ciudadan\u00eda sigui\u00f3 movilizada.<\/p>\n<p>El 14 y 15 de junio, con el c\u00e1ntico \u201cAbajo la reforma, arriba las wiphalas\u201d, las comunidades ind\u00edgenas de varias localidades comenzaron una caminata denominada \u201cTercer Mal\u00f3n de La Paz\u201d hacia la capital provincial para mostrar su rechazo a la reforma inconsulta de la Constituci\u00f3n Provincial, que estaba gestando Gerardo Morales a puertas cerradas.<\/p>\n<p>El jueves 15 a la noche se aprob\u00f3 la reforma a la Constituci\u00f3n Provincial, siendo \u00e9sta la gota que hizo explotar la bronca del pueblo juje\u00f1o.<\/p>\n<p>El viernes 16 lleg\u00f3 el Mal\u00f3n de La Paz a San Salvador y ah\u00ed, despu\u00e9s de 8 a\u00f1os sin medidas de fuerza, miles de personas inundaron las calles. \u201cNunca estuvimos en un reclamo con las comunidades ind\u00edgenas, ellos hace rato que denuncian los atropellos en sus territorios, pero no recuerdo haber estado en una movilizaci\u00f3n donde estemos tantos gremios junto a las comunidades\u201d, explic\u00f3 con emoci\u00f3n Elena, docente de nivel secundario de San Pedro de Jujuy.<\/p>\n<p>El s\u00e1bado 17 Jujuy se despert\u00f3 con cortes de ruta en varios puntos de la ruta 9 que tiene como trayecto la ciudad capital hasta la Quiaca, ciudad fronteriza con Bolivia. Para desalojar y desmovilizar, la orden fue: represi\u00f3n feroz. Dej\u00f3 varias personas pertenecientes a comunidades ind\u00edgenas heridas de gravedad, un adolescente perdi\u00f3 un ojo y todav\u00eda existen denuncias de personas que se les desconoce el paradero, ya que no han sido encontradas por sus familias en los hospitales o salitas de emergencia cercanas.<\/p>\n<p>\u201cLo que m\u00e1s me doli\u00f3 fue ver como sacaron todas las pertenencias de los que est\u00e1bamos movilizados, tiraron la comida que las mujeres estaban preparando en los cortes, no les import\u00f3 las mujeres, ni\u00f1os, ni ancianos\u201d, cont\u00f3 Gumersindo que estaba en un corte en una localidad cercana a Purmamarca.<\/p>\n<p>Hace un mes fueron las elecciones en Jujuy y all\u00ed adem\u00e1s de elegir un nuevo gobernador tambi\u00e9n se eligieron intendentes, diputados, concejales y convencionales constituyentes para la reforma parcial de la Constituci\u00f3n. Carlos Sadir, perteneciente al partido de Morales consigui\u00f3 el 49% de los votos, mientras que el Frente Justicialista y el Frente de Izquierda (FIT) se disputan el segundo lugar. La participaci\u00f3n electoral fue de un 60%, es decir que casi la mitad de los ciudadanos habilitados para votar decidieron no participar.<\/p>\n<p>Estas elecciones estuvieron te\u00f1idas por varias denuncias de fraude, pero de todos los actores pol\u00edticos de argentina solo el FIT y Juan Grabois denunciaron el fraude, el resto del espectro pol\u00edtico e incluso los dirigentes de mayor peso del peronismo enviaron sus felicitaciones al nuevo ganador, legitimando as\u00ed la elecci\u00f3n.<\/p>\n<p><img loading=\"lazy\" decoding=\"async\" src=\"http:\/\/www.redeco.com.ar\/images\/stories\/redeco\/Nacional\/otros\/juan-grabois-fraude_jujuy.jpg\" alt=\"juan grabois fraude jujuy\" width=\"800\" height=\"449\" \/><\/p>\n<p>Luego de estas elecciones Morales sigui\u00f3 conservando su poder de mando, no solo en la provincia, sino que desde hace varios a\u00f1os ya es una figura de renombre nacional y desde 2021 \u2013 cuando fue elegido el presidente del Partido Radical \u2013 esa cuota de poder se ampli\u00f3.\u00a0 A principio de este a\u00f1o recibi\u00f3 el apoyo de su partido para ser uno de los candidatos a presidente en las pr\u00f3ximas elecciones de octubre, por lo que desde hace tiempo, sus aspiraciones miran mucho m\u00e1s all\u00e1 de su provincia.<\/p>\n<p>Como todo patr\u00f3n est\u00e1 acostumbrado a mandar y que se le obedezca, por lo que luego de la conferencia de prensa del d\u00eda de este lunes circularon audios y capturas de pantallas por los grupos WatshAp de docentes juje\u00f1os donde se denunciaba \u201cel ofrecimiento de 10.000 pesos a cada persona que asista el d\u00eda martes 20 para la jura de la nueva Constituci\u00f3n Provincial\u201d.<\/p>\n<p><strong>Reforma expr\u00e9s de la Constituci\u00f3n<\/strong><\/p>\n<p>La propuesta de reforma era la modificaci\u00f3n a 193 de los 212 art\u00edculos vigentes y los debates deb\u00edan desarrollarse a lo largo de 90 d\u00edas. Pero las reuniones de \u201cdebate\u201d no fueron p\u00fablicas, no hubo registro taquigr\u00e1fico y no hubo audiencia a representantes sociales y\/o ciudadanos.<\/p>\n<p>El 1 de junio se conoci\u00f3 el proyecto que propon\u00eda recortar la libertad de expresi\u00f3n, eliminar las elecciones de medio t\u00e9rmino, dar mayor\u00eda autom\u00e1tica en la C\u00e1mara de Diputados al Ejecutivo ganador y no reconocer los tratados internacionales a favor de las comunidades ind\u00edgenas en las disputas territoriales.<\/p>\n<p>En menos de tres semanas, sin debate, con reclamos de la oposici\u00f3n y manifestantes en las calles, se cerr\u00f3 la posibilidad de presentar dict\u00e1menes. El actual gobernador, Gerardo Morales \u2013 que tambi\u00e9n es convencional constituyente \u2013 ha contado con el apoyo del PJ local liderado por Rub\u00e9n Rivarola para aprobar tanto la propuesta de reforma del pasado septiembre de 2022, como la actual.<\/p>\n<p>Solo denunciaron estas maniobras la Izquierda, el ala disidente del justicialismo y la poblaci\u00f3n que se ya se manifestaba en las calles.<\/p>\n<p><strong>Comunidades ind\u00edgenas y el litio<\/strong><\/p>\n<p>La tierra juje\u00f1a tiene en sus entra\u00f1as abundantes minerales codiciados por las empresas multinacionales que por la legislaci\u00f3n argentina pueden realizar miner\u00eda a cielo abierto. Esto lleva a que sean tierras codiciadas por los gobernadores para venderlas al mejor postor. Particularmente lo que agudiz\u00f3 el avance violento y represivo del Estado hacia los territorios inh\u00f3spitos de Jujuy, donde est\u00e1n asentadas miles de personas de manera ancestral, es el nuevo oro moderno: el Litio.<\/p>\n<p>Desde que lleg\u00f3 Gerardo Morales a la gobernaci\u00f3n no tuvo empacho en tejer diferentes maniobras para conseguir financiamiento extranjero para explotar estos territorios. El a\u00f1o pasado incluso lleg\u00f3 a escribir un Twitter p\u00fablico al locuaz empresario Elon Musk: \u201cHola Elon, soy Gerardo Morales, Gobernador de Jujuy (Argentina). Los dos proyectos de producci\u00f3n de litio m\u00e1s importantes del pa\u00eds se ejecutan aqu\u00ed con una capacidad total de 80k toneladas por a\u00f1o y 20 k hect\u00e1reas de reservas de litio disponibles para explotar. Somos \u201cJujuy Verde\u201d, es decir que la explotaci\u00f3n del litio es uno de sus proyectos m\u00e1s ambiciosos de gobierno.<\/p>\n<p><img loading=\"lazy\" decoding=\"async\" src=\"http:\/\/www.redeco.com.ar\/images\/stories\/redeco\/Nacional\/otros\/gerardo-morales-reforma-constitucion.jpg\" alt=\"gerardo morales reforma constitucion\" width=\"647\" height=\"557\" \/><\/p>\n<p>Pero adem\u00e1s del Litio las comunidades reclaman obtener la titularidad de sus tierras a trav\u00e9s del cumplimiento de la ley nacional de emergencia territorial N\u00b0 26160, la cual realiza el relevamiento de las tierras donde habitan estas personas. Entonces adem\u00e1s de este hist\u00f3rico pedido, los principales reclamos del Tercer Mal\u00f3n de la paz son:<\/p>\n<p>-Rechazo a la exploraci\u00f3n y explotaci\u00f3n del litio en la cuenca de Salinas Grandes.<\/p>\n<p>-Rechazo a la reforma \u201cinconstitucional\u201d.<\/p>\n<p>-Reconocimiento de los territorios donde habitan las comunidades.<\/p>\n<p>-Renuncia de Gerardo Morales.<\/p>\n<p><strong>\u00a0Salarios de hambre<\/strong><\/p>\n<p>En Argentina seg\u00fan datos de mayo del INDEC, la canasta b\u00e1sica fue de 203 mil pesos para que una familia no est\u00e9 bajo la l\u00ednea de pobreza. En esta provincia el sueldo promedio de un docente es de 54.831 por mes y seg\u00fan datos del Ministerio de Educaci\u00f3n de la Naci\u00f3n, la provincia tiene uno de los cinco sueldos iniciales m\u00e1s bajos.<\/p>\n<p><img loading=\"lazy\" decoding=\"async\" src=\"http:\/\/www.redeco.com.ar\/images\/stories\/redeco\/Nacional\/otros\/comparaci%C3%B3n-salarial-jujuy-salta-tucuman.jpg\" alt=\"comparaci\u00f3n salarial jujuy salta tucuman\" width=\"519\" height=\"617\" \/><\/p>\n<\/div>\n<div class=\"entry-footer\"><\/div>\n<p><\/p>","protected":false},"excerpt":{"rendered":"<p>Nota elaborada y publicada por Noelia Carrazana para Red Eco Alternativo y Mink\u2019a Comunicaci\u00f3n. Foto: Imagen C\u00edtrica A 15 d\u00edas de comenzadas las diferentes movilizaciones en la provincia de Jujuy, este lunes el gobernador Gerardo Morales manifest\u00f3 en conferencia de prensa que va a retirar los art\u00edculos 36 y 60 de la reforma de la [&hellip;]<\/p>\n","protected":false},"author":21,"featured_media":45640,"comment_status":"open","ping_status":"closed","sticky":false,"template":"","format":"standard","meta":{"footnotes":""},"categories":[957,51,1284,826,958,935],"tags":[58,53,1305,567,147,37,545,87,148,27,483],"class_list":["post-45637","post","type-post","status-publish","format-standard","has-post-thumbnail","hentry","category-autonomia","category-autor","category-latinoamerica","category-medios-libres-2","category-megaproyectos","category-temas","tag-derechos-humanos","tag-justicia","tag-latinoamerica","tag-megaproyectos","tag-militarizacion","tag-presos-politicos","tag-pueblos-indigenas","tag-represion","tag-resistencia","tag-solidaridad","tag-tierra-y-territorio"],"_links":{"self":[{"href":"https:\/\/radiozapatista.org\/index.php?rest_route=\/wp\/v2\/posts\/45637","targetHints":{"allow":["GET"]}}],"collection":[{"href":"https:\/\/radiozapatista.org\/index.php?rest_route=\/wp\/v2\/posts"}],"about":[{"href":"https:\/\/radiozapatista.org\/index.php?rest_route=\/wp\/v2\/types\/post"}],"author":[{"embeddable":true,"href":"https:\/\/radiozapatista.org\/index.php?rest_route=\/wp\/v2\/users\/21"}],"replies":[{"embeddable":true,"href":"https:\/\/radiozapatista.org\/index.php?rest_route=%2Fwp%2Fv2%2Fcomments&post=45637"}],"version-history":[{"count":2,"href":"https:\/\/radiozapatista.org\/index.php?rest_route=\/wp\/v2\/posts\/45637\/revisions"}],"predecessor-version":[{"id":45641,"href":"https:\/\/radiozapatista.org\/index.php?rest_route=\/wp\/v2\/posts\/45637\/revisions\/45641"}],"wp:featuredmedia":[{"embeddable":true,"href":"https:\/\/radiozapatista.org\/index.php?rest_route=\/wp\/v2\/media\/45640"}],"wp:attachment":[{"href":"https:\/\/radiozapatista.org\/index.php?rest_route=%2Fwp%2Fv2%2Fmedia&parent=45637"}],"wp:term":[{"taxonomy":"category","embeddable":true,"href":"https:\/\/radiozapatista.org\/index.php?rest_route=%2Fwp%2Fv2%2Fcategories&post=45637"},{"taxonomy":"post_tag","embeddable":true,"href":"https:\/\/radiozapatista.org\/index.php?rest_route=%2Fwp%2Fv2%2Ftags&post=45637"}],"curies":[{"name":"wp","href":"https:\/\/api.w.org\/{rel}","templated":true}]}}