{"id":45619,"date":"2023-06-20T23:19:57","date_gmt":"2023-06-21T05:19:57","guid":{"rendered":"https:\/\/radiozapatista.org\/?p=45619"},"modified":"2023-06-21T09:56:01","modified_gmt":"2023-06-21T15:56:01","slug":"noticias-de-abajo-20-de-junio-2023","status":"publish","type":"post","link":"https:\/\/radiozapatista.org\/?p=45619","title":{"rendered":"Noticias de abajo 20 de junio 2023"},"content":{"rendered":"<p>[podcast]https:\/\/ia802702.us.archive.org\/14\/items\/noticiasdeabajo_20junio2023\/noticiasdeabajo_20junio2023.mp3[\/podcast]<\/p>\n<h4>Rompiendo Fronteras:<\/h4>\n<ul>\n<li class=\"ace-line\"><span class=\"author-a-z85z2n0z71z1sz69zz80zz73zpz82zz122zz83z7q\">HONDURAS: Asesinan al defensor del territorio Oqueli Dom\u00ednguez en Guapinol, el activista antiminero es uno de al menos 3 asesinatos de opositores a los megaproyectos que invaden la zona.\u00a0 Por <a href=\"https:\/\/www.guapinolresiste.org\/post\/asesinan-a-oqueli-dom%C3%ADnguez-en-guapinol\" target=\"_blank\" rel=\"noopener\">Guapinol<\/a>.<\/span><\/li>\n<li class=\"ace-line\"><span class=\"author-a-z85z2n0z71z1sz69zz80zz73zpz82zz122zz83z7q\">WALLMAPU CHILE: Un a\u00f1o de Estado de Excepci\u00f3n ES UNA DECLARACI\u00d3N DE GUERRA AL PUEBLO MAPUCHE MOVILIZADO POR TERRITORIO Y AUTONOM\u00cdA Comunicado de H\u00e9ctor Llaitul Carrillanca Vocero Coordinadora Arauco Malleco-CAM.<\/span><\/li>\n<li class=\"ace-line\"><span class=\"author-a-z85z2n0z71z1sz69zz80zz73zpz82zz122zz83z7q\">GLOBAL: La \u201crevoluci\u00f3n de Gladis\u201d: \u00bfpor qu\u00e9 las orcas atacan a las embarcaciones? <\/span><span class=\"author-a-z85z2n0z71z1sz69zz80zz73zpz82zz122zz83z7q\">Por <a href=\"https:\/\/www.radiotemblor.org\/la-revolucion-de-gladis-por-que-las-orcas-atacan-a-las-embarcaciones\/\" target=\"_blank\" rel=\"noopener\">Radio Temblor<\/a><\/span><\/li>\n<li class=\"ace-line\"><span class=\"author-a-z85z2n0z71z1sz69zz80zz73zpz82zz122zz83z7q\">ITALIA FRANCIA: Declaraci\u00f3n conjunta de la coordinaci\u00f3n de los opositores al Tren de Alta Velocidad (TAV Lyon-Tur\u00edn). M\u00e1s de 5.000 personas en la movilizaci\u00f3n internacional a pesar de las prohibiciones y la violencia policiaca. De <a href=\"https:\/\/www.notav.info\" target=\"_blank\" rel=\"noopener\">Notav<\/a>.<\/span><\/li>\n<\/ul>\n<h4 class=\"ace-line\"><span class=\"author-a-z85z2n0z71z1sz69zz80zz73zpz82zz122zz83z7q\">Desde el Ombligo del Monstruo<\/span><\/h4>\n<ul>\n<li class=\"ace-line\"><span class=\"author-a-z85z2n0z71z1sz69zz80zz73zpz82zz122zz83z7q\">OAXACA: Eloxochitlan bajo amenaza y en autodefensa. Jornada de lucha en la ciudad de Oaxaca, amenazas a familiares y la formaci\u00f3n de un llamado grupo de autodefensa. <\/span><span class=\"author-a-z85z2n0z71z1sz69zz80zz73zpz82zz122zz83z7q\">Vamos a escuchar el podcast\u00a0 de Kino Balu<\/span><\/li>\n<li class=\"ace-line\"><span class=\"author-a-z85z2n0z71z1sz69zz80zz73zpz82zz122zz83z7q\">OAXACA: Comunidad de Puente Madera logra suspensi\u00f3n del parque industrial en su territorio ante imposici\u00f3n del Corredor Interoce\u00e1nico. Noticias de abajo.<\/span><\/li>\n<li class=\"ace-line\"><span class=\"author-a-z85z2n0z71z1sz69zz80zz73zpz82zz122zz83z7q\">MORELOS: Exigen justicia para el Samir Flores ante mal trabajo y montajes por parte de la fiscal\u00eda que lleva el caso.<\/span><\/li>\n<li class=\"ace-line\"><span class=\"author-a-z85z2n0z71z1sz69zz80zz73zpz82zz122zz83z7q\">CHIAPAS:\u00a0 3 mil personas desplazadas de Frontera Comalapa, denuncian omisi\u00f3n de los gobiernos federal y estatal ante violencia de crimen organizado.<\/span><\/li>\n<\/ul>\n<p><\/p>","protected":false},"excerpt":{"rendered":"<p>[podcast]https:\/\/ia802702.us.archive.org\/14\/items\/noticiasdeabajo_20junio2023\/noticiasdeabajo_20junio2023.mp3[\/podcast] Rompiendo Fronteras: HONDURAS: Asesinan al defensor del territorio Oqueli Dom\u00ednguez en Guapinol, el activista antiminero es uno de al menos 3 asesinatos de opositores a los megaproyectos que invaden la zona.\u00a0 Por Guapinol. WALLMAPU CHILE: Un a\u00f1o de Estado de Excepci\u00f3n ES UNA DECLARACI\u00d3N DE GUERRA AL PUEBLO MAPUCHE MOVILIZADO POR TERRITORIO Y AUTONOM\u00cdA [&hellip;]<\/p>\n","protected":false},"author":21,"featured_media":45621,"comment_status":"open","ping_status":"closed","sticky":false,"template":"","format":"standard","meta":{"footnotes":""},"categories":[51,6,1284,826,958,954,953,935],"tags":[79,917,58,53,1305,567,147,23,37,545,87,148,27,483],"class_list":["post-45619","post","type-post","status-publish","format-standard","has-post-thumbnail","hentry","category-autor","category-chiapas","category-latinoamerica","category-medios-libres-2","category-megaproyectos","category-mexico","category-mundo","category-temas","tag-autonomia","tag-chiapas","tag-derechos-humanos","tag-justicia","tag-latinoamerica","tag-megaproyectos","tag-militarizacion","tag-paramilitares","tag-presos-politicos","tag-pueblos-indigenas","tag-represion","tag-resistencia","tag-solidaridad","tag-tierra-y-territorio"],"_links":{"self":[{"href":"https:\/\/radiozapatista.org\/index.php?rest_route=\/wp\/v2\/posts\/45619","targetHints":{"allow":["GET"]}}],"collection":[{"href":"https:\/\/radiozapatista.org\/index.php?rest_route=\/wp\/v2\/posts"}],"about":[{"href":"https:\/\/radiozapatista.org\/index.php?rest_route=\/wp\/v2\/types\/post"}],"author":[{"embeddable":true,"href":"https:\/\/radiozapatista.org\/index.php?rest_route=\/wp\/v2\/users\/21"}],"replies":[{"embeddable":true,"href":"https:\/\/radiozapatista.org\/index.php?rest_route=%2Fwp%2Fv2%2Fcomments&post=45619"}],"version-history":[{"count":3,"href":"https:\/\/radiozapatista.org\/index.php?rest_route=\/wp\/v2\/posts\/45619\/revisions"}],"predecessor-version":[{"id":45628,"href":"https:\/\/radiozapatista.org\/index.php?rest_route=\/wp\/v2\/posts\/45619\/revisions\/45628"}],"wp:featuredmedia":[{"embeddable":true,"href":"https:\/\/radiozapatista.org\/index.php?rest_route=\/wp\/v2\/media\/45621"}],"wp:attachment":[{"href":"https:\/\/radiozapatista.org\/index.php?rest_route=%2Fwp%2Fv2%2Fmedia&parent=45619"}],"wp:term":[{"taxonomy":"category","embeddable":true,"href":"https:\/\/radiozapatista.org\/index.php?rest_route=%2Fwp%2Fv2%2Fcategories&post=45619"},{"taxonomy":"post_tag","embeddable":true,"href":"https:\/\/radiozapatista.org\/index.php?rest_route=%2Fwp%2Fv2%2Ftags&post=45619"}],"curies":[{"name":"wp","href":"https:\/\/api.w.org\/{rel}","templated":true}]}}