{"id":45615,"date":"2023-06-20T16:47:27","date_gmt":"2023-06-20T22:47:27","guid":{"rendered":"https:\/\/radiozapatista.org\/?p=45615"},"modified":"2023-06-20T16:47:27","modified_gmt":"2023-06-20T22:47:27","slug":"tecnologias-de-la-transicion-energetica-requieren-29-mas-aluminio-amazonia-en-riesgo","status":"publish","type":"post","link":"https:\/\/radiozapatista.org\/?p=45615","title":{"rendered":"[:es]Tecnolog\u00edas de la transici\u00f3n energ\u00e9tica requieren 29% m\u00e1s aluminio; Amazon\u00eda en riesgo[:]"},"content":{"rendered":"<p>[:es]Fuente: <a href=\"https:\/\/avispa.org\/tecnologias-de-la-transicion-energetica-requieren-29-mas-aluminio-amazonia-en-riesgo\/\">Avispa Midia<\/a><\/p>\n<p>Por Sare Frabes<\/p>\n<div class=\"tdb-block-inner td-fix-index\">\n<p>El aumento de la demanda mundial por aluminio, considerado material cr\u00edtico para la llamada \u201ctransici\u00f3n energ\u00e9tica\u201d, aumentar\u00e1 los impactos en comunidades tradicionales en la Amazon\u00eda brasile\u00f1a e intensificar\u00e1 la deforestaci\u00f3n. La alerta hace parte del<a href=\"https:\/\/cpisp.org.br\/wp-content\/uploads\/2023\/05\/Publicac%CC%A7a%CC%83o_TransicaoEnergetica-3.pdf\"> estudio<\/a> <em>Transici\u00f3n energ\u00e9tica y la demanda por aluminio en Brasil<\/em>, realizado por la <em>Comiss\u00e3o Pr\u00f3-\u00cdndio de S<\/em>\u00e3<em>o Paulo <\/em>(CPI).<\/p>\n<p>El aluminio es uno de los metales claves en la \u201ctransici\u00f3n energ\u00e9tica\u201d y podr\u00e1, seg\u00fan el estudio, tener un crecimiento mundial de 29% en la demanda hasta 2030. El metal ya es el segundo m\u00e1s utilizado en el mundo, despu\u00e9s del hierro, con 67,2 millones de toneladas producidas en 2021.<\/p>\n<p>Te puede interesar \u2013 <a href=\"https:\/\/avispa.org\/transicion-hacia-energias-renovables-demanda-mayor-explotacion-minera-en-el-sur-global\/\">Transici\u00f3n hacia energ\u00edas renovables demanda mayor explotaci\u00f3n minera en el sur global<\/a><\/p>\n<p>Brasil es el cuarto mayor productor de bauxita del mundo, materia prima del aluminio, y posee la cuarta mayor reserva internacional del mineral, despu\u00e9s de Australia, Guinea y Vietnam.<\/p>\n<p>El estado de Par\u00e1, en la Amazon\u00eda, posee alrededor de 75% de las reservas nacionales brasile\u00f1as de la bauxita. En el municipio de Oriximin\u00e1, en el mismo Estado, est\u00e1 la mayor productora de bauxita del pa\u00eds, la <em>Minera\u00e7\u00e3o Rio do Norte<\/em> (MRA).<\/p>\n<p>De acuerdo con el estudio, la MRN a lo largo de los 40 a\u00f1os de operaci\u00f3n, ha causado deforestaci\u00f3n de 10,8 mil hect\u00e1reas para dar lugar a la instalaci\u00f3n de minas de bauxita y presas de jales en la reserva <em>Floresta Nacional de Sarac\u00e1 Taquera<\/em>, en zonas originalmente utilizadas por comunidades tradicionales.<\/p>\n<figure class=\"wp-block-image size-full\"><a class=\"td-modal-image\" href=\"https:\/\/avispa.org\/wp-content\/uploads\/2023\/06\/Deforestacion-por-la-extraccion-de-bauxita-en-la-Amazonia.jpg\"><img loading=\"lazy\" decoding=\"async\" class=\"wp-image-99631\" src=\"https:\/\/avispa.org\/wp-content\/uploads\/2023\/06\/Deforestacion-por-la-extraccion-de-bauxita-en-la-Amazonia.jpg\" sizes=\"auto, (max-width: 1024px) 100vw, 1024px\" srcset=\"https:\/\/avispa.org\/wp-content\/uploads\/2023\/06\/Deforestacion-por-la-extraccion-de-bauxita-en-la-Amazonia.jpg 1024w, https:\/\/avispa.org\/wp-content\/uploads\/2023\/06\/Deforestacion-por-la-extraccion-de-bauxita-en-la-Amazonia-300x146.jpg 300w, https:\/\/avispa.org\/wp-content\/uploads\/2023\/06\/Deforestacion-por-la-extraccion-de-bauxita-en-la-Amazonia-768x375.jpg 768w, https:\/\/avispa.org\/wp-content\/uploads\/2023\/06\/Deforestacion-por-la-extraccion-de-bauxita-en-la-Amazonia-696x340.jpg 696w, https:\/\/avispa.org\/wp-content\/uploads\/2023\/06\/Deforestacion-por-la-extraccion-de-bauxita-en-la-Amazonia-860x420.jpg 860w, https:\/\/avispa.org\/wp-content\/uploads\/2023\/06\/Deforestacion-por-la-extraccion-de-bauxita-en-la-Amazonia-533x261.jpg 533w\" alt=\"\" width=\"1024\" height=\"500\" \/><\/a><\/figure>\n<p>\u201cLas comunidades impactadas por proyectos mineros, como los pueblos tradicionales de Oriximin\u00e1, sufrir\u00e1n m\u00e1s la aceleraci\u00f3n de la explotaci\u00f3n minera y la apertura de nuevas minas y proyectos en Brasil, y particularmente en la Amazon\u00eda\u201d, sostienen los autores del estudio Luiz Jardim Wanderley y Pedro Catanzaro Rocha Le\u00e3o.<\/p>\n<h2 id=\"h-emision-de-carbono\"><strong>Emisi\u00f3n de carbono<\/strong><\/h2>\n<p>Los autores alertan tambi\u00e9n para el hecho de que el aumento de la extracci\u00f3n de minerales, demandado para las nuevas tecnolog\u00edas que requiere la \u201ctransici\u00f3n energ\u00e9tica\u201d, aumentar\u00e1 las emisiones de carbono. \u201cLas emisiones de carbono relativas a la explotaci\u00f3n minera mundial crecieron 50% entre 2005 y 2018. La emisi\u00f3n de carbono por la producci\u00f3n de aluminio casi duplic\u00f3 en el mismo periodo y ya representa el 2% de las emisiones globales\u201d, se\u00f1alan los autores.<\/p>\n<figure class=\"wp-block-image size-full\"><a class=\"td-modal-image\" href=\"https:\/\/avispa.org\/wp-content\/uploads\/2023\/06\/Bauxita-la-materia-prima-del-aluminio-es-un-mineral-de-color-rojizo.jpg\"><img loading=\"lazy\" decoding=\"async\" class=\"wp-image-99632\" src=\"https:\/\/avispa.org\/wp-content\/uploads\/2023\/06\/Bauxita-la-materia-prima-del-aluminio-es-un-mineral-de-color-rojizo.jpg\" sizes=\"auto, (max-width: 800px) 100vw, 800px\" srcset=\"https:\/\/avispa.org\/wp-content\/uploads\/2023\/06\/Bauxita-la-materia-prima-del-aluminio-es-un-mineral-de-color-rojizo.jpg 800w, https:\/\/avispa.org\/wp-content\/uploads\/2023\/06\/Bauxita-la-materia-prima-del-aluminio-es-un-mineral-de-color-rojizo-300x200.jpg 300w, https:\/\/avispa.org\/wp-content\/uploads\/2023\/06\/Bauxita-la-materia-prima-del-aluminio-es-un-mineral-de-color-rojizo-768x511.jpg 768w, https:\/\/avispa.org\/wp-content\/uploads\/2023\/06\/Bauxita-la-materia-prima-del-aluminio-es-un-mineral-de-color-rojizo-696x463.jpg 696w, https:\/\/avispa.org\/wp-content\/uploads\/2023\/06\/Bauxita-la-materia-prima-del-aluminio-es-un-mineral-de-color-rojizo-632x420.jpg 632w\" alt=\"\" width=\"800\" height=\"532\" \/><\/a><\/figure>\n<h2 id=\"h-inversiones-para-la-transicion\"><strong>Inversiones para la \u201ctransici\u00f3n\u201d<\/strong><\/h2>\n<p>La \u201ctransici\u00f3n energ\u00e9tica\u201d cuenta con promesas de robustos paquetes econ\u00f3micos de los grandes Estados Naciones, conocidos como \u201c<em>New Green Deal Global<\/em>\u201d. \u201cLos analistas del mercado apuestan en un nuevo ciclo de las<em> commodities<\/em>, en especial de los bienes minerales\u201d. La meta de la Uni\u00f3n Europea y de los Estados Unidos, seg\u00fan el estudio, para cumplir el Acuerdo de Par\u00eds es alcanzar una matriz energ\u00e9tica de emisi\u00f3n cero y una emisi\u00f3n l\u00edquida de impacto neutral hasta 2050.<\/p>\n<p>Te puede interesar \u2013 <a href=\"https:\/\/avispa.org\/acuerdo-union-europea-mercosur-asi-se-construye-la-transicion-energetica-desigual\/\">Acuerdo Uni\u00f3n Europea-Mercosur: as\u00ed se construye la transici\u00f3n energ\u00e9tica desigual<\/a><\/p>\n<p>Para eso, se estima ser necesario una inversi\u00f3n de 2,5% del PIB mundial por a\u00f1os, es decir, 2 trillones de d\u00f3lares en inversiones p\u00fablica y privada. Solo en el sector minero, para aumentar la producci\u00f3n de los cinco principales metales para las tecnolog\u00edas de la transici\u00f3n, ser\u00e1n necesarios 1 trill\u00f3n de d\u00f3lares en 15 a\u00f1os, siendo 335 billones destinados para el aluminio.<\/p>\n<\/div>\n<p>[:]<\/p>\n","protected":false},"excerpt":{"rendered":"<p>[:es]Fuente: Avispa Midia Por Sare Frabes El aumento de la demanda mundial por aluminio, considerado material cr\u00edtico para la llamada \u201ctransici\u00f3n energ\u00e9tica\u201d, aumentar\u00e1 los impactos en comunidades tradicionales en la Amazon\u00eda brasile\u00f1a e intensificar\u00e1 la deforestaci\u00f3n. La alerta hace parte del estudio Transici\u00f3n energ\u00e9tica y la demanda por aluminio en Brasil, realizado por la Comiss\u00e3o [&hellip;]<\/p>\n","protected":false},"author":21,"featured_media":45616,"comment_status":"open","ping_status":"closed","sticky":false,"template":"","format":"standard","meta":{"footnotes":""},"categories":[957,51,1284,826,958,935],"tags":[1160,58,53,1305,567,147,23,545,87,148,27,483],"class_list":["post-45615","post","type-post","status-publish","format-standard","has-post-thumbnail","hentry","category-autonomia","category-autor","category-latinoamerica","category-medios-libres-2","category-megaproyectos","category-temas","tag-amazonia","tag-derechos-humanos","tag-justicia","tag-latinoamerica","tag-megaproyectos","tag-militarizacion","tag-paramilitares","tag-pueblos-indigenas","tag-represion","tag-resistencia","tag-solidaridad","tag-tierra-y-territorio"],"_links":{"self":[{"href":"https:\/\/radiozapatista.org\/index.php?rest_route=\/wp\/v2\/posts\/45615","targetHints":{"allow":["GET"]}}],"collection":[{"href":"https:\/\/radiozapatista.org\/index.php?rest_route=\/wp\/v2\/posts"}],"about":[{"href":"https:\/\/radiozapatista.org\/index.php?rest_route=\/wp\/v2\/types\/post"}],"author":[{"embeddable":true,"href":"https:\/\/radiozapatista.org\/index.php?rest_route=\/wp\/v2\/users\/21"}],"replies":[{"embeddable":true,"href":"https:\/\/radiozapatista.org\/index.php?rest_route=%2Fwp%2Fv2%2Fcomments&post=45615"}],"version-history":[{"count":1,"href":"https:\/\/radiozapatista.org\/index.php?rest_route=\/wp\/v2\/posts\/45615\/revisions"}],"predecessor-version":[{"id":45617,"href":"https:\/\/radiozapatista.org\/index.php?rest_route=\/wp\/v2\/posts\/45615\/revisions\/45617"}],"wp:featuredmedia":[{"embeddable":true,"href":"https:\/\/radiozapatista.org\/index.php?rest_route=\/wp\/v2\/media\/45616"}],"wp:attachment":[{"href":"https:\/\/radiozapatista.org\/index.php?rest_route=%2Fwp%2Fv2%2Fmedia&parent=45615"}],"wp:term":[{"taxonomy":"category","embeddable":true,"href":"https:\/\/radiozapatista.org\/index.php?rest_route=%2Fwp%2Fv2%2Fcategories&post=45615"},{"taxonomy":"post_tag","embeddable":true,"href":"https:\/\/radiozapatista.org\/index.php?rest_route=%2Fwp%2Fv2%2Ftags&post=45615"}],"curies":[{"name":"wp","href":"https:\/\/api.w.org\/{rel}","templated":true}]}}