{"id":45586,"date":"2023-06-11T11:47:28","date_gmt":"2023-06-11T17:47:28","guid":{"rendered":"https:\/\/radiozapatista.org\/?p=45586"},"modified":"2023-06-14T14:08:45","modified_gmt":"2023-06-14T20:08:45","slug":"ataques-al-ezln-buscan-destruccion-y-debilitacion-de-las-autonomias-ocss","status":"publish","type":"post","link":"https:\/\/radiozapatista.org\/?p=45586","title":{"rendered":"[:es]Ataques al EZLN buscan \u00abdestrucci\u00f3n y debilitaci\u00f3n de las autonom\u00edas\u00bb: OCSS[:]"},"content":{"rendered":"<p>[:es]<\/p>\n<p class=\"meta meta_full \"><span class=\"author\">Por <a title=\"Posts by rt\" href=\"https:\/\/www.radiotemblor.org\/author\/rt\/\" rel=\"author\">rt<\/a><span class=\"divider\"> | <span class=\"post-date updated\"><i class=\"icon-clock\"><\/i> 13\/06\/2023<span class=\"divider\">|<\/span><\/span> <span class=\"categs\"><i class=\"icon-folder-empty\"><\/i> <a href=\"https:\/\/www.radiotemblor.org\/category\/internacionales\/\" rel=\"category tag\">Internacionales<\/a><\/span><\/p>\n<p>Los ataques armados contra las Bases de Apoyo del Ej\u00e9rcito Zapatista de Liberaci\u00f3n Nacional (BAEZLN), la detenci\u00f3n arbitraria de defensores como el encarcelamiento del tseltal Manuel G\u00f3mez, y la influencia de los grupos de la delincuencia organizada en Chiapas y Guerrero, tienen \u00abun mismo fin, que es la destrucci\u00f3n y debilitaci\u00f3n de las autonom\u00edas que los pueblos han construido por d\u00e9cadas\u00bb, asegur\u00f3 la Organizaci\u00f3n Campesina de la Sierra Sur (OCSS).<\/p>\n<p>La organizaci\u00f3n se pronunci\u00f3 contra la guerra hacia las comunidades aut\u00f3nomas del EZLN en Chiapas, luego del ataque armado del pasado 22 de mayo, perpetrado por la Organizaci\u00f3n Regional de Cafeticultores de Ocosingo (Orcao) en la comunidad de Mois\u00e9s Gandhi.<\/p>\n<figure class=\"wp-block-image\"><img decoding=\"async\" class=\"jetpack-lazy-image jetpack-lazy-image--handled\" src=\"https:\/\/i2.wp.com\/desinformemonos.org\/wp-content\/uploads\/2023\/06\/FyXU561XsAY6mnb-480x640.jpg?resize=480%2C640&amp;ssl=1\" alt=\"\" data-recalc-dims=\"1\" data-lazy-loaded=\"1\" \/><\/figure>\n<p>Se\u00f1al\u00f3 que las agresiones por parte de los gobiernos y grupos paramilitares y de la delincuencia organizada est\u00e1n dirigidas contra los pueblos que han frenado \u00abla muerte y violencia del sistema capitalista que rige en todo el mundo y que protege el mal gobierno mexicano escudado en su 4T\u00bb, a la que llaman \u00abCuarta Destrucci\u00f3n\u00bb por seguir las pol\u00edticas neoliberales \u00abque s\u00f3lo despojan y asesinan\u00bb.<\/p>\n<p><!--more-->Los integrantes de la OCSS aseguraron que desde sus comunidades en Guerrero son v\u00edctimas de \u00ablos mismos desplazamientos y muertes\u00bb que los grupos armados provocan en Chiapas.<\/p>\n<figure class=\"wp-block-image\"><img decoding=\"async\" class=\"jetpack-lazy-image jetpack-lazy-image--handled\" src=\"https:\/\/i2.wp.com\/desinformemonos.org\/wp-content\/uploads\/2023\/06\/347239784_579249791061027_1907411782368733541_n-480x640.jpg?resize=480%2C640&amp;ssl=1\" alt=\"\" data-recalc-dims=\"1\" data-lazy-loaded=\"1\" \/><\/figure>\n<p>La OCSS exigi\u00f3 que se detenga el ataque armado contra la comunidad de Mois\u00e9s Gandhi y se respete su territorio aut\u00f3nomo, as\u00ed como que se castigue a los responsables y se desarticulen los grupos armados que mantienen \u00abactiva y creciente la guerra contra las comunidades zapatistas\u00bb.<\/p>\n<p>El pronunciamiento de la organizaci\u00f3n se suma a las miles de acciones, protestas, comunicados y muestras de solidaridad que colectivos y comunidades de M\u00e9xico y todo el mundo iniciaron desde el 27 de mayo para demandar el cese inmediato de la guerra al EZLN.<\/p>\n<p>A continuaci\u00f3n el comunicado completo:<\/p>\n<hr\/>\n<p>Al ej\u00e9rcito zapatista de liberaci\u00f3n nacional<br \/>\nA las juntas de buen gobierno<br \/>\nA las bases zapatistas<br \/>\nAl Congreso Nacional Ind\u00edgena<br \/>\nAl Consejo Ind\u00edgena de Gobierno<br \/>\nAl Pueblo de M\u00e9xico<br \/>\nA los pueblos de guerrero<br \/>\nA la Sexta Nacional e Internacional<br \/>\nA los medios libres y dignos<\/p>\n<p>Compa\u00f1eros y compa\u00f1eras por medio de estas palabras nos pronunciamos en contra de la guerra de contrainsurgencia que se vive en todo el territorio mexicano, que el estado mexicano y sus grupos paramilitares siguen implementado mas notable mente en contra de comunidades zapatistas bases de apoyo del\u00a0<strong>EZLN<\/strong>\u00a0y pueblos ind\u00edgenas y campesinos en el estado de guerrero.<\/p>\n<p>Denunciamos el encarcelamiento del compa\u00f1ero Manuel G\u00f3mez, y los recientes ataques perpetrados desde muchos antes y su recrudecimiento a partir del 27 de mayo del 2023 en comunidades bases de apoyo de Mois\u00e9s Gandhi por parte de la ORCAO grupo paramilitar que opera bajo el cobijo de los tres niveles de gobierno con toda la impunidad, tambi\u00e9n denunciamos la creciente influencia de los grupos de la delincuencia organizada en Chiapas y Guerrero todo esto tienen un mismo fin que es la destrucci\u00f3n y debilitaci\u00f3n de las autonom\u00edas que los pueblos han construido por d\u00e9cadas y que ha logrado frenar la muerte y violencia del sistema capitalista que rige en todo el mundo y que protege el\u00a0 mal gobierno mexicano escudado en su\u00a0<strong>4T<\/strong>\u00a0nosotros le llamamos\u00a0<strong>(cuarta destrucci\u00f3n)<\/strong>\u00a0como buen capataz sigue las pol\u00edticas neoliberales que solo despojan y asesinan a las comunidades que resisten a las pol\u00edticas destructoras que quieren desaparecer a las comunidades originarias de M\u00e9xico y el mundo.<\/p>\n<p>Dejamos claro desde nuestras comunidades Guerrerenses que sufrimos lo mismos desplazamientos y muertes a lo que a diario resistimos.\u00a0<strong>Compa\u00f1eros zapatistas alzamos la vos dici\u00e9ndoles no est\u00e1n solos y que si tocan a uno nos tocan a todos.<\/strong><\/p>\n<p>Que con el claro ejemplo que nos dan defenderemos\u00a0<strong>la autonom\u00eda<\/strong>\u00a0porque es la \u00fanica salida a la guerra de extermino del NARCOESTADO, seguiremos defendiendo el agua, los montes, selvas, bosques, mares y en general seguiremos defendiendo la madre tierra que como dijo nuestro\u00a0<strong>comandante Emiliano zapata la tierra es de quien la trabaja y sin ella no hay vida en este planeta.<\/strong><\/p>\n<p>Nos sumamos al llamando del\u00a0<strong>congreso nacional ind\u00edgena<\/strong>\u00a0y retomamos sus exigencias:<\/p>\n<ol type=\"1\">\n<li>Que se garantice la salud del compa\u00f1ero Jorge y que se brinde toda la atenci\u00f3n necesaria y por el tiempo que se requiera.<\/li>\n<li>Que se detenga el ataque armado contra la comunidad de Mois\u00e9s Gandhi y sea respetado su territorio aut\u00f3nomo.<\/li>\n<\/ol>\n<ul>\n<li>Que sean castigados los autores materiales e intelectuales de estos ataques.<\/li>\n<li>Que sean desmantelados los grupos armados mediante los cuales se mantiene activa y creciente la guerra contra las comunidades zapatistas.<\/li>\n<li>As\u00ed como la libertad inmediata de Manuel G\u00f3mez, base de apoyo del\u00a0<strong>EZLN<\/strong>, de cuyo injusto encarcelamiento no nos olvidamos.<\/li>\n<\/ul>\n<p><center>POR LA UNIDAD DE INDIGENAS CAMPESINOS Y OBREROS<br \/>\nORGANIZACI\u00d3N CAMPESINA DE LA SIERRA DEL SUR<br \/>\nNUNCA MAS UN MEXICO SIN NOSOTROS<\/p>\n<p><strong>10 DE JUNIO, TEPETIXTLA COYUCA DE BENITEZ GUERRERO<\/strong><br \/>\n<\/center>[:]<\/p>\n","protected":false},"excerpt":{"rendered":"<p>[:es] Por rt | 13\/06\/2023| Internacionales Los ataques armados contra las Bases de Apoyo del Ej\u00e9rcito Zapatista de Liberaci\u00f3n Nacional (BAEZLN), la detenci\u00f3n arbitraria de defensores como el encarcelamiento del tseltal Manuel G\u00f3mez, y la influencia de los grupos de la delincuencia organizada en Chiapas y Guerrero, tienen \u00abun mismo fin, que es la destrucci\u00f3n [&hellip;]<\/p>\n","protected":false},"author":21,"featured_media":45583,"comment_status":"open","ping_status":"closed","sticky":false,"template":"","format":"standard","meta":{"footnotes":""},"categories":[957,51,6,955,826,954,935],"tags":[79,917,36,58,53,147,23,545,87,148,27,483],"class_list":["post-45586","post","type-post","status-publish","format-standard","has-post-thumbnail","hentry","category-autonomia","category-autor","category-chiapas","category-ezln-temas","category-medios-libres-2","category-mexico","category-temas","tag-autonomia","tag-chiapas","tag-comunidades-zapatistas","tag-derechos-humanos","tag-justicia","tag-militarizacion","tag-paramilitares","tag-pueblos-indigenas","tag-represion","tag-resistencia","tag-solidaridad","tag-tierra-y-territorio"],"_links":{"self":[{"href":"https:\/\/radiozapatista.org\/index.php?rest_route=\/wp\/v2\/posts\/45586","targetHints":{"allow":["GET"]}}],"collection":[{"href":"https:\/\/radiozapatista.org\/index.php?rest_route=\/wp\/v2\/posts"}],"about":[{"href":"https:\/\/radiozapatista.org\/index.php?rest_route=\/wp\/v2\/types\/post"}],"author":[{"embeddable":true,"href":"https:\/\/radiozapatista.org\/index.php?rest_route=\/wp\/v2\/users\/21"}],"replies":[{"embeddable":true,"href":"https:\/\/radiozapatista.org\/index.php?rest_route=%2Fwp%2Fv2%2Fcomments&post=45586"}],"version-history":[{"count":3,"href":"https:\/\/radiozapatista.org\/index.php?rest_route=\/wp\/v2\/posts\/45586\/revisions"}],"predecessor-version":[{"id":45592,"href":"https:\/\/radiozapatista.org\/index.php?rest_route=\/wp\/v2\/posts\/45586\/revisions\/45592"}],"wp:featuredmedia":[{"embeddable":true,"href":"https:\/\/radiozapatista.org\/index.php?rest_route=\/wp\/v2\/media\/45583"}],"wp:attachment":[{"href":"https:\/\/radiozapatista.org\/index.php?rest_route=%2Fwp%2Fv2%2Fmedia&parent=45586"}],"wp:term":[{"taxonomy":"category","embeddable":true,"href":"https:\/\/radiozapatista.org\/index.php?rest_route=%2Fwp%2Fv2%2Fcategories&post=45586"},{"taxonomy":"post_tag","embeddable":true,"href":"https:\/\/radiozapatista.org\/index.php?rest_route=%2Fwp%2Fv2%2Ftags&post=45586"}],"curies":[{"name":"wp","href":"https:\/\/api.w.org\/{rel}","templated":true}]}}