{"id":45257,"date":"2023-05-30T19:58:08","date_gmt":"2023-05-31T01:58:08","guid":{"rendered":"https:\/\/radiozapatista.org\/?p=45257"},"modified":"2023-05-30T19:59:42","modified_gmt":"2023-05-31T01:59:42","slug":"pronunciamiento-en-solidaridad-con-las-bases-de-apoyo-zapatistas","status":"publish","type":"post","link":"https:\/\/radiozapatista.org\/?p=45257","title":{"rendered":"[:es]Comunidad Nahua de Santa Mar\u00eda Ostula: Pronunciamiento en solidaridad con las Bases de Apoyo Zapatistas[:]"},"content":{"rendered":"<p>[:es]Pronunciamiento en solidaridad con las Bases de Apoyo Zapatistas (BAZ) por las agresiones que el compa\u00f1ero Gilberto L\u00f3pez Santiz sufri\u00f3 a manos de los grupos paramilitares de la ORCAO (Organizaci\u00f3n Regional de Cafeticultores de Ocosingo)<\/p>\n<p><strong>\u00a0A LOS PUEBLOS DE M\u00c9XICO Y DEL MUNDO<\/strong><\/p>\n<p><strong>A LOS MEDIOS DE INFORMACI\u00d3N NACIONALES E INTERNACIONALES<\/strong><\/p>\n<p><strong>A LOS ORGANISMOS DEFENSORES DE DERECHOS HUMANOS<\/strong><\/p>\n<p>La comunidad nahua de Santa Mar\u00eda Ostula expresamos nuestra solidaridad c on las comunidades Bases de Apoyo Zapatistas (BAZ), las cuales, en su caminar por la construcci\u00f3n y fortalecimiento de la autonom\u00eda han sido constantemente atacadas por distintos grupos armados paramilitares. En este caso se trat\u00f3 de la ORCAO, quienes el pasado 22 de mayo, atacaron impunemente la comunidad Moises y Gandhi, perteneciente al Municipio Aut\u00f3nomo Lucio Caba\u00f1as.<\/p>\n<p>En este ataque, seg\u00fan los reportes hechos p\u00fablicos, el compa\u00f1ero tseltal Gilberto L\u00f3pez Santiz fue herido con armas de grueso calibre y su estado de salud se reporta como grave.<\/p>\n<p>Expresamos tambi\u00e9n nuestra preocupaci\u00f3n por la escalada de violencia en el territorio zapatista y en todo el estado de Chiapas. Particularmente queremos sumarnos a las denuncias en contra de la organizaci\u00f3n ORCAO, quien en los \u00faltimos a\u00f1os, ya bajo el control de MORENA ha hostigado y violentado a las comunidades zapatistas en total impunidad.<\/p>\n<p>Por parte del gobierno federal o de otras instancias correspondientes no ha habido ninguna atenci\u00f3n a las denuncias hechas ante esta situaci\u00f3n de complicidad entre el gobierno estatal, el paramilitarismo y el crimen organizado.<\/p>\n<p>Gracias a la historia de lucha en defensa de nuestro territorio en la sierra-costa michoacana conocemos muy bien el rostro de la guerra y c\u00f3mo se presenta disfrazado de gobierno o de supuestas organizaciones leg\u00edtimas. Nuestra historia de sangre nos ha ense\u00f1ado a identificar bien a los enemigos y en este, entendemos muy bien todas las denuncias que las comunidades zapatistas han hecho, para frenar pacificamente esta situaci\u00f3n.<\/p>\n<p>Por eso exigimos se garantice la atenci\u00f3n m\u00e9dica necesaria para el compa\u00f1ero Gilberto L\u00f3pez Santiz, as\u00ed como el cese total de los ataques armados y de cualquier otra forma en contra de las Bases de Apoyo Zapatistas (BAZ). Exigimos tambi\u00e9n que se hagan las investigaciones necesarias para determinar las responsabilidades necesarias y que este ataque no quede impune, para que se castiguen a los responsables y se haga justicia.<\/p>\n<p>Finalmente, queremos informar que nos sumaremos a las acciones dislocadas a las que se convoque desde el Congreso Nacional Ind\u00edgena (CNI), no dejaremos de alzar la voz para denunciar la violencia que viene desde el Estado y exigiremos siempre el alto a la guerra de exterminio en contra de los pueblos originarios de M\u00e9xico.<\/p>\n<p>&nbsp;<\/p>\n<p>SANTA MARIA OSTULA, A 29 DE MAYO DE 2023.<\/p>\n<p>&nbsp;<\/p>\n<p>ATENTAMENTE<\/p>\n<p>NUNCA M\u00c1S UN M\u00c9XICO SIN NOSOTROS<\/p>\n<p>COMUNIDAD IND\u00cdGENA NAHUA DE SANTA MAR\u00cdA OSTULA<\/p>\n<p>&nbsp;<\/p>\n<p>\n\t\t<style type=\"text\/css\">\n\t\t\t#gallery-1 {\n\t\t\t\tmargin: auto;\n\t\t\t}\n\t\t\t#gallery-1 .gallery-item {\n\t\t\t\tfloat: left;\n\t\t\t\tmargin-top: 10px;\n\t\t\t\ttext-align: center;\n\t\t\t\twidth: 33%;\n\t\t\t}\n\t\t\t#gallery-1 img {\n\t\t\t\tborder: 2px solid #cfcfcf;\n\t\t\t}\n\t\t\t#gallery-1 .gallery-caption {\n\t\t\t\tmargin-left: 0;\n\t\t\t}\n\t\t\t\/* see gallery_shortcode() in wp-includes\/media.php *\/\n\t\t<\/style>\n\t\t<div id='gallery-1' class='gallery galleryid-45257 gallery-columns-3 gallery-size-thumbnail'><dl class='gallery-item'>\n\t\t\t<dt class='gallery-icon portrait'>\n\t\t\t\t<a href='https:\/\/radiozapatista.org\/?attachment_id=45258'><img loading=\"lazy\" decoding=\"async\" width=\"150\" height=\"150\" src=\"https:\/\/radiozapatista.org\/wp-content\/uploads\/2023\/05\/ostula_1-150x150.jpeg\" class=\"attachment-thumbnail size-thumbnail\" alt=\"\" \/><\/a>\n\t\t\t<\/dt><\/dl><dl class='gallery-item'>\n\t\t\t<dt class='gallery-icon portrait'>\n\t\t\t\t<a href='https:\/\/radiozapatista.org\/?attachment_id=45259'><img loading=\"lazy\" decoding=\"async\" width=\"150\" height=\"150\" src=\"https:\/\/radiozapatista.org\/wp-content\/uploads\/2023\/05\/ostula_2-150x150.jpeg\" class=\"attachment-thumbnail size-thumbnail\" alt=\"\" \/><\/a>\n\t\t\t<\/dt><\/dl>\n\t\t\t<br style='clear: both' \/>\n\t\t<\/div>\n[:]<\/p>\n","protected":false},"excerpt":{"rendered":"<p>[:es]Pronunciamiento en solidaridad con las Bases de Apoyo Zapatistas (BAZ) por las agresiones que el compa\u00f1ero Gilberto L\u00f3pez Santiz sufri\u00f3 a manos de los grupos paramilitares de la ORCAO (Organizaci\u00f3n Regional de Cafeticultores de Ocosingo) \u00a0A LOS PUEBLOS DE M\u00c9XICO Y DEL MUNDO A LOS MEDIOS DE INFORMACI\u00d3N NACIONALES E INTERNACIONALES A LOS ORGANISMOS DEFENSORES [&hellip;]<\/p>\n","protected":false},"author":21,"featured_media":43898,"comment_status":"open","ping_status":"closed","sticky":false,"template":"","format":"standard","meta":{"footnotes":""},"categories":[957,51,1024,955,826,954,935],"tags":[79,917,36,58,926,53,147,23,545,87,148,27,483],"class_list":["post-45257","post","type-post","status-publish","format-standard","has-post-thumbnail","hentry","category-autonomia","category-autor","category-cni-temas","category-ezln-temas","category-medios-libres-2","category-mexico","category-temas","tag-autonomia","tag-chiapas","tag-comunidades-zapatistas","tag-derechos-humanos","tag-ezln","tag-justicia","tag-militarizacion","tag-paramilitares","tag-pueblos-indigenas","tag-represion","tag-resistencia","tag-solidaridad","tag-tierra-y-territorio"],"_links":{"self":[{"href":"https:\/\/radiozapatista.org\/index.php?rest_route=\/wp\/v2\/posts\/45257","targetHints":{"allow":["GET"]}}],"collection":[{"href":"https:\/\/radiozapatista.org\/index.php?rest_route=\/wp\/v2\/posts"}],"about":[{"href":"https:\/\/radiozapatista.org\/index.php?rest_route=\/wp\/v2\/types\/post"}],"author":[{"embeddable":true,"href":"https:\/\/radiozapatista.org\/index.php?rest_route=\/wp\/v2\/users\/21"}],"replies":[{"embeddable":true,"href":"https:\/\/radiozapatista.org\/index.php?rest_route=%2Fwp%2Fv2%2Fcomments&post=45257"}],"version-history":[{"count":3,"href":"https:\/\/radiozapatista.org\/index.php?rest_route=\/wp\/v2\/posts\/45257\/revisions"}],"predecessor-version":[{"id":45262,"href":"https:\/\/radiozapatista.org\/index.php?rest_route=\/wp\/v2\/posts\/45257\/revisions\/45262"}],"wp:featuredmedia":[{"embeddable":true,"href":"https:\/\/radiozapatista.org\/index.php?rest_route=\/wp\/v2\/media\/43898"}],"wp:attachment":[{"href":"https:\/\/radiozapatista.org\/index.php?rest_route=%2Fwp%2Fv2%2Fmedia&parent=45257"}],"wp:term":[{"taxonomy":"category","embeddable":true,"href":"https:\/\/radiozapatista.org\/index.php?rest_route=%2Fwp%2Fv2%2Fcategories&post=45257"},{"taxonomy":"post_tag","embeddable":true,"href":"https:\/\/radiozapatista.org\/index.php?rest_route=%2Fwp%2Fv2%2Ftags&post=45257"}],"curies":[{"name":"wp","href":"https:\/\/api.w.org\/{rel}","templated":true}]}}