{"id":45253,"date":"2023-05-30T12:45:00","date_gmt":"2023-05-30T18:45:00","guid":{"rendered":"https:\/\/radiozapatista.org\/?p=45253"},"modified":"2023-05-30T12:45:00","modified_gmt":"2023-05-30T18:45:00","slug":"exigen-que-la-fgr-atraiga-las-investigaciones-sobre-el-asesinato-de-samir-flores","status":"publish","type":"post","link":"https:\/\/radiozapatista.org\/?p=45253","title":{"rendered":"[:es]Exigen que la FGR atraiga las investigaciones sobre el asesinato de Samir Flores[:]"},"content":{"rendered":"<p>[:es]Fuente: <a href=\"https:\/\/avispa.org\/exigen-que-la-fgr-atraiga-las-investigaciones-sobre-el-asesinato-de-samir-flores\/\">Avispa Midia<\/a><\/p>\n<div class=\"tdb-block-inner td-fix-index\">\n<p>A 51 meses del asesinato del ind\u00edgena n\u00e1huatl Samir Flores Soberanes, defensor de los bienes comunales de su pueblo, amenazados por los proyecto del Plan Integral Morelos (PIM), pueblos, colectivos y organizaciones denuncian la simulaci\u00f3n de la Fiscal\u00eda de Morelos en las investigaciones de su asesinato, ocurrido el 20 de febrero de 2019.<\/p>\n<p>Javier \u201cN\u201d, el Temalaco, es acusado por la Fiscal\u00eda General de Morelos como uno de los cuatro autores materiales del asesinato. Integrante de la diligencia del Partido del Trabajo en Morelos, junto con su hermano, se report\u00f3 en medios de comunicaci\u00f3n una segunda detenci\u00f3n del Temalaco por secuestro y narcotr\u00e1fico el 16 de septiembre de 2019.<\/p>\n<p class=\"has-vivid-cyan-blue-color has-text-color\">Te puede interesar \u2013 <a href=\"https:\/\/avispa.org\/tercer-aniversario-del-asesinato-de-samir-flores-enmarcado-por-agresiones-y-violencias\/\" target=\"_blank\" rel=\"noreferrer noopener\">Tercer aniversario del asesinato de Samir Flores enmarcado por agresi\u00f3n y violencia<\/a><\/p>\n<p>El Temalaco ya llevaba en la c\u00e1rcel dos a\u00f1os, cuando el Fiscal Uriel Carmona anunci\u00f3 el 30 de septiembre de 2021 su detenci\u00f3n como un avance en las investigaciones del asesinato de Samir. Fechas en que justamente el presidente de la Rep\u00fablica ven\u00eda a anunciar la inauguraci\u00f3n de la termoel\u00e9ctrica. \u201cPero el teatro se les cay\u00f3 y el presidente no inaugur\u00f3 la termoel\u00e9ctrica y se evidenci\u00f3 \u201cel chivo\u201d que ten\u00edan ya preparado en su asqueroso discurso de justicia y avances en la investigaci\u00f3n por el cobarde asesinato de Samir\u201d, sostiene el Frente de Pueblos en Defensa de la Tierra y el Agua \u2013 Morelos, Puebla, Tlaxcala (FPDTA \u2013 MPT).<\/p>\n<p>La coadyuvancia legal de la familia de Samir, a cargo del Grupo de Acci\u00f3n por los Derechos Humanos y la Justicia Social, con el objetivo de avanzar con las investigaciones, solicit\u00f3 diversos actos de investigaci\u00f3n y pruebas que pudieran dar paso a comprobar la responsabilidad, o no, del acusado y principalmente los motivos del asesinato, sin que fuera atendida debidamente por la Fiscal\u00eda, haci\u00e9ndose, \u201cliteralmente `pendeja\u00b4\u201d.<\/p>\n<p>Se solicit\u00f3 realizar un \u201ccorrecto an\u00e1lisis de contexto del motivo por el cual asesinaron a Samir, el cual est\u00e1 vinculado a su trabajo como comunicador ind\u00edgena y defensor de derechos humanos, as\u00ed como la integraci\u00f3n de pruebas que puedan cumplir con la funci\u00f3n de comprobar la acusaci\u00f3n que formula la fiscal\u00eda contra el Temalaco\u201d, dice el comunicado.<\/p>\n<p>En la \u00faltima audiencia, la Fiscal\u00eda formulaba una acusaci\u00f3n detallada de la participaci\u00f3n de Javier \u201cN\u201d en el asesinato de Samir, detalles, seg\u00fan el Frente, que no existen en la carpeta de investigaci\u00f3n y no se comprueban con las pruebas que ofrece. \u201cCon esa inconsistencia de acusaci\u00f3n y pruebas la Fiscal\u00eda pretende llevar a juicio al Temalaco, abriendo la puerta para su liberaci\u00f3n en la sentencia del juicio o mediante impugnaciones que pudieran suceder\u201d.<\/p>\n<p>La Fiscal\u00eda del Estado de Morelos \u201cno tiene una investigaci\u00f3n seria y s\u00f3lida en el caso de Samir y es por ello que exigimos sea cumplida la palabra del presidente de la Rep\u00fablica de que el caso sea atra\u00eddo por la Fiscal\u00eda General de la Rep\u00fablica\u201d.<\/p>\n<p>Exigen que el caso lo atraiga la Fiscal\u00eda Especial para la Atenci\u00f3n de Delitos Cometidos contra Periodistas (FEADP), ya que Samir era un comunicador ind\u00edgena y su asesinato est\u00e1 vinculado a la difusi\u00f3n y trabajo period\u00edstico que hacia en la radio con respecto al PIM.<\/p>\n<p>\u201cNuestro enojo se mira con el enojo de nuestro guardi\u00e1n, el volc\u00e1n Popocat\u00e9petl, quien hoy nos recuerda que no somos nada frente a \u00e9l, que su ej\u00e9rcito y derramamiento de sangre para imponer una termoel\u00e9ctrica, un gasoducto y un acueducto no son nada frente al volc\u00e1n, que su farsa nos puede costar millones de vidas y p\u00e9rdidas materiales\u201d, se\u00f1ala el frente de pueblos.<\/p>\n<\/div>\n<p>[:]<\/p>\n","protected":false},"excerpt":{"rendered":"<p>[:es]Fuente: Avispa Midia A 51 meses del asesinato del ind\u00edgena n\u00e1huatl Samir Flores Soberanes, defensor de los bienes comunales de su pueblo, amenazados por los proyecto del Plan Integral Morelos (PIM), pueblos, colectivos y organizaciones denuncian la simulaci\u00f3n de la Fiscal\u00eda de Morelos en las investigaciones de su asesinato, ocurrido el 20 de febrero de [&hellip;]<\/p>\n","protected":false},"author":21,"featured_media":45254,"comment_status":"open","ping_status":"closed","sticky":false,"template":"","format":"standard","meta":{"footnotes":""},"categories":[957,51,826,958,954,935],"tags":[79,58,53,567,147,23,545,87,148,27,483],"class_list":["post-45253","post","type-post","status-publish","format-standard","has-post-thumbnail","hentry","category-autonomia","category-autor","category-medios-libres-2","category-megaproyectos","category-mexico","category-temas","tag-autonomia","tag-derechos-humanos","tag-justicia","tag-megaproyectos","tag-militarizacion","tag-paramilitares","tag-pueblos-indigenas","tag-represion","tag-resistencia","tag-solidaridad","tag-tierra-y-territorio"],"_links":{"self":[{"href":"https:\/\/radiozapatista.org\/index.php?rest_route=\/wp\/v2\/posts\/45253","targetHints":{"allow":["GET"]}}],"collection":[{"href":"https:\/\/radiozapatista.org\/index.php?rest_route=\/wp\/v2\/posts"}],"about":[{"href":"https:\/\/radiozapatista.org\/index.php?rest_route=\/wp\/v2\/types\/post"}],"author":[{"embeddable":true,"href":"https:\/\/radiozapatista.org\/index.php?rest_route=\/wp\/v2\/users\/21"}],"replies":[{"embeddable":true,"href":"https:\/\/radiozapatista.org\/index.php?rest_route=%2Fwp%2Fv2%2Fcomments&post=45253"}],"version-history":[{"count":1,"href":"https:\/\/radiozapatista.org\/index.php?rest_route=\/wp\/v2\/posts\/45253\/revisions"}],"predecessor-version":[{"id":45255,"href":"https:\/\/radiozapatista.org\/index.php?rest_route=\/wp\/v2\/posts\/45253\/revisions\/45255"}],"wp:featuredmedia":[{"embeddable":true,"href":"https:\/\/radiozapatista.org\/index.php?rest_route=\/wp\/v2\/media\/45254"}],"wp:attachment":[{"href":"https:\/\/radiozapatista.org\/index.php?rest_route=%2Fwp%2Fv2%2Fmedia&parent=45253"}],"wp:term":[{"taxonomy":"category","embeddable":true,"href":"https:\/\/radiozapatista.org\/index.php?rest_route=%2Fwp%2Fv2%2Fcategories&post=45253"},{"taxonomy":"post_tag","embeddable":true,"href":"https:\/\/radiozapatista.org\/index.php?rest_route=%2Fwp%2Fv2%2Ftags&post=45253"}],"curies":[{"name":"wp","href":"https:\/\/api.w.org\/{rel}","templated":true}]}}