{"id":45247,"date":"2023-05-30T12:40:43","date_gmt":"2023-05-30T18:40:43","guid":{"rendered":"https:\/\/radiozapatista.org\/?p=45247"},"modified":"2023-05-30T12:40:43","modified_gmt":"2023-05-30T18:40:43","slug":"pensadores-y-organizaciones-del-mundo-condenan-ataque-contra-zapatistas-por-parte-de-la-orcao-y-guerra-de-contrainsurgencia","status":"publish","type":"post","link":"https:\/\/radiozapatista.org\/?p=45247","title":{"rendered":"Pensadores y organizaciones del mundo condenan ataque contra zapatistas por parte de la ORCAO y guerra de contrainsurgencia"},"content":{"rendered":"<p><\/p>\n<h3 style=\"text-align: center;\">Pronunciamiento<\/h3>\n<p><strong>Repudiamos el \u00faltimo ataque perpetrado por la organizaci\u00f3n paramilitar ORCAO en contra de la comunidad Aut\u00f3noma Zapatista de Mois\u00e9s y Gandhi, Municipio Aut\u00f3nomo Lucio Caba\u00f1as, Caracol 10. Exigimos alto a la guerra prolongada de desgaste en Chiapas y a la impunidad y complicidad de todos los niveles de gobierno involucrados.<\/strong><\/p>\n<p>Al Estado y al Gobierno Mexicano<br \/>\nA la sociedad civil local, nacional e internacional<br \/>\nA los organismos defensores de derechos humanos<br \/>\nA la prensa local, nacional e internacional<br \/>\nA los movimientos, luchas dignas y rebeldes<\/p>\n<p style=\"text-align: right;\">Planeta Tierra, 25 de mayo de 2023<\/p>\n<p style=\"text-align: left;\">Los y las abajo firmantes nos pronunciamos desde diferentes lugares de Am\u00e9rica Latina, el Caribe, EE.UU, Europa y allende los mares, ante la terrible informaci\u00f3n que nos ha llegado sobre el ataque armado perpetrado por el grupo paramilitar de la Organizaci\u00f3n Regional de Cafeticultores de Ocosingo (ORCAO) hacia las Bases de Apoyo del Ej\u00e9rcito Zapatista de Liberaci\u00f3n Nacional (BAEZLN) la noche del 22 de mayo del presente a\u00f1o (2023). Para quienes no est\u00e9n informados les compartimos lo que redes de defensoras de derechos humanos enraizadas en Chiapas nos comparten. Se trat\u00f3 de:<\/p>\n<blockquote><p>\u2026un ataque armado de horas y desde donde se dispararon cientos de balas. Resultando herido de gravedad nuestro compa\u00f1ero BAEZLN [Base de Apoyo] del EZLN Gilberto L\u00f3pez S\u00e1ntiz.<\/p>\n<p>[El ataque fue perpetrado por] la organizaci\u00f3n criminal de la ORCAO. Grupo armado que no ha cesado en violentar, amedrentar, hostigar, secuestrar, torturar, robar, destruir y pretender despojar de las tierras recuperadas a los pueblos del EZLN.<\/p>\n<p>Como Red de Resistencias y Rebeld\u00edas AJMAQ junto con otras organizaciones, colectivxs e individuxs hemos realizado Caravanas y visitas de observaci\u00f3n desde octubre del 2020 para documentar, comunicar, difundir y denunciar las acciones criminales de dicho grupo paramilitar. Recogiendo puntualmente los testimonios de hombres, ancianos, mujeres, j\u00f3venxs y ni\u00f1xs desde el 2019.\u00a0 Estas agresiones empezaron con cercos y loteos en los trabajaderos de las tierras recuperadas, as\u00ed como da\u00f1os y destrucci\u00f3n de los sembrad\u00edos colectivos.<\/p>\n<p>A inicios del 2020 se sumaron a las agresiones los robos de cultivos, destrucci\u00f3n de alambrados y postes, presencia de gente armada y con radios port\u00e1tiles en la comunidad y montando guardias, amenazas verbales y escritas, intimidaciones y agresiones f\u00edsicas a compas BAEZLN, quema y fumigaci\u00f3n de sembrad\u00edos, robo de las tiendas de las comunidades aut\u00f3nomas, quema de colmenas, destrozos en la Escuela Secundaria Aut\u00f3noma y detonaciones de armas de fuego.<\/p><\/blockquote>\n<p>Desde agosto del 2020 se hizo p\u00fablica la quema y destrucci\u00f3n del Comedor de las compa\u00f1eras zapatistas y la Tienda Regional el Arcoiris por parte de la ORCAO en el crucero Cuxulj\u00e1. Mismo lugar que hoy est\u00e1 en control de este grupo paramilitar. Seguido de ataques y disparos de armas de fuego de distintos calibres al interior de las comunidades aut\u00f3nomas, poniendo en riesgo a hombres, mujeres, ni\u00f1os, ni\u00f1as, abuelas y abuelos que tienen que buscar refugio de las balas, o tirarse en el lodo en plena madrugada ya que se han dado ataques durante noches y d\u00edas enteros (Red de Resistencias y Rebeld\u00edas AJMAQ, tomado de <a href=\"https:\/\/radiozapatista.org\/?p=45174\">https:\/\/radiozapatista.org\/?p=45174<\/a>).<\/p>\n<p>La guerra contrainsurgente como respuesta a las demandas del movimiento zapatista acompa\u00f1a la historia de los \u00faltimos 30 a\u00f1os de vida de Chiapas y M\u00e9xico. La guerra no empez\u00f3 ah\u00ed, ven\u00eda desde un pasado lejano como apunta la Primera Declaraci\u00f3n de la Selva Lacandona pero, en 1994, se vuelve contrainsurgente con el <em>Plan Chiapas<\/em> as\u00ed como con una estrategia para combatir lo que los <em>think tanks<\/em> del Imperio norteamericano llamaron <em>Zapatista Social Netwar<\/em> (la guerra de redes sociales zapatista). Desde entonces hasta la fecha existe una amplia documentaci\u00f3n (period\u00edstica, acad\u00e9mica y de organismos de derechos humanos) de c\u00f3mo ha operado eso que hoy nombramos \u201cguerra prolongada de desgaste\u201d emergente en medio de unos acuerdos de paz traicionados y una reforma constitucional de 2001 que solo reconoce una autonom\u00eda con derechos acotados en el \u00e1mbito comunitario.<\/p>\n<p>Las formas de combatir y exterminar al zapatismo han sido permanentes, m\u00faltiples y diversas. En esa historia destacan las formas de cooptaci\u00f3n econ\u00f3mica a las organizaciones campesinas e ind\u00edgenas de Chiapas. Ella se ha dado independientemente del color de partido o gobierno en el poder. Esas estrategias se han sostenido v\u00eda la administraci\u00f3n clientelar de los programas sociales gubernamentales, la compra de votos, la compra de l\u00edderes antes independientes y aut\u00f3nomos. Hasta llegar a tener -luego de 30 a\u00f1os de esas acciones y de m\u00e1s que ac\u00e1 no mencionamos-, organizaciones campesinas e ind\u00edgenas que se han merecido el t\u00edtulo de \u201cparamilitares\u201d. Tal es el caso de la ORCAO, agresora sistem\u00e1tica de las bases de apoyo zapatistas. Lo que sucedi\u00f3 este 22 de mayo de 2023 es, por desgracia, resultado de una estrategia mayor, permanente y constante. Sus resultados son parte ya de una memoria colectiva de agravio en las comunidades zapatistas y nos muestra un rostro de la(s) guerra(s) vigente(s) en Chiapas. Ella(s) tiene(n) responsables concretos en el Estado mexicano y sus diferentes niveles de gobierno.<\/p>\n<p>Ante lo anterior nos pronunciamos colectivamente y con contundencia de la siguiente manera:<\/p>\n<p>1.- Los y las abajo firmantes estamos desde diferentes geograf\u00edas siguiendo de cerca los acontecimientos, difundiendo la situaci\u00f3n a trav\u00e9s de nuestros medios libres y nuestros espacios h\u00edbridos de academia-otra, activismos y movimientos.<\/p>\n<p>2.- Reiteramos que desde nuestras geograf\u00edas estamos atentas a la grave situaci\u00f3n de salud del compa\u00f1ero base de apoyo zapatista: Gilberto L\u00f3pez S\u00e1ntiz. Abonamos nuestra energ\u00eda para su pronta recuperaci\u00f3n.<\/p>\n<p>3.- Reiteramos por este medio nuestra solidaridad con el EZLN y nuestro repudio total a lo acontecido y exigimos al Estado mexicano y a todos los niveles de gobierno, la intervenci\u00f3n inmediata para poner fin y cesar las mil formas de violencia que se ejercen contra las comunidades zapatistas y las comunidades en resistencia que caminan la autonom\u00eda de facto y que vimos desplegarse en la Caravana El Sur Resiste organizada recientemente por el Congreso Nacional Ind\u00edgena.<\/p>\n<p style=\"text-align: center;\"><strong>\u00a1Exigimos alto a la guerra en Chiapas!<br \/>\n<\/strong><strong>\u00a1Alto total a la impunidad y complicidad de todos los niveles de gobierno involucrados!<br \/>\n<\/strong><strong>\u00a0<\/strong><strong>\u00a1Lxs zapatistas no est\u00e1n solxs!<br \/>\n<\/strong><strong>\u00a1Lxs miembros del Congreso Nacional Ind\u00edgena<br \/>\n<\/strong><strong>y de la Caravana El Sur Resiste, no est\u00e1n solxs!<\/strong><\/p>\n<p>&nbsp;<\/p>\n<h4>Firmas personales<\/h4>\n<p><!--more--><br \/>\nXochitl Leyva Solano (Regi\u00f3n\u00a0 Maya, CIESAS Sureste; GT CUTER CLACSO)<br \/>\nJorge Alonso (Guadalajara, CIESAS Occidente; GT CUTER CLACSO)<br \/>\nArturo Escobar (Colombia, GT\u00a0 CUTER CLACSO)<br \/>\nJes\u00fas Gonz\u00e1lez Pazos (Euskal Herria\/Pa\u00eds Vasco, GT CUTER CLACSO)<br \/>\nPablo Uc (Ciesas Sureste; GT CUTER CLACSO)<br \/>\nAxel K\u00f6hler (CESMECA-UNICAC, GT CUTER CLACSO)<br \/>\nAlain Basail Rodr\u00edguez (CESMECA-UNICACH, GT CUTER CLACSO)<br \/>\nCarmen Ventura Pati\u00f1o (El Colegio de Michoac\u00e1n)<br \/>\nLaurence Cox (catedr\u00e1tico de sociolog\u00eda, Universidad Nacional de Irlanda Maynooth)<br \/>\nIn\u00e9s Dur\u00e1n Matute (CIESAS Occidente, GT CUTER CLACSO)<br \/>\nRosa Elva Z\u00fa\u00f1iga L\u00f3pez (CEAAL Continental)<br \/>\nGuadalupe Mac\u00edas (CEP Parras)<br \/>\nPatricia Botero-G\u00f3mez (Centro de estudios independientes, Color tierra, Colombia, GT CUTER CLACSO)<br \/>\nAlberto C. Vel\u00e1zquez Sol\u00eds (UICAM, GT CUTER)<br \/>\nIrene Dom\u00ednguez Beltr\u00e1n (CESMECA, GT CUTER CLACSO)<br \/>\nRoberto Paulo Orozco Hern\u00e1ndez (ITESO, Guadalajara)<br \/>\nRoberto de la Rosa D\u00e1vila (salaverna mazapil, Zacatecas)<br \/>\nLeonidas Oikonomakis (Profesor Adjunto de Sociolog\u00eda, Universidad de Creta, Grecia)<br \/>\nItandehui Olivera (PAX-NL)<br \/>\nTheodoros Karyotis (Investigador doctoral, Departamento de Estudios de Conflicto y Desarrollo, Universidad de Gante, B\u00e9lgica)<br \/>\nMarina Cadaval Narezo (International Institute of Social Studies, Erasmus University of Rotterdam)<br \/>\nPaulina Trejo M\u00e9ndez (Bonn Alemania)<br \/>\nAna Paula Morel (Universidade Federal Fluminense, Brasil\/ GT CUTER CLACSO)<br \/>\nVittorio Sergi (Universidad de Urbino &#8211; Italia)<br \/>\nRobert Curley (Universidad de Guadalajara)<br \/>\nJorge Regalado (Universidad de Guadalajara)<br \/>\nElena Hern\u00e1ndez \u00c1guila (Universidad de Guadalajara)<br \/>\nRuth Sosa, Universidad Nacional de Rosario, Argentina<br \/>\nGustavo Oliveira (CIDE &#8211; M\u00e9xico \/ GT ACySE CLACSO)<br \/>\nCarlos Alberto Gonz\u00e1lez Zepeda (GI-SEMMI UAM-Cuajimalpa, M\u00e9xico)<br \/>\nAlejandro Cabello (Universidad de Guadalajara)<br \/>\nMario Gil\u00a0 (CAPMO Qu\u00e9bec)<br \/>\nAna, S. Monz\u00f3n (Usac, Guatemala)<br \/>\nJos\u00e9 Casillas Mart\u00ednez (Centro de Estudios e Investigaci\u00f3n de la Barranca -CEIBA)<br \/>\nJos\u00e9 Salvador Zepeda L\u00f3pez (Universidad Aut\u00f3noma de Nayarit)<br \/>\nJaqueline Gallegos Lara (AfroComunicacionesEc)<br \/>\nCarlos Barba (Universidad de Guadalajara)<br \/>\nBenjam\u00edn Chapa (Universidad de Guadalajara)<br \/>\nRegina Ozuna Agustimiano (Red Cupape, colectivo para la promoci\u00f3n de comida sana y natural)<br \/>\nRosa Martha Romo Beltr\u00e1n (Investigadora SNI)<br \/>\nRosa Mar\u00eda Pineda Trujillo (Universidad de Guadalajara)<br \/>\nCelina G. Becerra (Universidad de Guadalajara, M\u00e9xico)<br \/>\nBriseida G. Olvera (Universidad de Guadalajara)<br \/>\nZeyda Rodr\u00edguez (Universidad de Guadalajara)<br \/>\nArmando Renteria Castillo (Universidad de Guadalajara)<br \/>\nLina \u00c1lvarez Villarreal (Universidad de Los Andes, Colombia)<br \/>\nTerry Carol Spitzer (Acad\u00e9mica independiente)<br \/>\nLaura Collin Tijtoca Nemilitztli y COLTLAX<\/p>\n<h4>Firmas colectivas<\/h4>\n<p>-Grupo de Trabajo \u201cCuerpos, Territorios, Resistencias\u201d (GT CUTER) de CLACSO<br \/>\n-Proyecto Videoastas Ind\u00edgenas de la Frontera Sur (PVIFS, Chiapas)<br \/>\n-Aukin, medio aut\u00f3nomo de comunicaci\u00f3n mapuche (Wallmapu)<br \/>\n-C\u00e1tedra Jorge Alonso (Guadalajara, Jalisco, M\u00e9xico)<br \/>\n-Colectivo Mexicano de CEAAL (M\u00e9xico)<br \/>\n-Consejo de Educaci\u00f3n Popular de Am\u00e9rica Latina y el Caribe &#8211; CEAAL<br \/>\n-CEP Parras (Coahuila)<br \/>\n-Servicios para una Educaci\u00f3n Alternativa AC EDUCA (Oaxaca)<br \/>\n-Instituto Mexicano para el Desarrollo Comunitario, A.C. (IMDEC) M\u00e9xico.<br \/>\n-C\u00e1tedra de la Interculturalidad\/Seminario de Epistemolog\u00edas Decoloniales (Universidad de Guadalajara)<br \/>\n-Tejido de Colectivos-Universidad de la Tierra Manizales-Caldas y Suroccidente Colombiano<br \/>\n-Cooperativa de la Red de Amaranto de la Mixteca Oaxaque\u00f1a<br \/>\n-Iniciativa de Solidaridad con la F\u00e1brica Recuperada VIOME (Tesal\u00f3nica, Grecia)<br \/>\n-Eureka Jalisco<br \/>\n-Observatorio de Derechos Humanos Afroecuatoriano &#8211; ODHA<br \/>\n-Red Internacional del Observatorio de Derechos Humanos de los Pueblos &#8211; sede M\u00e9xico.<br \/>\n-Colectivo Armadillo (Finlandia)<br \/>\n-Colectivo Weaving Realities (Paises Bajos y M\u00e9xico)<\/p>\n<p>&nbsp;<\/p>\n<p>Tomado de <a href=\"https:\/\/www.clacso.org\/repudiamos-el-ultimo-ataque-perpetrado-por-la-organizacion-paramilitar-orcao\/\" target=\"_blank\" rel=\"noopener\">https:\/\/www.clacso.org\/repudiamos-el-ultimo-ataque-perpetrado-por-la-organizacion-paramilitar-orcao\/<\/a><\/p>","protected":false},"excerpt":{"rendered":"<p>Pronunciamiento Repudiamos el \u00faltimo ataque perpetrado por la organizaci\u00f3n paramilitar ORCAO en contra de la comunidad Aut\u00f3noma Zapatista de Mois\u00e9s y Gandhi, Municipio Aut\u00f3nomo Lucio Caba\u00f1as, Caracol 10. Exigimos alto a la guerra prolongada de desgaste en Chiapas y a la impunidad y complicidad de todos los niveles de gobierno involucrados. Al Estado y al [&hellip;]<\/p>\n","protected":false},"author":1,"featured_media":45249,"comment_status":"open","ping_status":"closed","sticky":false,"template":"","format":"standard","meta":{"footnotes":""},"categories":[957,6,955,190],"tags":[917,36,235,926,260,23,545],"class_list":["post-45247","post","type-post","status-publish","format-standard","has-post-thumbnail","hentry","category-autonomia","category-chiapas","category-ezln-temas","category-radiozapatista","tag-chiapas","tag-comunidades-zapatistas","tag-contrainsurgencia","tag-ezln","tag-orcao","tag-paramilitares","tag-pueblos-indigenas"],"_links":{"self":[{"href":"https:\/\/radiozapatista.org\/index.php?rest_route=\/wp\/v2\/posts\/45247","targetHints":{"allow":["GET"]}}],"collection":[{"href":"https:\/\/radiozapatista.org\/index.php?rest_route=\/wp\/v2\/posts"}],"about":[{"href":"https:\/\/radiozapatista.org\/index.php?rest_route=\/wp\/v2\/types\/post"}],"author":[{"embeddable":true,"href":"https:\/\/radiozapatista.org\/index.php?rest_route=\/wp\/v2\/users\/1"}],"replies":[{"embeddable":true,"href":"https:\/\/radiozapatista.org\/index.php?rest_route=%2Fwp%2Fv2%2Fcomments&post=45247"}],"version-history":[{"count":1,"href":"https:\/\/radiozapatista.org\/index.php?rest_route=\/wp\/v2\/posts\/45247\/revisions"}],"predecessor-version":[{"id":45252,"href":"https:\/\/radiozapatista.org\/index.php?rest_route=\/wp\/v2\/posts\/45247\/revisions\/45252"}],"wp:featuredmedia":[{"embeddable":true,"href":"https:\/\/radiozapatista.org\/index.php?rest_route=\/wp\/v2\/media\/45249"}],"wp:attachment":[{"href":"https:\/\/radiozapatista.org\/index.php?rest_route=%2Fwp%2Fv2%2Fmedia&parent=45247"}],"wp:term":[{"taxonomy":"category","embeddable":true,"href":"https:\/\/radiozapatista.org\/index.php?rest_route=%2Fwp%2Fv2%2Fcategories&post=45247"},{"taxonomy":"post_tag","embeddable":true,"href":"https:\/\/radiozapatista.org\/index.php?rest_route=%2Fwp%2Fv2%2Ftags&post=45247"}],"curies":[{"name":"wp","href":"https:\/\/api.w.org\/{rel}","templated":true}]}}