{"id":45219,"date":"2023-05-26T18:49:11","date_gmt":"2023-05-27T00:49:11","guid":{"rendered":"https:\/\/radiozapatista.org\/?p=45219"},"modified":"2023-05-26T20:38:08","modified_gmt":"2023-05-27T02:38:08","slug":"crimen-organizado-toma-control-de-territorio-minero-en-chiapas","status":"publish","type":"post","link":"https:\/\/radiozapatista.org\/?p=45219","title":{"rendered":"Crimen organizado toma control de territorio minero en Chiapas"},"content":{"rendered":"<p>Fuente: <a href=\"https:\/\/avispa.org\/crimen-organizado-toma-control-de-territorio-minero-en-chiapas\/\" rel=\"noopener\" target=\"_blank\">Avispa Midia<\/a><br \/>\nPor Renata Bessi y Aldo Santiago<\/p>\n<p align=\"center\"><a href=\"https:\/\/radiozapatista.org\/wp-content\/uploads\/2023\/05\/Frontera_chiapas-2-1024x503.jpg\"><img loading=\"lazy\" decoding=\"async\" src=\"https:\/\/radiozapatista.org\/wp-content\/uploads\/2023\/05\/Frontera_chiapas-2-1024x503.jpg\" alt=\"\" width=\"800\" height=\"392\" class=\"aligncenter size-full wp-image-45209\" srcset=\"https:\/\/radiozapatista.org\/wp-content\/uploads\/2023\/05\/Frontera_chiapas-2-1024x503.jpg 800w, https:\/\/radiozapatista.org\/wp-content\/uploads\/2023\/05\/Frontera_chiapas-2-1024x503-350x172.jpg 350w, https:\/\/radiozapatista.org\/wp-content\/uploads\/2023\/05\/Frontera_chiapas-2-1024x503-768x376.jpg 768w\" sizes=\"auto, (max-width: 800px) 100vw, 800px\" \/><\/a><br \/>\n<small>Grupos armados incendiaron veh\u00edculos para bloquear v\u00edas carreteras durante enfrentamientos registrados el jueves 25 de mayo en la frontera sur de M\u00e9xico con Guatemala.<\/small><\/p>\n<p>Este jueves (25), en la zona sur de Chiapas, regi\u00f3n fronteriza entre M\u00e9xico y Guatemala, se registraron enfrenamientos entre integrantes del C\u00e1rtel de Sinaloa y el C\u00e1rtel Jalisco Nueva Generaci\u00f3n (CJNG).<\/p>\n<p>Durante todo el d\u00eda circularon audios para alertar a la poblaci\u00f3n de los sucesos violentos. Tambi\u00e9n se registraron la aparici\u00f3n de mantas y pintas que dejaron los grupos del crimen organizado. Destacan los testimonios de habitantes de la regi\u00f3n, quienes reportan que personas armadas han entrado en las viviendas para obligar a los hombres j\u00f3venes a participar en los enfrentamientos, bajo la amenaza de ser asesinados.<\/p>\n<p>Reportan tambi\u00e9n que comunidades enteras se quedaron incomunicadas por bloqueos de carreteras y caminos, quema de veh\u00edculos, suspensi\u00f3n de clases y cortes de luz el\u00e9ctrica.<\/p>\n<p><!--more--><br \/>\n<center><\/p>\n<figure class=\"is-layout-flex wp-block-gallery-1 wp-block-gallery has-nested-images columns-2 is-cropped\">\n<figure class=\"wp-block-image size-large\"><a class=\"td-modal-image\" href=\"https:\/\/avispa.org\/wp-content\/uploads\/2023\/05\/Violencia-Frontera-Comalapa-2.jpg\"><img loading=\"lazy\" decoding=\"async\" class=\"wp-image-98556 td-animation-stack-type0-2\" src=\"https:\/\/avispa.org\/wp-content\/uploads\/2023\/05\/Violencia-Frontera-Comalapa-2.jpg\" sizes=\"auto, (max-width: 800px) 100vw, 800px\" srcset=\"https:\/\/avispa.org\/wp-content\/uploads\/2023\/05\/Violencia-Frontera-Comalapa-2.jpg 800w, https:\/\/avispa.org\/wp-content\/uploads\/2023\/05\/Violencia-Frontera-Comalapa-2-300x225.jpg 300w, https:\/\/avispa.org\/wp-content\/uploads\/2023\/05\/Violencia-Frontera-Comalapa-2-768x576.jpg 768w, https:\/\/avispa.org\/wp-content\/uploads\/2023\/05\/Violencia-Frontera-Comalapa-2-696x522.jpg 696w, https:\/\/avispa.org\/wp-content\/uploads\/2023\/05\/Violencia-Frontera-Comalapa-2-560x420.jpg 560w, https:\/\/avispa.org\/wp-content\/uploads\/2023\/05\/Violencia-Frontera-Comalapa-2-80x60.jpg 80w, https:\/\/avispa.org\/wp-content\/uploads\/2023\/05\/Violencia-Frontera-Comalapa-2-265x198.jpg 265w\" alt=\"\" width=\"800\" height=\"600\" data-id=\"98556\" \/><\/a><\/figure>\n<figure class=\"wp-block-image size-large\"><a class=\"td-modal-image\" href=\"https:\/\/avispa.org\/wp-content\/uploads\/2023\/05\/Violencia-Frontera-Comalapa.jpg\"><img loading=\"lazy\" decoding=\"async\" class=\"wp-image-98557 td-animation-stack-type0-2\" src=\"https:\/\/avispa.org\/wp-content\/uploads\/2023\/05\/Violencia-Frontera-Comalapa.jpg\" sizes=\"auto, (max-width: 338px) 100vw, 338px\" srcset=\"https:\/\/avispa.org\/wp-content\/uploads\/2023\/05\/Violencia-Frontera-Comalapa.jpg 338w, https:\/\/avispa.org\/wp-content\/uploads\/2023\/05\/Violencia-Frontera-Comalapa-169x300.jpg 169w, https:\/\/avispa.org\/wp-content\/uploads\/2023\/05\/Violencia-Frontera-Comalapa-237x420.jpg 237w\" alt=\"\" width=\"338\" height=\"600\" data-id=\"98557\" \/><\/a><\/figure>\n<figure class=\"wp-block-image size-large\"><a class=\"td-modal-image\" href=\"https:\/\/avispa.org\/wp-content\/uploads\/2023\/05\/Calles-vacias-debido-al-temor-por-los-eventos-violentos-en-la-region-fronteriza-de-Mexico-y-Guatemala-1024x768.jpg\"><img loading=\"lazy\" decoding=\"async\" class=\"wp-image-98552 td-animation-stack-type0-2\" src=\"https:\/\/avispa.org\/wp-content\/uploads\/2023\/05\/Calles-vacias-debido-al-temor-por-los-eventos-violentos-en-la-region-fronteriza-de-Mexico-y-Guatemala-1024x768.jpg\" sizes=\"auto, (max-width: 1024px) 100vw, 1024px\" srcset=\"https:\/\/avispa.org\/wp-content\/uploads\/2023\/05\/Calles-vacias-debido-al-temor-por-los-eventos-violentos-en-la-region-fronteriza-de-Mexico-y-Guatemala-1024x768.jpg 1024w, https:\/\/avispa.org\/wp-content\/uploads\/2023\/05\/Calles-vacias-debido-al-temor-por-los-eventos-violentos-en-la-region-fronteriza-de-Mexico-y-Guatemala-300x225.jpg 300w, https:\/\/avispa.org\/wp-content\/uploads\/2023\/05\/Calles-vacias-debido-al-temor-por-los-eventos-violentos-en-la-region-fronteriza-de-Mexico-y-Guatemala-768x576.jpg 768w, https:\/\/avispa.org\/wp-content\/uploads\/2023\/05\/Calles-vacias-debido-al-temor-por-los-eventos-violentos-en-la-region-fronteriza-de-Mexico-y-Guatemala-696x522.jpg 696w, https:\/\/avispa.org\/wp-content\/uploads\/2023\/05\/Calles-vacias-debido-al-temor-por-los-eventos-violentos-en-la-region-fronteriza-de-Mexico-y-Guatemala-1068x801.jpg 1068w, https:\/\/avispa.org\/wp-content\/uploads\/2023\/05\/Calles-vacias-debido-al-temor-por-los-eventos-violentos-en-la-region-fronteriza-de-Mexico-y-Guatemala-560x420.jpg 560w, https:\/\/avispa.org\/wp-content\/uploads\/2023\/05\/Calles-vacias-debido-al-temor-por-los-eventos-violentos-en-la-region-fronteriza-de-Mexico-y-Guatemala-80x60.jpg 80w, https:\/\/avispa.org\/wp-content\/uploads\/2023\/05\/Calles-vacias-debido-al-temor-por-los-eventos-violentos-en-la-region-fronteriza-de-Mexico-y-Guatemala-265x198.jpg 265w, https:\/\/avispa.org\/wp-content\/uploads\/2023\/05\/Calles-vacias-debido-al-temor-por-los-eventos-violentos-en-la-region-fronteriza-de-Mexico-y-Guatemala.jpg 1286w\" alt=\"\" width=\"1024\" height=\"768\" data-id=\"98552\" \/><\/a><figcaption class=\"wp-element-caption\"><em><sup>Calles vacias debido al temor por los eventos violentos en la region fronteriza de Me\u0301xico y Guatemala.<\/sup><\/em><\/figcaption><\/figure>\n<\/figure>\n<p><\/center><\/p>\n<p>El \u00e1rea de conflicto se extiende por una franja que abarca localidades como Pacayalito, salida hacia el municipio de Motozintla, as\u00ed como en el ejido Tres Maravillas, m\u00e1s al interior de M\u00e9xico, con direcci\u00f3n a Chicomuselo.<\/p>\n<p>El ejido Nueva Morelia, en Chicomuselo, ya estaba controlado por hombres armados desde el s\u00e1bado 20 de mayo, como reportan habitantes de la localidad, por el grupo paramilitar MAIZ, vinculado al C\u00e1rtel de Sinaloa. Al mismo tiempo, las entradas y salidas del pueblo estaban bloqueadas por integrantes de esta agrupaci\u00f3n.<\/p>\n<p>Tanto es as\u00ed que el mismo jueves, 25 de mayo, Milton Morales Zunun, del Movimiento Social por la Tierra (MST) fue desaparecido en una de las salidas de Chicomuselo por sujetos que pertenecen a MAIZ. \u201cLo bajaron de su camioneta, iba rumbo Tuxtla Guti\u00e9rrez para ver a su hija\u201d, asegura el movimiento. El defensor fue encontrado con vida horas despu\u00e9s.<\/p>\n<p class=\"has-vivid-cyan-blue-color has-text-color\">Te puede interesar &#8211; <a href=\"https:\/\/avispa.org\/chiapas-denuncian-contrainsurgencia-desplazamiento-y-complicidad-del-estado\/\" target=\"_blank\" rel=\"noreferrer noopener\">Chiapas, denuncian contrainsurgencia, desplazamiento y complicidad del Estado<\/a><\/p>\n<p>El motivo del control del grupo paramilitar es la actividad minera. El municipio de Chicomuselo est\u00e1 asentado sobre una gran reserva de barita. La minera canadiense Blackfire Exploration explot\u00f3 una de las diez concesiones hoy vigentes en Chicomuselo, la mina La Ampliaci\u00f3n La Revancha, hasta 2009, ubicada en el ejido Grecia, al lado del ejido Nueva Morelia.<\/p>\n<p>Blackfire Exploration, seg\u00fan la Tarjeta Minera de la Direcci\u00f3n General de Minas de la Secretar\u00eda de Econom\u00eda, todav\u00eda mantiene el t\u00edtulo de concesi\u00f3n de esta mina. De acuerdo con el mismo documento, el t\u00edtulo de la concesi\u00f3n original estaba en nombre de Trist\u00e1n Canales Reyna y la cesi\u00f3n de derecho fue otorgada a la minera canadiense en 2007.<\/p>\n<p>Blackfire, cuenta Juan Jos\u00e9, un habitante de Nueva Morelia, que no ser\u00e1 identificado con su nombre verdadero por cuestiones de seguridad, hab\u00eda pedido permiso al ejido para guardar el material que sacaba en el ejido Grecia. Este local es conocido como \u201cLa Plataforma\u201d. Despu\u00e9s que la minera dej\u00f3 el territorio, en 2009, parte de este material permaneci\u00f3 clausurado.<\/p>\n<figure class=\"wp-block-image size-large\"><a class=\"td-modal-image\" href=\"https:\/\/avispa.org\/wp-content\/uploads\/2023\/05\/Actividad-minera-en-Chicomuselo-1024x539.jpg\"><img loading=\"lazy\" decoding=\"async\" class=\"wp-image-98551 td-animation-stack-type0-2\" src=\"https:\/\/avispa.org\/wp-content\/uploads\/2023\/05\/Actividad-minera-en-Chicomuselo-1024x539.jpg\" sizes=\"auto, (max-width: 1024px) 100vw, 1024px\" srcset=\"https:\/\/avispa.org\/wp-content\/uploads\/2023\/05\/Actividad-minera-en-Chicomuselo-1024x539.jpg 1024w, https:\/\/avispa.org\/wp-content\/uploads\/2023\/05\/Actividad-minera-en-Chicomuselo-300x158.jpg 300w, https:\/\/avispa.org\/wp-content\/uploads\/2023\/05\/Actividad-minera-en-Chicomuselo-768x404.jpg 768w, https:\/\/avispa.org\/wp-content\/uploads\/2023\/05\/Actividad-minera-en-Chicomuselo-696x366.jpg 696w, https:\/\/avispa.org\/wp-content\/uploads\/2023\/05\/Actividad-minera-en-Chicomuselo-1068x562.jpg 1068w, https:\/\/avispa.org\/wp-content\/uploads\/2023\/05\/Actividad-minera-en-Chicomuselo-799x420.jpg 799w, https:\/\/avispa.org\/wp-content\/uploads\/2023\/05\/Actividad-minera-en-Chicomuselo.jpg 1080w\" alt=\"\" width=\"1024\" height=\"539\" \/><\/a><figcaption class=\"wp-element-caption\"><em><sup>Actividad minera en Chicomuselo. BlackFire Exploration oper\u00f3 en la zona entre 2008 y 2009<\/sup><\/em><\/figcaption><\/figure>\n<p>Juan cuenta que anteriormente se han presentado trabajadores de algunas empresas con el objetivo de sacar el material. \u201cSe iban porque les dec\u00edamos que no. La asamblea de la comunidad sacaba actas que se establec\u00eda que no se sacar\u00eda el material y se respetaba\u201d, cuenta.<\/p>\n<p>Pero esta vez fue diferente. Hombres armados se presentaron, por primera vez, el 17 de mayo, a las autoridades ejidales. \u201cNo se presentaron pidiendo permiso, como otros hab\u00edan hecho antes, sino que ahora dijeron: &lt;entramos porque entramos, si se meten con nosotros pues ya saben lo que les va a pasar&gt;\u201d.<\/p>\n<p>Dos d\u00edas despu\u00e9s, el 19 de mayo, se convoc\u00f3 una asamblea de la comunidad. Ya terminada la reuni\u00f3n, los hombres armados se presentaron nuevamente, haciendo nuevas amenazas. \u201cDijeron: todo va a estar en paz; si se meten ya van a ver, ya van a saber lo que va a pasar, no queremos ning\u00fan luchador social, nadie, ni la Iglesia ni nada que se meta con nosotros\u201d, relat\u00f3 Juan.<\/p>\n<p class=\"has-vivid-cyan-blue-color has-text-color\">Te puede interesar &#8211; <a href=\"http:\/\/Grupos%20armados%20incendiaron%20veh\u00edculos%20para%20bloquear%20v\u00edas%20carreteras%20durante%20enfrentamientos%20registrados%20el%20jueves%2025%20de%20mayo.jpg\" target=\"_blank\" rel=\"noreferrer noopener\">Se movilizan en Chiapas para exigir alto a la miner\u00eda y a la violencia<\/a><\/p>\n<p>Avisaron que iban a empezar a sacar el material a partir del s\u00e1bado, 20 de mayo, y que tardar\u00edan entre 8 y 10 d\u00edas. \u201cEmpezaron a saquear, a acarrear hasta de noche, vino mucha gente, con carros, tr\u00e1ilers, m\u00e1quinas. El ejido est\u00e1 vulnerable, hay ni\u00f1os, mujeres, ancianos. No podemos hacer m\u00e1s nada\u201d, se\u00f1ala, mientras todo el ejido estaba bloqueado.<\/p>\n<p>Hace ocho meses aproximadamente, recuerda Juan, empezaron enfrentamientos en Paso Hondo, en Chamic, entre Comit\u00e1n hacia Comalapa. \u201cYa no pod\u00eda viajar la gente, empezaron a revisar los carros y empezaron a tomar comunidades. Se pusieron a cobrar como un impuesto y les pon\u00eda un logotipo. Por ejemplo, un restaurante ten\u00eda logotipo del MAIZ, porque ofrec\u00edan protecci\u00f3n. El que no ten\u00eda logotipo, llegaban y amenazaban. Estaban pues aprovechando, saqueando todo lo que hay, aprovechando las mineras tambi\u00e9n\u201d, cuenta Jos\u00e9.<\/p>\n<p>Agust\u00edn \u00c1vila Romero, encargado del Despacho de la Direcci\u00f3n General del Instituto Nacional de Ecolog\u00eda y Cambio Clim\u00e1tico (Inecc), de la Secretar\u00eda de Medio Ambiente y Recursos Naturales (Semanart), quien ha acompa\u00f1ado y emitido notas de apoyo a la comunidad, reconoce que lo que est\u00e1 ocurriendo es el control territorial del narcotr\u00e1fico. Ya lo hab\u00eda hecho, como describi\u00f3 Jos\u00e9, \u201cen Frontera Comalapa y se extend\u00eda hacia Chicomuselo, con la amenaza a los compa\u00f1eros, sobre todo, con la utilizaci\u00f3n de un grupo paramilitar, que se mete a lo que es la explotaci\u00f3n minera\u201d, dijo Romero.<\/p>\n<p>Ahora, con el enfrentamiento de ayer, \u201cgira (la situaci\u00f3n) porque entra en acci\u00f3n el otro cartel (Jalisco Nueva Generaci\u00f3n) y entonces tristemente son los m\u00e1s vulnerables los que est\u00e1n ya sufriendo en estos momentos, porque est\u00e1n viviendo el desplazamiento de personas, toda una pol\u00edtica de miedo y terror\u201d, sostiene \u00c1vila Romero.<\/p>\n<h3 id=\"h-el-estado\" class=\"has-black-color has-text-color\"><strong>\u00bfEl Estado?<\/strong><\/h3>\n<p>En un oficio firmado por Romero direccionado a Daniel N\u00e1jera Piedra, Secretario Particular de la presidente de la Comisi\u00f3n Nacional de los Derechos Humanos (CNDH), de 18 de mayo, se solicita la \u201cinmediata intervenci\u00f3n de las instituciones correspondientes de impartir justicia para activar protocolos de protecci\u00f3n para las personas defensoras, as\u00ed como el resguardo inmediato por parte de la Guardia Nacional, cuerpos de seguridad del estado y municipio, para salvaguardar y proteger a las personas quienes est\u00e1n siendo directamente amenazadas, as\u00ed como para quienes han sido hostigados por dicho grupo\u201d.<\/p>\n<p>En el oficio se denuncia que \u201clas comunidades del municipio se encuentran en un contexto de conflictividad social y violencia, el cual es generado por grupos del crimen organizado, quienes adem\u00e1s, han estado directamente vinculados a las empresas dedicadas a la extracci\u00f3n minera\u201d.<\/p>\n<p>La CNDH respondi\u00f3 que otorgar\u00eda las medidas cautelares, sin embargo, reconoce Romero, \u201chasta ahorita (25 de mayo por la noche) no ha llegado el Ej\u00e9rcito, ni la Guardia Nacional, ni las fuerzas de seguridad estatales a la zona\u201d.<\/p>\n<p>De acuerdo con Elisa Cruz Rodas, especialista en manejo de conflictos socioambientales, la regi\u00f3n fronteriza de Chiapas \u201ces tierra de nadie; estas personas llegan a la comunidad y dicen: mi empresa no tiene nombre, yo me valgo por mis propias pistolas; el papel del gobierno ser\u00eda apegarse al Estado de Derecho y hacer cumplir las leyes\u201d.<\/p>\n<p>Juan se\u00f1ala que ya hace meses que \u201cellos (grupos armados) hacen lo que quieren, tienen el control del municipio; entran y sale de los pueblos, pasan enfrente al cuartel de la Sedena (Secretaria de Defensa Nacional) y no les dicen nada\u201d.<\/p>\n<p>En un comunicado, la Red Nacional de Organismos Civiles de Derechos Humanos \u201cTodos los Derechos para Todas y Todos\u201d (Red TDT), la Mesa de Coordinaci\u00f3n Transfronteriza Migraciones y G\u00e9nero Guatemala \u2013 M\u00e9xico (MTMG) y el Colectivo de Monitoreo \u2013 Frontera Sur exigen que \u201cel Estado mexicano y las autoridades correspondientes intervengan de manera urgente para frenar la violencia y el terror que se viven en la Regi\u00f3n Frontera de Chiapas\u201d.<\/p>\n<h3 class=\"has-black-color has-text-color\"><strong>\u00bfQui\u00e9n compra?<\/strong><\/h3>\n<p>La actividad minera deja mayor cantidad de ganancia econ\u00f3mica que la misma actividad de las drogas a los grupos delincuenciales, se\u00f1ala Romero. \u201cLo incre\u00edble es todo el sistema de opacidad, de corrupci\u00f3n que permite esto, porque no solamente es el hecho de que lleguen unos grupos armados a amenazar a una mesa directiva de un ejido y exigi\u00e9ndoles el derecho de paso para hacer la explotaci\u00f3n minera, sino es el hecho de que esa mina finalmente va a extraer un material y \u00bfc\u00f3mo se comercializa eso en el mercado?\u201d.<\/p>\n<p>Existe, seg\u00fan el funcionario del gobierno federal, toda una cadena de valor alrededor de la miner\u00eda que pasa por diferentes etapas que deber\u00edan tener el control del Estado. \u201cDesde los transportes que se est\u00e1n utilizando hasta su llegada a la aduana, probablemente para la exportaci\u00f3n y transformaci\u00f3n en otros pa\u00edses\u201d.<\/p>\n<p>Adem\u00e1s, desde el ejido Grecia hasta Tuxtla Guti\u00e9rrez o hasta Puerto Madero, \u201co donde se est\u00e9 comercializando (el material), pues, hay cientos de kil\u00f3metros que atraviesan diferentes controles federales o estatales en materia de seguridad; (\u2026) est\u00e1 haci\u00e9ndose de manera ilegal todo el proceso de comercializaci\u00f3n de estos minerales\u201d, se\u00f1ala.<\/p>\n<p>\u201cEntonces esto es algo que se ha dejado crecer y que al final pues lo que est\u00e1 dando es un control territorial a los grupos delincuenciales sin una presencia importante que deber\u00eda tener el Estado mexicano\u201d.<\/p>\n<h3 class=\"has-black-color has-text-color\"><strong>Blackfire no se olvida<\/strong><\/h3>\n<p>La mina conocida como Ampliaci\u00f3n La Revancha, ubicada en el kil\u00f3metro 45 del tramo Chicomuselo-Barrio San Ram\u00f3n, en el ejido Grecia, fue clausurada el 7 de diciembre de 2009 por incumplir normas ambientales del estado.<\/p>\n<p>En el resolutivo del expediente de la Procuradur\u00eda Federal de Protecci\u00f3n al Ambiente (Profepa), Delegaci\u00f3n Chiapas, de junio de 2010, revisado para este reportaje, consta:<\/p>\n<p>\u201cen el lugar donde se realiza el proyecto mina Ampliaci\u00f3n La Revancha, se encontr\u00f3 afectaci\u00f3n de 3.5 hect\u00e1reas de vegetaci\u00f3n de encino que no corresponde a la autorizada en el resolutivo de impacto ambiental, implement\u00e1ndose como medida de seguridad la clausura temporal total de las actividades de extracci\u00f3n\u201d.<\/p>\n<p>Sin embargo, la Red Mexicana de Afectados por la Minera (REMA) nombr\u00f3 como \u201csimulaci\u00f3n como pol\u00edtica de Estado\u201d, a los sucesos que se llevaron a cabo despu\u00e9s de la clausura temporal.<\/p>\n<p>Incluso, Blackfire Exploration amenaz\u00f3 con presentar una demanda contra M\u00e9xico en el marco del Tratado de Libre Comercio de Am\u00e9rica del Norte (TLCAN) por un monto de 800 millones de d\u00f3lares. Sin embargo, no present\u00f3 la demanda.<\/p>\n<p>Aqu\u00ed hacemos un recuento de los sucesos a partir de un comunicado publicado por la REMA-Chiapas, en septiembre de 2010.<\/p>\n<p>El 15 de enero de 2009, el Encargado de la Delegaci\u00f3n de la Secretar\u00eda del Medio Ambiente y Recursos Naturales en el Estado de Chiapas presenta denuncia popular por violaciones a la normatividad ambiental, en relaci\u00f3n al cambio de uso del suelo de terrenos forestales dada la explotaci\u00f3n minera de la Blackfire Exploration.<\/p>\n<p>El 26 de enero de 2009, la Delegaci\u00f3n de la Profepa, en Chiapas, admite la denuncia p\u00fablica, abriendo el expediente PFPA\/14.7\/2C.28.2\/0017-09.<\/p>\n<p>El mismo 26 de enero, el defensor del territorio Mariano Abarca Roblero, junto con otras personas, present\u00f3 denuncia popular contra la explotaci\u00f3n de la mina hecha por Blackfire Exploration, dadas las irregularidades ambientales.<\/p>\n<div class=\"wp-block-image\">\n<figure class=\"aligncenter size-full\"><a class=\"td-modal-image\" href=\"https:\/\/avispa.org\/wp-content\/uploads\/2022\/05\/Mx-Chiapas-Mariano-Abarca.jpg\"><img loading=\"lazy\" decoding=\"async\" class=\"wp-image-50572 td-animation-stack-type0-2\" src=\"https:\/\/avispa.org\/wp-content\/uploads\/2022\/05\/Mx-Chiapas-Mariano-Abarca.jpg\" sizes=\"auto, (max-width: 500px) 100vw, 500px\" srcset=\"https:\/\/avispa.org\/wp-content\/uploads\/2022\/05\/Mx-Chiapas-Mariano-Abarca.jpg 500w, https:\/\/avispa.org\/wp-content\/uploads\/2022\/05\/Mx-Chiapas-Mariano-Abarca-300x225.jpg 300w\" alt=\"\" width=\"500\" height=\"375\" \/><\/a><figcaption class=\"wp-element-caption\"><em><sup>Mariano Abarca jug\u00f3 un papel relevante en la organizaci\u00f3n contra las operaciones de la minera canadiense en Chicomuselo.<\/sup><\/em><\/figcaption><\/figure>\n<\/div>\n<p>El 5 de febrero de 2009, la Delegaci\u00f3n de la Profepa, en Chiapas, acepta la denuncia popular, presentada por Mariano Abarca Robledo y otros, por la contaminaci\u00f3n al ambiente generadas por la explotaci\u00f3n de la mina explotada por Blackfire Exploration, abri\u00e9ndose el expediente PFPA\/14.7\/2C.28.1\/0005-09.<\/p>\n<p>El 6 de noviembre de 2009, se presenta denuncia popular por las comunidades Nuevo Morelia, La Lucha, San Francisco Las Palmas y otras, del Municipio de Chicomuselo, Chiapas, contra la explotaci\u00f3n minera de la BlackFire Exploration. Fue recibida por la Delegaci\u00f3n de la Profepa, acordando su acumulaci\u00f3n a la denuncia presentada por la Delegaci\u00f3n de Semarnat (expediente PFPA\/14.7\/2C.28.2\/0017-09).<\/p>\n<p>REMA, en la \u00e9poca, hace el cuestionamiento: \u00bfQue hizo la delegaci\u00f3n Profepa durante nueve meses entre el 15 de enero, primera denuncia, y el 26 de noviembre del 2009, un d\u00eda antes del asesinato de Mariano Abarca? Y contesta: \u201cNada. Encubri\u00f3 a la minera canadiense Black Fire y nunca fue a verificar las violaciones denunciadas, sino hasta despu\u00e9s del asesinato\u201d.<\/p>\n<p class=\"has-vivid-cyan-blue-color has-text-color\">Te puede interesar \u2013 <a href=\"https:\/\/avispa.org\/asesinato-de-mariano-abarca-llega-a-la-corte-suprema-de-canada\/\" target=\"_blank\" rel=\"noreferrer noopener\">Asesinato de Mariano Abarca llega a la Corte Suprema de Canad\u00e1<\/a><\/p>\n<p>En los primeros d\u00edas de 2009, integr\u00f3 el expediente PFPA\/14.7\/2C.28.2\/0017-09, resultado de la denuncia de la Semarnat, y envi\u00f3 inspectores y dictamin\u00f3 la clausura temporal total de la mina, \u201cpor las graves irregularidades encontradas\u201d.<\/p>\n<p>Pese a que los \u201cinspectores verificaron irregularidades que constan en el expediente (PFPA\/14.7\/2C.28.2\/0017-09), lo m\u00e1s inaudito fue que Profepa emite un acuerdo, declarando que no existe irregularidad alguna por parte de la compa\u00f1\u00eda Blackfire. Es decir, que toda la afectaci\u00f3n encontradas y documentada por los propios Inspectores de la Profepa \u2014a trav\u00e9s de Actas, existentes en el expediente\u2014, la delegaci\u00f3n de la Profepa, las ignor\u00f3 por decir lo menos\u201d, se\u00f1ala Rema.<\/p>\n<p class=\"has-vivid-cyan-blue-color has-text-color\">Te puede interesar \u2013 <a href=\"https:\/\/avispa.org\/minera-cuzcatlan-con-licencia-para-contaminar\/\" target=\"_blank\" rel=\"noreferrer noopener\">Minera Cuzcatl\u00e1n: Con licencia para contaminar<\/a><\/p>\n<p>Para que la decisi\u00f3n \u201cno fuera descaradamente evidente\u201d, la Profepa sancion\u00f3 a la Blackfire Exploration. En el punto sexto del mismo Acuerdo, \u201cimpone una multa de $261,443.00 pesos por el derribamiento de \u00e1rboles en el camino de colindancia entre los ejidos Grecia y Nueva Morelia, \u201ccantidad que seguramente no represent\u00f3 ning\u00fan menoscabo en el patrimonio de la empresa, mucho menos le signific\u00f3 cambiar seriamente su pol\u00edtica extractiva\u201d.<\/p>\n<p>\u201cS\u00f3lo clausuraron temporalmente la mina como distracci\u00f3n, solapamiento e impunidad, y con el fin de hacer creer que efectivamente se atendi\u00f3 la denuncia popular, cuando en realidad, las resoluciones emitidas, tienen la intenci\u00f3n de eximir de toda responsabilidad a la Compa\u00f1\u00eda canadiense Blackfire\u201d, sostiene REMA.<\/p>\n<p>A la denuncia presentada por Mariano Abarca, \u201cnunca se dio seguimiento\u201d.<\/p>\n<p>\u201cLa indignaci\u00f3n, sigue guiando nuestra exigencia de castigo a los autores materiales e intelectuales de este asesinato, as\u00ed como de los funcionarios gubernamentales que, por actuaci\u00f3n u omisi\u00f3n, permitieron que, no obstante haber recibido denuncias populares por las graves violaciones a la normatividad ambiental de parte de la Compa\u00f1\u00eda canadiense Blackfire, no actuaran conforme a sus atribuciones. De haberlo hecho, nuestro compa\u00f1ero Mariano Abarca Robledo estar\u00eda con vida\u201d, finaliz\u00f3 REMA en su comunicado.<br \/>\n<\/p>","protected":false},"excerpt":{"rendered":"<p>Fuente: Avispa Midia Por Renata Bessi y Aldo Santiago Grupos armados incendiaron veh\u00edculos para bloquear v\u00edas carreteras durante enfrentamientos registrados el jueves 25 de mayo en la frontera sur de M\u00e9xico con Guatemala. Este jueves (25), en la zona sur de Chiapas, regi\u00f3n fronteriza entre M\u00e9xico y Guatemala, se registraron enfrenamientos entre integrantes del C\u00e1rtel [&hellip;]<\/p>\n","protected":false},"author":1,"featured_media":45220,"comment_status":"open","ping_status":"closed","sticky":false,"template":"","format":"standard","meta":{"footnotes":""},"categories":[6,826],"tags":[917,1061,198,137,912,511],"class_list":["post-45219","post","type-post","status-publish","format-standard","has-post-thumbnail","hentry","category-chiapas","category-medios-libres-2","tag-chiapas","tag-crimen-organizado","tag-impunidad","tag-mineria","tag-narcoestado","tag-violencia"],"_links":{"self":[{"href":"https:\/\/radiozapatista.org\/index.php?rest_route=\/wp\/v2\/posts\/45219","targetHints":{"allow":["GET"]}}],"collection":[{"href":"https:\/\/radiozapatista.org\/index.php?rest_route=\/wp\/v2\/posts"}],"about":[{"href":"https:\/\/radiozapatista.org\/index.php?rest_route=\/wp\/v2\/types\/post"}],"author":[{"embeddable":true,"href":"https:\/\/radiozapatista.org\/index.php?rest_route=\/wp\/v2\/users\/1"}],"replies":[{"embeddable":true,"href":"https:\/\/radiozapatista.org\/index.php?rest_route=%2Fwp%2Fv2%2Fcomments&post=45219"}],"version-history":[{"count":2,"href":"https:\/\/radiozapatista.org\/index.php?rest_route=\/wp\/v2\/posts\/45219\/revisions"}],"predecessor-version":[{"id":45222,"href":"https:\/\/radiozapatista.org\/index.php?rest_route=\/wp\/v2\/posts\/45219\/revisions\/45222"}],"wp:featuredmedia":[{"embeddable":true,"href":"https:\/\/radiozapatista.org\/index.php?rest_route=\/wp\/v2\/media\/45220"}],"wp:attachment":[{"href":"https:\/\/radiozapatista.org\/index.php?rest_route=%2Fwp%2Fv2%2Fmedia&parent=45219"}],"wp:term":[{"taxonomy":"category","embeddable":true,"href":"https:\/\/radiozapatista.org\/index.php?rest_route=%2Fwp%2Fv2%2Fcategories&post=45219"},{"taxonomy":"post_tag","embeddable":true,"href":"https:\/\/radiozapatista.org\/index.php?rest_route=%2Fwp%2Fv2%2Ftags&post=45219"}],"curies":[{"name":"wp","href":"https:\/\/api.w.org\/{rel}","templated":true}]}}